{"id":2020,"date":"2020-05-14T17:36:50","date_gmt":"2020-05-14T15:36:50","guid":{"rendered":"http:\/\/ticaspoderosas.com\/?p=2020"},"modified":"2020-05-14T18:10:40","modified_gmt":"2020-05-14T16:10:40","slug":"mamas-teletrabajo-covid-19-estres-por-las-nubes","status":"publish","type":"post","link":"http:\/\/ticaspoderosas.com\/index.php\/mamas-teletrabajo-covid-19-estres-por-las-nubes\/","title":{"rendered":"Mam\u00e1s + teletrabajo + COVID-19 = Estr\u00e9s por las nubes"},"content":{"rendered":"\n<p><strong>Mujeres que teletrabajan y son madres, unido al confinamiento actual, son las que soportan una mayor carga de estr\u00e9s, apunta estudio internacional.<\/strong><\/p>\n\n\n\n<h3><strong>Por: Fiorella Montoya<\/strong><\/h3>\n\n\n\n<p class=\"has-drop-cap\">La suma de maternidad, m\u00e1s teletrabajo, m\u00e1s el encierro que ha tra\u00eddo aparejado el COVID-19, nos da como resultado un incremento del estr\u00e9s: estas madres suman a su trabajo el hecho que ahora tambi\u00e9n vigilan y ayudan a sus hijos con los deberes escolares y, adem\u00e1s, deben encargarse de las tareas del hogar.&nbsp;<\/p>\n\n\n\n<p>El confinamiento ha conllevado en gran medida un cambio importante en la vida de las madres que est\u00e1n teletrabajando, con menores en la casa, incide un <strong><a href=\"https:\/\/www.uv.es\/uvweb\/uv-noticies\/es\/formats-periodistics\/opinion\/mujeres-menores-teletrabajan-soportan-mayor-parte-del-estres-del-confinamiento-1286012532756\/Novetat.html?id=1286127953796&amp;plantilla=UV_Noticies\/Page\/TPGDetaillNews\" target=\"_blank\" rel=\"noreferrer noopener\" aria-label=\" (abre en una nueva pesta\u00f1a)\">estudio realizado por la Universidad de Valencia<\/a><\/strong> (Espa\u00f1a).&nbsp;<\/p>\n\n\n\n<p>\u00abNo solamente se han visto recargadas con tareas dom\u00e9sticas y reproductivas que ya ten\u00edan porque ahora se han sumado las tareas de darles educaci\u00f3n a ni\u00f1os y ni\u00f1as y otros trabajos dom\u00e9sticos; se han duplicado en algunos casos el n\u00famero de horas que est\u00e1n dedicando las mujeres\u00bb, explica la soci\u00f3loga Monserrath Sagot.&nbsp;<\/p>\n\n\n\n<p>Situaci\u00f3n que evidencian quienes deben realizar teletrabajo y se le suma la carga de ayudar a sus hijos con sus respectivas tareas escolares.&nbsp;<\/p>\n\n\n\n<p>\u00abTodos los d\u00edas, cuando termin\u00f3 mi trabajo, empiezo con las tareas de mi hijo. Esto ha sido muy estresante, no tengo preparaci\u00f3n en ense\u00f1anza, no s\u00e9 c\u00f3mo hacerlo, ni cu\u00e1nto exigirle. Quisiera que avance pero no quiero que sentarse a hacer su tarea sea un momento estresante para \u00e9l\u00bb, cuenta Andrea, quien trabaja en servicios financieros y tiene un ni\u00f1o a punto de cumplir cuatro a\u00f1os, quien estos meses est\u00e1 recibiendo en l\u00ednea sus clases de k\u00ednder. <\/p>\n\n\n\n<p>\u201cHay que estar pendiente del desayuno, almuerzo, meriendas, si hizo la tarea, si se pudo conectar; por el otro lado: las reuniones, que no haya ruido\u2026 La carga de trabajo es estar pendiente de todo este mont\u00f3n de cosas que en la oficina damos por hechas que est\u00e1n controladas\u201d, cuenta Maureen Santill\u00e1n (34 a\u00f1os, mam\u00e1 de una ni\u00f1a de 8 a\u00f1os), quien est\u00e1 en el mundo de la publicidad.<\/p>\n\n\n\n<figure class=\"wp-block-image\"><img decoding=\"async\" loading=\"lazy\" width=\"1010\" height=\"1024\" src=\"http:\/\/ticaspoderosas.com\/wp-content\/uploads\/2020\/05\/MAUREEN-1010x1024.jpeg\" alt=\"\" class=\"wp-image-2021\" srcset=\"http:\/\/ticaspoderosas.com\/wp-content\/uploads\/2020\/05\/MAUREEN-1010x1024.jpeg 1010w, http:\/\/ticaspoderosas.com\/wp-content\/uploads\/2020\/05\/MAUREEN-296x300.jpeg 296w, http:\/\/ticaspoderosas.com\/wp-content\/uploads\/2020\/05\/MAUREEN-768x779.jpeg 768w, http:\/\/ticaspoderosas.com\/wp-content\/uploads\/2020\/05\/MAUREEN.jpeg 1262w\" sizes=\"(max-width: 1010px) 100vw, 1010px\" \/><figcaption> <br><strong>Maureen Santill\u00e1n afirma que extra\u00f1a ver a su familia. En la imagen, ayuda a su hija de ocho a\u00f1os con su tarea. <\/strong> <\/figcaption><\/figure>\n\n\n\n<p>Este tipo de carga, ha cambiado el diario vivir de muchas de las mujeres pues su rutina diaria antes del confinamiento era diferente y ahora sus preocupaciones tambi\u00e9n aumentan.&nbsp;<\/p>\n\n\n\n<p>\u00abMi d\u00eda empieza m\u00e1s temprano con mi hijo de diez a\u00f1os, luego trabajo y s\u00ed, me estoy acostando un poco m\u00e1s tarde porque tengo que&nbsp; interrumpir mi jornada varias veces para poder apoyarlo a \u00e9l con sus cosas de la escuela\u00bb, menciona Sof\u00eda Espinoza Tosi, quien trabaja para una firma de investigaci\u00f3n de mercados y que adem\u00e1s apunta a la dificultad a\u00f1adida de los cambios de rutina, que agregan un \u201cestr\u00e9s adicional, con sobrecarga de trabajo, porque cuando uno trabaja desde la casa tiene que ser muy riguroso con los horarios, porque el trabajo no se va\u201d<\/p>\n\n\n\n<p>El confinamiento no ha sido f\u00e1cil, ya que la carga aumenta y la sensaci\u00f3n de encierro tambi\u00e9n trae consecuencias.&nbsp;<\/p>\n\n\n\n<p>\u00abLos encierros, sobre todo en casas peque\u00f1as, el no poder salir o ir al parque incrementa la sensaci\u00f3n no solo de encierro sino de impotencia. Estar compartiendo el espacio con la familia sin que cada persona pueda al menos tener algo de privacidad\u00bb, a\u00f1ade Sagot.&nbsp;<br><\/p>\n\n\n\n<h2><strong>Carga de estr\u00e9s&nbsp;<\/strong><\/h2>\n\n\n\n<p>El cambio y la incertidumbre provoca tambi\u00e9n altos niveles de estr\u00e9s que traen consigo consecuencias durante el confinamiento.&nbsp;<\/p>\n\n\n\n<p>\u00abSe vuelve una especie de ciclo o rutina que le impide a esa persona dar el mismo rendimiento que antes, incluso por el desgaste mental que causa la situaci\u00f3n se pueden ver afectados otros factores emocionales, como el autoestima o el autovalor\u00bb, indic\u00f3 la psic\u00f3loga Mar\u00eda Jos\u00e9 Z\u00fa\u00f1iga.&nbsp;<\/p>\n\n\n\n<p>Varios indicadores han aumentado el estr\u00e9s, por ejemplo, las labores dom\u00e9sticas, su empleo, la situaci\u00f3n de pandemia y asumir la ense\u00f1anza desde casa.&nbsp;<\/p>\n\n\n\n<p>\u00abMi nivel de estr\u00e9s ha subido bastante, pensando en que tengo que salir, qu\u00e9 pasa con la escuela, el trabajo. No he variado mi horario pero nos hemos acostado m\u00e1s tarde\u00bb, afirma Maureen.&nbsp;<\/p>\n\n\n\n<p>Ante estas situaciones surge la interrogante: \u00bfQu\u00e9 hacer?.&nbsp;<\/p>\n\n\n\n<p>Z\u00fa\u00f1iga explica que \u00abes necesario comprender y aceptar que habr\u00e1n cosas que no sabr\u00e1n y no est\u00e1 en sus manos resolverlo. Una crisis es algo nuevo siempre para todas las personas, que desestabiliza y nos obliga a readaptarnos, por lo tanto habr\u00e1n momentos donde no sepan c\u00f3mo actuar o c\u00f3mo ayudar a sus hijos y est\u00e1 bien\u00bb.&nbsp;<\/p>\n\n\n\n<p>Y adem\u00e1s est\u00e1 el hecho de que los m\u00e1s peque\u00f1os, adem\u00e1s de todo, quieren jugar (en un \u00e1mbito adem\u00e1s en el que no pueden hacerlo con m\u00e1s gente) y las mam\u00e1s est\u00e1n cansadas por esta nueva rutina. \u201cNo es su culpa que haya m\u00e1s cosas que hacer en el mismo tiempo, \u00e9l tiene derecho a su rato de juego y lo reclama todos los d\u00edas, es su tiempo y es justo que lo tenga\u201d, incide Andrea.<\/p>\n\n\n\n<p>Las mujeres desde sus casas han adoptado cargas extras, que si bien asumen con amor tambi\u00e9n les ha perjudicado su diario vivir.&nbsp;<\/p>\n\n\n\n<p>Es por ello que una de las principales recomendaciones es que tambi\u00e9n puedan tener tiempo para \u00abtomar un caf\u00e9, ver televisi\u00f3n, leer, o simplemente no hacer nada, porque esos momentos son indispensables para seguir rindiendo y que el estr\u00e9s disminuya un poco\u00bb, finaliza Z\u00fa\u00f1iga.&nbsp;<\/p>\n\n\n\n<p>A pesar de la carga, muchas mujeres contin\u00faan dando lo mejor de s\u00ed afrontando la pandemia y tambi\u00e9n convirti\u00e9ndose en una fuerza social para continuar moviendo el pa\u00eds desde diversos \u00e1mbitos.&nbsp;<br><\/p>\n\n\n\n<p><br><\/p>\n","protected":false},"excerpt":{"rendered":"<p>Mujeres que teletrabajan y son madres, unido al confinamiento actual, son las que soportan una mayor carga de estr\u00e9s, apunta estudio internacional. Por: Fiorella Montoya La suma de maternidad, m\u00e1s teletrabajo, m\u00e1s el encierro que ha tra\u00eddo aparejado el COVID-19, nos da como resultado un incremento del estr\u00e9s: estas madres suman a su trabajo el [&hellip;]<\/p>\n","protected":false},"author":13,"featured_media":2022,"comment_status":"open","ping_status":"open","sticky":false,"template":"","format":"standard","meta":{"_links_to":"","_links_to_target":""},"categories":[393],"tags":[597,65,559,598,397,307],"yoast_head":"<!-- This site is optimized with the Yoast SEO plugin v20.2.1 - https:\/\/yoast.com\/wordpress\/plugins\/seo\/ -->\n<title>Mam\u00e1s + teletrabajo + COVID-19 = Estr\u00e9s por las nubes - Ticas poderosas<\/title>\n<meta name=\"robots\" content=\"index, follow, max-snippet:-1, max-image-preview:large, max-video-preview:-1\" \/>\n<link rel=\"canonical\" href=\"http:\/\/ticaspoderosas.com\/index.php\/mamas-teletrabajo-covid-19-estres-por-las-nubes\/\" \/>\n<meta property=\"og:locale\" content=\"es_ES\" \/>\n<meta property=\"og:type\" content=\"article\" \/>\n<meta property=\"og:title\" content=\"Mam\u00e1s + teletrabajo + COVID-19 = Estr\u00e9s por las nubes - Ticas poderosas\" \/>\n<meta property=\"og:description\" content=\"Mujeres que teletrabajan y son madres, unido al confinamiento actual, son las que soportan una mayor carga de estr\u00e9s, apunta estudio internacional. Por: Fiorella Montoya La suma de maternidad, m\u00e1s teletrabajo, m\u00e1s el encierro que ha tra\u00eddo aparejado el COVID-19, nos da como resultado un incremento del estr\u00e9s: estas madres suman a su trabajo el [&hellip;]\" \/>\n<meta property=\"og:url\" content=\"http:\/\/ticaspoderosas.com\/index.php\/mamas-teletrabajo-covid-19-estres-por-las-nubes\/\" \/>\n<meta property=\"og:site_name\" content=\"Ticas poderosas\" \/>\n<meta property=\"article:publisher\" content=\"https:\/\/www.facebook.com\/Ticas-Poderosas-117994322976683\" \/>\n<meta property=\"article:published_time\" content=\"2020-05-14T15:36:50+00:00\" \/>\n<meta property=\"article:modified_time\" content=\"2020-05-14T16:10:40+00:00\" \/>\n<meta property=\"og:image\" content=\"http:\/\/ticaspoderosas.com\/wp-content\/uploads\/2020\/05\/SOFIA.jpeg\" \/>\n\t<meta property=\"og:image:width\" content=\"1280\" \/>\n\t<meta property=\"og:image:height\" content=\"851\" \/>\n\t<meta property=\"og:image:type\" content=\"image\/jpeg\" \/>\n<meta name=\"author\" content=\"Gustavo Arias\" \/>\n<meta name=\"twitter:card\" content=\"summary_large_image\" \/>\n<script type=\"application\/ld+json\" class=\"yoast-schema-graph\">{\"@context\":\"https:\/\/schema.org\",\"@graph\":[{\"@type\":\"Article\",\"@id\":\"http:\/\/ticaspoderosas.com\/index.php\/mamas-teletrabajo-covid-19-estres-por-las-nubes\/#article\",\"isPartOf\":{\"@id\":\"http:\/\/ticaspoderosas.com\/index.php\/mamas-teletrabajo-covid-19-estres-por-las-nubes\/\"},\"author\":{\"name\":\"Gustavo Arias\",\"@id\":\"http:\/\/ticaspoderosas.com\/#\/schema\/person\/229e533909640ee5255dd80f78c969af\"},\"headline\":\"Mam\u00e1s + teletrabajo + COVID-19 = Estr\u00e9s por las nubes\",\"datePublished\":\"2020-05-14T15:36:50+00:00\",\"dateModified\":\"2020-05-14T16:10:40+00:00\",\"mainEntityOfPage\":{\"@id\":\"http:\/\/ticaspoderosas.com\/index.php\/mamas-teletrabajo-covid-19-estres-por-las-nubes\/\"},\"wordCount\":1024,\"commentCount\":0,\"publisher\":{\"@id\":\"http:\/\/ticaspoderosas.com\/#organization\"},\"keywords\":[\"confinamiento\",\"Costa Rica\",\"COVID-19\",\"estr\u00e9s\",\"maternidad\",\"Teletrabajo\"],\"articleSection\":[\"Reportajes\"],\"inLanguage\":\"es\",\"potentialAction\":[{\"@type\":\"CommentAction\",\"name\":\"Comment\",\"target\":[\"http:\/\/ticaspoderosas.com\/index.php\/mamas-teletrabajo-covid-19-estres-por-las-nubes\/#respond\"]}]},{\"@type\":\"WebPage\",\"@id\":\"http:\/\/ticaspoderosas.com\/index.php\/mamas-teletrabajo-covid-19-estres-por-las-nubes\/\",\"url\":\"http:\/\/ticaspoderosas.com\/index.php\/mamas-teletrabajo-covid-19-estres-por-las-nubes\/\",\"name\":\"Mam\u00e1s + teletrabajo + COVID-19 = Estr\u00e9s por las nubes - Ticas poderosas\",\"isPartOf\":{\"@id\":\"http:\/\/ticaspoderosas.com\/#website\"},\"datePublished\":\"2020-05-14T15:36:50+00:00\",\"dateModified\":\"2020-05-14T16:10:40+00:00\",\"breadcrumb\":{\"@id\":\"http:\/\/ticaspoderosas.com\/index.php\/mamas-teletrabajo-covid-19-estres-por-las-nubes\/#breadcrumb\"},\"inLanguage\":\"es\",\"potentialAction\":[{\"@type\":\"ReadAction\",\"target\":[\"http:\/\/ticaspoderosas.com\/index.php\/mamas-teletrabajo-covid-19-estres-por-las-nubes\/\"]}]},{\"@type\":\"BreadcrumbList\",\"@id\":\"http:\/\/ticaspoderosas.com\/index.php\/mamas-teletrabajo-covid-19-estres-por-las-nubes\/#breadcrumb\",\"itemListElement\":[{\"@type\":\"ListItem\",\"position\":1,\"name\":\"Portada\",\"item\":\"http:\/\/ticaspoderosas.com\/\"},{\"@type\":\"ListItem\",\"position\":2,\"name\":\"Mam\u00e1s + teletrabajo + COVID-19 = Estr\u00e9s por las nubes\"}]},{\"@type\":\"WebSite\",\"@id\":\"http:\/\/ticaspoderosas.com\/#website\",\"url\":\"http:\/\/ticaspoderosas.com\/\",\"name\":\"Ticas Poderosas\",\"description\":\"Plataforma multimedia\",\"publisher\":{\"@id\":\"http:\/\/ticaspoderosas.com\/#organization\"},\"potentialAction\":[{\"@type\":\"SearchAction\",\"target\":{\"@type\":\"EntryPoint\",\"urlTemplate\":\"http:\/\/ticaspoderosas.com\/?s={search_term_string}\"},\"query-input\":\"required name=search_term_string\"}],\"inLanguage\":\"es\"},{\"@type\":\"Organization\",\"@id\":\"http:\/\/ticaspoderosas.com\/#organization\",\"name\":\"Ticas Poderosas\",\"url\":\"http:\/\/ticaspoderosas.com\/\",\"logo\":{\"@type\":\"ImageObject\",\"inLanguage\":\"es\",\"@id\":\"http:\/\/ticaspoderosas.com\/#\/schema\/logo\/image\/\",\"url\":\"http:\/\/ticaspoderosas.com\/wp-content\/uploads\/2016\/09\/ticas.png\",\"contentUrl\":\"http:\/\/ticaspoderosas.com\/wp-content\/uploads\/2016\/09\/ticas.png\",\"width\":180,\"height\":180,\"caption\":\"Ticas Poderosas\"},\"image\":{\"@id\":\"http:\/\/ticaspoderosas.com\/#\/schema\/logo\/image\/\"},\"sameAs\":[\"https:\/\/www.facebook.com\/Ticas-Poderosas-117994322976683\",\"https:\/\/www.instagram.com\/ticaspoderosas\/\"]},{\"@type\":\"Person\",\"@id\":\"http:\/\/ticaspoderosas.com\/#\/schema\/person\/229e533909640ee5255dd80f78c969af\",\"name\":\"Gustavo Arias\",\"image\":{\"@type\":\"ImageObject\",\"inLanguage\":\"es\",\"@id\":\"http:\/\/ticaspoderosas.com\/#\/schema\/person\/image\/\",\"url\":\"http:\/\/1.gravatar.com\/avatar\/741d3124c89fb458b3a98303915a0ec1?s=96&d=mm&r=g\",\"contentUrl\":\"http:\/\/1.gravatar.com\/avatar\/741d3124c89fb458b3a98303915a0ec1?s=96&d=mm&r=g\",\"caption\":\"Gustavo Arias\"}}]}<\/script>\n<!-- \/ Yoast SEO plugin. -->","yoast_head_json":{"title":"Mam\u00e1s + teletrabajo + COVID-19 = Estr\u00e9s por las nubes - Ticas poderosas","robots":{"index":"index","follow":"follow","max-snippet":"max-snippet:-1","max-image-preview":"max-image-preview:large","max-video-preview":"max-video-preview:-1"},"canonical":"http:\/\/ticaspoderosas.com\/index.php\/mamas-teletrabajo-covid-19-estres-por-las-nubes\/","og_locale":"es_ES","og_type":"article","og_title":"Mam\u00e1s + teletrabajo + COVID-19 = Estr\u00e9s por las nubes - Ticas poderosas","og_description":"Mujeres que teletrabajan y son madres, unido al confinamiento actual, son las que soportan una mayor carga de estr\u00e9s, apunta estudio internacional. Por: Fiorella Montoya La suma de maternidad, m\u00e1s teletrabajo, m\u00e1s el encierro que ha tra\u00eddo aparejado el COVID-19, nos da como resultado un incremento del estr\u00e9s: estas madres suman a su trabajo el [&hellip;]","og_url":"http:\/\/ticaspoderosas.com\/index.php\/mamas-teletrabajo-covid-19-estres-por-las-nubes\/","og_site_name":"Ticas poderosas","article_publisher":"https:\/\/www.facebook.com\/Ticas-Poderosas-117994322976683","article_published_time":"2020-05-14T15:36:50+00:00","article_modified_time":"2020-05-14T16:10:40+00:00","og_image":[{"width":1280,"height":851,"url":"http:\/\/ticaspoderosas.com\/wp-content\/uploads\/2020\/05\/SOFIA.jpeg","type":"image\/jpeg"}],"author":"Gustavo Arias","twitter_card":"summary_large_image","schema":{"@context":"https:\/\/schema.org","@graph":[{"@type":"Article","@id":"http:\/\/ticaspoderosas.com\/index.php\/mamas-teletrabajo-covid-19-estres-por-las-nubes\/#article","isPartOf":{"@id":"http:\/\/ticaspoderosas.com\/index.php\/mamas-teletrabajo-covid-19-estres-por-las-nubes\/"},"author":{"name":"Gustavo Arias","@id":"http:\/\/ticaspoderosas.com\/#\/schema\/person\/229e533909640ee5255dd80f78c969af"},"headline":"Mam\u00e1s + teletrabajo + COVID-19 = Estr\u00e9s por las nubes","datePublished":"2020-05-14T15:36:50+00:00","dateModified":"2020-05-14T16:10:40+00:00","mainEntityOfPage":{"@id":"http:\/\/ticaspoderosas.com\/index.php\/mamas-teletrabajo-covid-19-estres-por-las-nubes\/"},"wordCount":1024,"commentCount":0,"publisher":{"@id":"http:\/\/ticaspoderosas.com\/#organization"},"keywords":["confinamiento","Costa Rica","COVID-19","estr\u00e9s","maternidad","Teletrabajo"],"articleSection":["Reportajes"],"inLanguage":"es","potentialAction":[{"@type":"CommentAction","name":"Comment","target":["http:\/\/ticaspoderosas.com\/index.php\/mamas-teletrabajo-covid-19-estres-por-las-nubes\/#respond"]}]},{"@type":"WebPage","@id":"http:\/\/ticaspoderosas.com\/index.php\/mamas-teletrabajo-covid-19-estres-por-las-nubes\/","url":"http:\/\/ticaspoderosas.com\/index.php\/mamas-teletrabajo-covid-19-estres-por-las-nubes\/","name":"Mam\u00e1s + teletrabajo + COVID-19 = Estr\u00e9s por las nubes - Ticas poderosas","isPartOf":{"@id":"http:\/\/ticaspoderosas.com\/#website"},"datePublished":"2020-05-14T15:36:50+00:00","dateModified":"2020-05-14T16:10:40+00:00","breadcrumb":{"@id":"http:\/\/ticaspoderosas.com\/index.php\/mamas-teletrabajo-covid-19-estres-por-las-nubes\/#breadcrumb"},"inLanguage":"es","potentialAction":[{"@type":"ReadAction","target":["http:\/\/ticaspoderosas.com\/index.php\/mamas-teletrabajo-covid-19-estres-por-las-nubes\/"]}]},{"@type":"BreadcrumbList","@id":"http:\/\/ticaspoderosas.com\/index.php\/mamas-teletrabajo-covid-19-estres-por-las-nubes\/#breadcrumb","itemListElement":[{"@type":"ListItem","position":1,"name":"Portada","item":"http:\/\/ticaspoderosas.com\/"},{"@type":"ListItem","position":2,"name":"Mam\u00e1s + teletrabajo + COVID-19 = Estr\u00e9s por las nubes"}]},{"@type":"WebSite","@id":"http:\/\/ticaspoderosas.com\/#website","url":"http:\/\/ticaspoderosas.com\/","name":"Ticas Poderosas","description":"Plataforma multimedia","publisher":{"@id":"http:\/\/ticaspoderosas.com\/#organization"},"potentialAction":[{"@type":"SearchAction","target":{"@type":"EntryPoint","urlTemplate":"http:\/\/ticaspoderosas.com\/?s={search_term_string}"},"query-input":"required name=search_term_string"}],"inLanguage":"es"},{"@type":"Organization","@id":"http:\/\/ticaspoderosas.com\/#organization","name":"Ticas Poderosas","url":"http:\/\/ticaspoderosas.com\/","logo":{"@type":"ImageObject","inLanguage":"es","@id":"http:\/\/ticaspoderosas.com\/#\/schema\/logo\/image\/","url":"http:\/\/ticaspoderosas.com\/wp-content\/uploads\/2016\/09\/ticas.png","contentUrl":"http:\/\/ticaspoderosas.com\/wp-content\/uploads\/2016\/09\/ticas.png","width":180,"height":180,"caption":"Ticas Poderosas"},"image":{"@id":"http:\/\/ticaspoderosas.com\/#\/schema\/logo\/image\/"},"sameAs":["https:\/\/www.facebook.com\/Ticas-Poderosas-117994322976683","https:\/\/www.instagram.com\/ticaspoderosas\/"]},{"@type":"Person","@id":"http:\/\/ticaspoderosas.com\/#\/schema\/person\/229e533909640ee5255dd80f78c969af","name":"Gustavo Arias","image":{"@type":"ImageObject","inLanguage":"es","@id":"http:\/\/ticaspoderosas.com\/#\/schema\/person\/image\/","url":"http:\/\/1.gravatar.com\/avatar\/741d3124c89fb458b3a98303915a0ec1?s=96&d=mm&r=g","contentUrl":"http:\/\/1.gravatar.com\/avatar\/741d3124c89fb458b3a98303915a0ec1?s=96&d=mm&r=g","caption":"Gustavo Arias"}}]}},"_links":{"self":[{"href":"http:\/\/ticaspoderosas.com\/index.php\/wp-json\/wp\/v2\/posts\/2020"}],"collection":[{"href":"http:\/\/ticaspoderosas.com\/index.php\/wp-json\/wp\/v2\/posts"}],"about":[{"href":"http:\/\/ticaspoderosas.com\/index.php\/wp-json\/wp\/v2\/types\/post"}],"author":[{"embeddable":true,"href":"http:\/\/ticaspoderosas.com\/index.php\/wp-json\/wp\/v2\/users\/13"}],"replies":[{"embeddable":true,"href":"http:\/\/ticaspoderosas.com\/index.php\/wp-json\/wp\/v2\/comments?post=2020"}],"version-history":[{"count":5,"href":"http:\/\/ticaspoderosas.com\/index.php\/wp-json\/wp\/v2\/posts\/2020\/revisions"}],"predecessor-version":[{"id":2028,"href":"http:\/\/ticaspoderosas.com\/index.php\/wp-json\/wp\/v2\/posts\/2020\/revisions\/2028"}],"wp:featuredmedia":[{"embeddable":true,"href":"http:\/\/ticaspoderosas.com\/index.php\/wp-json\/wp\/v2\/media\/2022"}],"wp:attachment":[{"href":"http:\/\/ticaspoderosas.com\/index.php\/wp-json\/wp\/v2\/media?parent=2020"}],"wp:term":[{"taxonomy":"category","embeddable":true,"href":"http:\/\/ticaspoderosas.com\/index.php\/wp-json\/wp\/v2\/categories?post=2020"},{"taxonomy":"post_tag","embeddable":true,"href":"http:\/\/ticaspoderosas.com\/index.php\/wp-json\/wp\/v2\/tags?post=2020"}],"curies":[{"name":"wp","href":"https:\/\/api.w.org\/{rel}","templated":true}]}}