{"id":2108,"date":"2020-07-15T01:32:50","date_gmt":"2020-07-14T23:32:50","guid":{"rendered":"http:\/\/ticaspoderosas.com\/?p=2108"},"modified":"2020-07-15T02:09:44","modified_gmt":"2020-07-15T00:09:44","slug":"cero-tolerancia-al-acoso-gana-costa-rica","status":"publish","type":"post","link":"http:\/\/ticaspoderosas.com\/index.php\/cero-tolerancia-al-acoso-gana-costa-rica\/","title":{"rendered":"\u00a1Cero tolerancia al acoso! Gana Costa Rica"},"content":{"rendered":"\n<p><strong>Ley Contra el Acoso Sexual Callejero pas\u00f3 segundo debate en Asamblea Legislativa y regir\u00e1 una vez la firme el Ejecutivo y sea publicada en la Gaceta.<\/strong> <strong>Es un triunfo m\u00e1s en la lucha feminista de nuestro pa\u00eds.<\/strong><\/p>\n\n\n\n<h3><strong>Por: Fiorella Montoya<\/strong><\/h3>\n\n\n\n<p class=\"has-drop-cap\">Ya no habr\u00e1 impunidad, ya no podr\u00e1n huir; ahora las mujeres podr\u00e1n hacer m\u00e1s que utilizar el teclado de su celular para denunciar o llorar con sus amigas luego de una situaci\u00f3n de acoso. La lucha feminista obtuvo un logro, una protecci\u00f3n a sus derechos y sobre todo el alto al acoso mediante los mecanismos legales.<\/p>\n\n\n\n<p>Este martes, la Asamblea Legislativa vot\u00f3 la Ley Contra el Acoso Sexual Callejero en segundo debate; tras algunos problemas en las dos primeras votaciones, fue (por fin) a la tercera cuando los 48 diputados y diputadas presentes votaron para ponerle un alto a esta conducta considerada como violencia hacia la mujer.<\/p>\n\n\n\n<p>\u201cAhora pasa al Ejecutivo para su firma y publicaci\u00f3n. Da un mensaje contundente a nuestra poblaci\u00f3n y es que el acoso sexual callejero es inaceptable en nuestra sociedad, es una conducta que ahora se tipifica como delito porque viene a afectar a las personas, pero principalmente a las mujeres j\u00f3venes y a las ni\u00f1as en su derecho a la libertad, seguridad e integridad\u201d, dijo la diputada Nielsen P\u00e9rez, del oficialista Acci\u00f3n Ciudadana (PAC).<\/p>\n\n\n\n<p>La mitad de la poblaci\u00f3n celebra la nueva ley, ya que tiene un gran significado a la hora de salir a las calles.<\/p>\n\n\n\n<h3><strong>Lea tambi\u00e9n: <a href=\"http:\/\/ticaspoderosas.com\/index.php\/paso-adelante-para-ganar-al-acoso-callejero-en-costa-rica\/\" target=\"_blank\" rel=\"noreferrer noopener\">Paso adelante para ganar al acoso callejero en Costa Rica<\/a><\/strong><\/h3>\n\n\n\n<p>\u201cLas mujeres dejaremos de sufrir violencia en los espacios p\u00fablicos en total impunidad. Finalmente, el Estado reconoce que las diferentes manifestaciones de acoso sexual callejero son violencia y que debe actuar al respecto, brindarnos acceso a la justicia y proteger nuestra dignidad y derechos. Significa que apenas el Presidente de la Rep\u00fablica firme la ley y se publique, podemos acudir al <a href=\"https:\/\/www.poder-judicial.go.cr\/oij\" target=\"_blank\" rel=\"noreferrer noopener\"><strong>Organismo de Investigaci\u00f3n Judicial<\/strong><\/a> y tienen que investigar, adem\u00e1s significa un paso m\u00e1s hacia la igualdad\u201d, explic\u00f3 Amanda Segura, abogada del <a href=\"https:\/\/www.inamu.go.cr\/\" target=\"_blank\" rel=\"noreferrer noopener\"><strong>Instituto Nacional de las Mujeres (Inamu)<\/strong><\/a> y activista feminista.<\/p>\n\n\n\n<p>\u201cSon realidades que dejan secuelas para siempre y que no eran castigadas(&#8230;) hoy decimos con esta ley: es importante la seguridad. El feminismo es la lucha por la igualdad\u201d, dijo Laura Guido (diputada de Acci\u00f3n Ciudadana por Cartago) en su intervenci\u00f3n.<\/p>\n\n\n\n<figure class=\"wp-block-image size-large\"><img decoding=\"async\" loading=\"lazy\" width=\"720\" height=\"960\" src=\"http:\/\/ticaspoderosas.com\/wp-content\/uploads\/2020\/07\/foto-acoso2.jpeg\" alt=\"\" class=\"wp-image-2109\" srcset=\"http:\/\/ticaspoderosas.com\/wp-content\/uploads\/2020\/07\/foto-acoso2.jpeg 720w, http:\/\/ticaspoderosas.com\/wp-content\/uploads\/2020\/07\/foto-acoso2-225x300.jpeg 225w\" sizes=\"(max-width: 720px) 100vw, 720px\" \/><figcaption>&nbsp;<strong>Feministas decidieron renombrar algunas calles con los nombres de los diputados que enviaron a consulta el proyecto de ley pero la Sala Constitucional mencion\u00f3 que no ten\u00eda vicios de inconstitucionalidad. (Foto: Facebook Acci\u00f3n Respeto CR).<\/strong><br><\/figcaption><\/figure>\n\n\n\n<h2><strong>El triunfo de los colectivos, las mujeres y el feminismo<\/strong><\/h2>\n\n\n\n<p>\u201cLa ley es un gran logro y eso simplemente marca un precedente de lo que podemos lograr las colectivas feministas cuando trabajamos juntas y de manera personal creo que esto es un golpe directo al patriarcado en el cual socialmente le decimos a las personas que no nos van a hacer para atr\u00e1s y que estamos construyendo una sociedad diferente\u201d, mencion\u00f3 Alejandra Arguedas quien es parte del movimiento feminista <a href=\"https:\/\/www.facebook.com\/accion.respeto.cr\/\" target=\"_blank\" rel=\"noreferrer noopener\"><strong>Acci\u00f3n Respeto CR<\/strong><\/a>.<\/p>\n\n\n\n<p>Incluso estuvieron muy cerca de la redacci\u00f3n del proyecto de ley y encabezaron diversas iniciativas en contra del acoso callejero: desde carteles en las calles, capacitaciones en cuanto a igualdad y violencia, as\u00ed como un plan piloto en los bares del pa\u00eds previniendo sobre los casos de violaciones en estos espacios. Y hoy celebran que todas esas acciones contribuyen y enaltecen la lucha feminista.<\/p>\n\n\n\n<p>\u00abEste proyecto de ley no nos pertenece a nosotros, les pertenece a todas esas chicas que se hartaron. Ojal\u00e1 la clase pol\u00edtica de este pa\u00eds se acostumbre a la palabra feminismo y feminista, la van a escuchar mucho\u201d, dijo contundentemente la diputada Paola Vega, tambi\u00e9n del PAC.<\/p>\n\n\n\n<figure class=\"wp-block-image size-large\"><img decoding=\"async\" loading=\"lazy\" width=\"940\" height=\"788\" src=\"http:\/\/ticaspoderosas.com\/wp-content\/uploads\/2020\/06\/Ley-contra-el-acoso-Qu\u00e9-es_.jpg\" alt=\"\" class=\"wp-image-2059\" srcset=\"http:\/\/ticaspoderosas.com\/wp-content\/uploads\/2020\/06\/Ley-contra-el-acoso-Qu\u00e9-es_.jpg 940w, http:\/\/ticaspoderosas.com\/wp-content\/uploads\/2020\/06\/Ley-contra-el-acoso-Qu\u00e9-es_-300x251.jpg 300w, http:\/\/ticaspoderosas.com\/wp-content\/uploads\/2020\/06\/Ley-contra-el-acoso-Qu\u00e9-es_-768x644.jpg 768w\" sizes=\"(max-width: 940px) 100vw, 940px\" \/><\/figure>\n\n\n\n<h2><strong>Contando sus historias a los diputados<\/strong><\/h2>\n\n\n\n<p>Las mujeres no se hacen feministas por la historia de otras, sino por su propia historia. Esto se reflej\u00f3 en los m\u00e1s de 50 correos que llegaron a numerosos diputados con diversos testimonios de acoso.<\/p>\n\n\n\n<p>\u201cSon historias que deber\u00edan ser denuncias, todo era por el tema de que muchas veces se habla de la violencia contra la mujer y en este caso del acoso sexual callejero, que es dif\u00edcil que vos entend\u00e1s lo que es cuando no lo has sufrido (\u2026) Parte de visibilizar esas historias es como transportar a las personas y hacerles entender desde un punto emp\u00e1tico y con amor lo que puede significar la violencia para una persona en espec\u00edfico\u201d,&nbsp; dijo Arguedas.<\/p>\n\n\n\n<p>Ahora, el proyecto luego de las dos votaciones favorables en la Asamblea Legislativa debe ser firmada por el Ejecutivo y ser publicada en La Gaceta. Sin embargo, desde ahora el panorama es diferente.<\/p>\n\n\n\n<p>\u201cCambia el panorama en cuanto la responsabilidad estatal, as\u00ed como simb\u00f3lica y legalmente se le brinda la categor\u00eda de delito a estas formas de violencia, adem\u00e1s, cambia en el sentido de que las mujeres ahora podemos denunciar institucionalmente y el Estado debe actuar. Otro cambio en el panorama es posicionar legal y socialmente que nuestra dignidad, integridad, tranquilidad y derecho a la ciudad importan. Es un paso m\u00e1s a que las mujeres podamos apropiarnos del espacio p\u00fablico, tendremos v\u00edas legales si sufrimos acoso sexual callejero, no quedar\u00e1 en la impunidad\u201d, a\u00f1adi\u00f3 Segura.<\/p>\n\n\n\n<p>La lucha feminista gan\u00f3 hoy, pero a\u00fan queda camino por recorrer ya que en el futuro esperan capacitaciones, el cumplimiento de ley y entendimiento de los mecanismos de denuncia. El sentimiento de salir a la calle libres y seguras puede ser diferente ya que esta vez habr\u00e1 cero tolerancia al acoso.<\/p>\n","protected":false},"excerpt":{"rendered":"<p>Ley Contra el Acoso Sexual Callejero pas\u00f3 segundo debate en Asamblea Legislativa y regir\u00e1 una vez la firme el Ejecutivo y sea publicada en la Gaceta. Es un triunfo m\u00e1s en la lucha feminista de nuestro pa\u00eds. Por: Fiorella Montoya Ya no habr\u00e1 impunidad, ya no podr\u00e1n huir; ahora las mujeres podr\u00e1n hacer m\u00e1s que [&hellip;]<\/p>\n","protected":false},"author":13,"featured_media":2110,"comment_status":"open","ping_status":"open","sticky":false,"template":"","format":"standard","meta":{"_links_to":"","_links_to_target":""},"categories":[393],"tags":[65,419,401,518,637,638],"yoast_head":"<!-- This site is optimized with the Yoast SEO plugin v20.2.1 - https:\/\/yoast.com\/wordpress\/plugins\/seo\/ -->\n<title>\u00a1Cero tolerancia al acoso! Gana Costa Rica - Ticas poderosas<\/title>\n<meta name=\"robots\" content=\"index, follow, max-snippet:-1, max-image-preview:large, max-video-preview:-1\" \/>\n<link rel=\"canonical\" href=\"http:\/\/ticaspoderosas.com\/index.php\/cero-tolerancia-al-acoso-gana-costa-rica\/\" \/>\n<meta property=\"og:locale\" content=\"es_ES\" \/>\n<meta property=\"og:type\" content=\"article\" \/>\n<meta property=\"og:title\" content=\"\u00a1Cero tolerancia al acoso! Gana Costa Rica - Ticas poderosas\" \/>\n<meta property=\"og:description\" content=\"Ley Contra el Acoso Sexual Callejero pas\u00f3 segundo debate en Asamblea Legislativa y regir\u00e1 una vez la firme el Ejecutivo y sea publicada en la Gaceta. Es un triunfo m\u00e1s en la lucha feminista de nuestro pa\u00eds. Por: Fiorella Montoya Ya no habr\u00e1 impunidad, ya no podr\u00e1n huir; ahora las mujeres podr\u00e1n hacer m\u00e1s que [&hellip;]\" \/>\n<meta property=\"og:url\" content=\"http:\/\/ticaspoderosas.com\/index.php\/cero-tolerancia-al-acoso-gana-costa-rica\/\" \/>\n<meta property=\"og:site_name\" content=\"Ticas poderosas\" \/>\n<meta property=\"article:publisher\" content=\"https:\/\/www.facebook.com\/Ticas-Poderosas-117994322976683\" \/>\n<meta property=\"article:published_time\" content=\"2020-07-14T23:32:50+00:00\" \/>\n<meta property=\"article:modified_time\" content=\"2020-07-15T00:09:44+00:00\" \/>\n<meta property=\"og:image\" content=\"http:\/\/ticaspoderosas.com\/wp-content\/uploads\/2020\/07\/foto-acoso1.jpeg\" \/>\n\t<meta property=\"og:image:width\" content=\"720\" \/>\n\t<meta property=\"og:image:height\" content=\"405\" \/>\n\t<meta property=\"og:image:type\" content=\"image\/jpeg\" \/>\n<meta name=\"author\" content=\"Gustavo Arias\" \/>\n<meta name=\"twitter:card\" content=\"summary_large_image\" \/>\n<script type=\"application\/ld+json\" class=\"yoast-schema-graph\">{\"@context\":\"https:\/\/schema.org\",\"@graph\":[{\"@type\":\"Article\",\"@id\":\"http:\/\/ticaspoderosas.com\/index.php\/cero-tolerancia-al-acoso-gana-costa-rica\/#article\",\"isPartOf\":{\"@id\":\"http:\/\/ticaspoderosas.com\/index.php\/cero-tolerancia-al-acoso-gana-costa-rica\/\"},\"author\":{\"name\":\"Gustavo Arias\",\"@id\":\"http:\/\/ticaspoderosas.com\/#\/schema\/person\/229e533909640ee5255dd80f78c969af\"},\"headline\":\"\u00a1Cero tolerancia al acoso! Gana Costa Rica\",\"datePublished\":\"2020-07-14T23:32:50+00:00\",\"dateModified\":\"2020-07-15T00:09:44+00:00\",\"mainEntityOfPage\":{\"@id\":\"http:\/\/ticaspoderosas.com\/index.php\/cero-tolerancia-al-acoso-gana-costa-rica\/\"},\"wordCount\":963,\"commentCount\":0,\"publisher\":{\"@id\":\"http:\/\/ticaspoderosas.com\/#organization\"},\"keywords\":[\"Costa Rica\",\"equidad\",\"Feminismo\",\"INamu\",\"Ley Contra el Acoso Callejero\",\"OIJ\"],\"articleSection\":[\"Reportajes\"],\"inLanguage\":\"es\",\"potentialAction\":[{\"@type\":\"CommentAction\",\"name\":\"Comment\",\"target\":[\"http:\/\/ticaspoderosas.com\/index.php\/cero-tolerancia-al-acoso-gana-costa-rica\/#respond\"]}]},{\"@type\":\"WebPage\",\"@id\":\"http:\/\/ticaspoderosas.com\/index.php\/cero-tolerancia-al-acoso-gana-costa-rica\/\",\"url\":\"http:\/\/ticaspoderosas.com\/index.php\/cero-tolerancia-al-acoso-gana-costa-rica\/\",\"name\":\"\u00a1Cero tolerancia al acoso! Gana Costa Rica - Ticas poderosas\",\"isPartOf\":{\"@id\":\"http:\/\/ticaspoderosas.com\/#website\"},\"datePublished\":\"2020-07-14T23:32:50+00:00\",\"dateModified\":\"2020-07-15T00:09:44+00:00\",\"breadcrumb\":{\"@id\":\"http:\/\/ticaspoderosas.com\/index.php\/cero-tolerancia-al-acoso-gana-costa-rica\/#breadcrumb\"},\"inLanguage\":\"es\",\"potentialAction\":[{\"@type\":\"ReadAction\",\"target\":[\"http:\/\/ticaspoderosas.com\/index.php\/cero-tolerancia-al-acoso-gana-costa-rica\/\"]}]},{\"@type\":\"BreadcrumbList\",\"@id\":\"http:\/\/ticaspoderosas.com\/index.php\/cero-tolerancia-al-acoso-gana-costa-rica\/#breadcrumb\",\"itemListElement\":[{\"@type\":\"ListItem\",\"position\":1,\"name\":\"Portada\",\"item\":\"http:\/\/ticaspoderosas.com\/\"},{\"@type\":\"ListItem\",\"position\":2,\"name\":\"\u00a1Cero tolerancia al acoso! Gana Costa Rica\"}]},{\"@type\":\"WebSite\",\"@id\":\"http:\/\/ticaspoderosas.com\/#website\",\"url\":\"http:\/\/ticaspoderosas.com\/\",\"name\":\"Ticas Poderosas\",\"description\":\"Plataforma multimedia\",\"publisher\":{\"@id\":\"http:\/\/ticaspoderosas.com\/#organization\"},\"potentialAction\":[{\"@type\":\"SearchAction\",\"target\":{\"@type\":\"EntryPoint\",\"urlTemplate\":\"http:\/\/ticaspoderosas.com\/?s={search_term_string}\"},\"query-input\":\"required name=search_term_string\"}],\"inLanguage\":\"es\"},{\"@type\":\"Organization\",\"@id\":\"http:\/\/ticaspoderosas.com\/#organization\",\"name\":\"Ticas Poderosas\",\"url\":\"http:\/\/ticaspoderosas.com\/\",\"logo\":{\"@type\":\"ImageObject\",\"inLanguage\":\"es\",\"@id\":\"http:\/\/ticaspoderosas.com\/#\/schema\/logo\/image\/\",\"url\":\"http:\/\/ticaspoderosas.com\/wp-content\/uploads\/2016\/09\/ticas.png\",\"contentUrl\":\"http:\/\/ticaspoderosas.com\/wp-content\/uploads\/2016\/09\/ticas.png\",\"width\":180,\"height\":180,\"caption\":\"Ticas Poderosas\"},\"image\":{\"@id\":\"http:\/\/ticaspoderosas.com\/#\/schema\/logo\/image\/\"},\"sameAs\":[\"https:\/\/www.facebook.com\/Ticas-Poderosas-117994322976683\",\"https:\/\/www.instagram.com\/ticaspoderosas\/\"]},{\"@type\":\"Person\",\"@id\":\"http:\/\/ticaspoderosas.com\/#\/schema\/person\/229e533909640ee5255dd80f78c969af\",\"name\":\"Gustavo Arias\",\"image\":{\"@type\":\"ImageObject\",\"inLanguage\":\"es\",\"@id\":\"http:\/\/ticaspoderosas.com\/#\/schema\/person\/image\/\",\"url\":\"http:\/\/1.gravatar.com\/avatar\/741d3124c89fb458b3a98303915a0ec1?s=96&d=mm&r=g\",\"contentUrl\":\"http:\/\/1.gravatar.com\/avatar\/741d3124c89fb458b3a98303915a0ec1?s=96&d=mm&r=g\",\"caption\":\"Gustavo Arias\"}}]}<\/script>\n<!-- \/ Yoast SEO plugin. -->","yoast_head_json":{"title":"\u00a1Cero tolerancia al acoso! Gana Costa Rica - Ticas poderosas","robots":{"index":"index","follow":"follow","max-snippet":"max-snippet:-1","max-image-preview":"max-image-preview:large","max-video-preview":"max-video-preview:-1"},"canonical":"http:\/\/ticaspoderosas.com\/index.php\/cero-tolerancia-al-acoso-gana-costa-rica\/","og_locale":"es_ES","og_type":"article","og_title":"\u00a1Cero tolerancia al acoso! Gana Costa Rica - Ticas poderosas","og_description":"Ley Contra el Acoso Sexual Callejero pas\u00f3 segundo debate en Asamblea Legislativa y regir\u00e1 una vez la firme el Ejecutivo y sea publicada en la Gaceta. Es un triunfo m\u00e1s en la lucha feminista de nuestro pa\u00eds. Por: Fiorella Montoya Ya no habr\u00e1 impunidad, ya no podr\u00e1n huir; ahora las mujeres podr\u00e1n hacer m\u00e1s que [&hellip;]","og_url":"http:\/\/ticaspoderosas.com\/index.php\/cero-tolerancia-al-acoso-gana-costa-rica\/","og_site_name":"Ticas poderosas","article_publisher":"https:\/\/www.facebook.com\/Ticas-Poderosas-117994322976683","article_published_time":"2020-07-14T23:32:50+00:00","article_modified_time":"2020-07-15T00:09:44+00:00","og_image":[{"width":720,"height":405,"url":"http:\/\/ticaspoderosas.com\/wp-content\/uploads\/2020\/07\/foto-acoso1.jpeg","type":"image\/jpeg"}],"author":"Gustavo Arias","twitter_card":"summary_large_image","schema":{"@context":"https:\/\/schema.org","@graph":[{"@type":"Article","@id":"http:\/\/ticaspoderosas.com\/index.php\/cero-tolerancia-al-acoso-gana-costa-rica\/#article","isPartOf":{"@id":"http:\/\/ticaspoderosas.com\/index.php\/cero-tolerancia-al-acoso-gana-costa-rica\/"},"author":{"name":"Gustavo Arias","@id":"http:\/\/ticaspoderosas.com\/#\/schema\/person\/229e533909640ee5255dd80f78c969af"},"headline":"\u00a1Cero tolerancia al acoso! Gana Costa Rica","datePublished":"2020-07-14T23:32:50+00:00","dateModified":"2020-07-15T00:09:44+00:00","mainEntityOfPage":{"@id":"http:\/\/ticaspoderosas.com\/index.php\/cero-tolerancia-al-acoso-gana-costa-rica\/"},"wordCount":963,"commentCount":0,"publisher":{"@id":"http:\/\/ticaspoderosas.com\/#organization"},"keywords":["Costa Rica","equidad","Feminismo","INamu","Ley Contra el Acoso Callejero","OIJ"],"articleSection":["Reportajes"],"inLanguage":"es","potentialAction":[{"@type":"CommentAction","name":"Comment","target":["http:\/\/ticaspoderosas.com\/index.php\/cero-tolerancia-al-acoso-gana-costa-rica\/#respond"]}]},{"@type":"WebPage","@id":"http:\/\/ticaspoderosas.com\/index.php\/cero-tolerancia-al-acoso-gana-costa-rica\/","url":"http:\/\/ticaspoderosas.com\/index.php\/cero-tolerancia-al-acoso-gana-costa-rica\/","name":"\u00a1Cero tolerancia al acoso! Gana Costa Rica - Ticas poderosas","isPartOf":{"@id":"http:\/\/ticaspoderosas.com\/#website"},"datePublished":"2020-07-14T23:32:50+00:00","dateModified":"2020-07-15T00:09:44+00:00","breadcrumb":{"@id":"http:\/\/ticaspoderosas.com\/index.php\/cero-tolerancia-al-acoso-gana-costa-rica\/#breadcrumb"},"inLanguage":"es","potentialAction":[{"@type":"ReadAction","target":["http:\/\/ticaspoderosas.com\/index.php\/cero-tolerancia-al-acoso-gana-costa-rica\/"]}]},{"@type":"BreadcrumbList","@id":"http:\/\/ticaspoderosas.com\/index.php\/cero-tolerancia-al-acoso-gana-costa-rica\/#breadcrumb","itemListElement":[{"@type":"ListItem","position":1,"name":"Portada","item":"http:\/\/ticaspoderosas.com\/"},{"@type":"ListItem","position":2,"name":"\u00a1Cero tolerancia al acoso! Gana Costa Rica"}]},{"@type":"WebSite","@id":"http:\/\/ticaspoderosas.com\/#website","url":"http:\/\/ticaspoderosas.com\/","name":"Ticas Poderosas","description":"Plataforma multimedia","publisher":{"@id":"http:\/\/ticaspoderosas.com\/#organization"},"potentialAction":[{"@type":"SearchAction","target":{"@type":"EntryPoint","urlTemplate":"http:\/\/ticaspoderosas.com\/?s={search_term_string}"},"query-input":"required name=search_term_string"}],"inLanguage":"es"},{"@type":"Organization","@id":"http:\/\/ticaspoderosas.com\/#organization","name":"Ticas Poderosas","url":"http:\/\/ticaspoderosas.com\/","logo":{"@type":"ImageObject","inLanguage":"es","@id":"http:\/\/ticaspoderosas.com\/#\/schema\/logo\/image\/","url":"http:\/\/ticaspoderosas.com\/wp-content\/uploads\/2016\/09\/ticas.png","contentUrl":"http:\/\/ticaspoderosas.com\/wp-content\/uploads\/2016\/09\/ticas.png","width":180,"height":180,"caption":"Ticas Poderosas"},"image":{"@id":"http:\/\/ticaspoderosas.com\/#\/schema\/logo\/image\/"},"sameAs":["https:\/\/www.facebook.com\/Ticas-Poderosas-117994322976683","https:\/\/www.instagram.com\/ticaspoderosas\/"]},{"@type":"Person","@id":"http:\/\/ticaspoderosas.com\/#\/schema\/person\/229e533909640ee5255dd80f78c969af","name":"Gustavo Arias","image":{"@type":"ImageObject","inLanguage":"es","@id":"http:\/\/ticaspoderosas.com\/#\/schema\/person\/image\/","url":"http:\/\/1.gravatar.com\/avatar\/741d3124c89fb458b3a98303915a0ec1?s=96&d=mm&r=g","contentUrl":"http:\/\/1.gravatar.com\/avatar\/741d3124c89fb458b3a98303915a0ec1?s=96&d=mm&r=g","caption":"Gustavo Arias"}}]}},"_links":{"self":[{"href":"http:\/\/ticaspoderosas.com\/index.php\/wp-json\/wp\/v2\/posts\/2108"}],"collection":[{"href":"http:\/\/ticaspoderosas.com\/index.php\/wp-json\/wp\/v2\/posts"}],"about":[{"href":"http:\/\/ticaspoderosas.com\/index.php\/wp-json\/wp\/v2\/types\/post"}],"author":[{"embeddable":true,"href":"http:\/\/ticaspoderosas.com\/index.php\/wp-json\/wp\/v2\/users\/13"}],"replies":[{"embeddable":true,"href":"http:\/\/ticaspoderosas.com\/index.php\/wp-json\/wp\/v2\/comments?post=2108"}],"version-history":[{"count":3,"href":"http:\/\/ticaspoderosas.com\/index.php\/wp-json\/wp\/v2\/posts\/2108\/revisions"}],"predecessor-version":[{"id":2114,"href":"http:\/\/ticaspoderosas.com\/index.php\/wp-json\/wp\/v2\/posts\/2108\/revisions\/2114"}],"wp:featuredmedia":[{"embeddable":true,"href":"http:\/\/ticaspoderosas.com\/index.php\/wp-json\/wp\/v2\/media\/2110"}],"wp:attachment":[{"href":"http:\/\/ticaspoderosas.com\/index.php\/wp-json\/wp\/v2\/media?parent=2108"}],"wp:term":[{"taxonomy":"category","embeddable":true,"href":"http:\/\/ticaspoderosas.com\/index.php\/wp-json\/wp\/v2\/categories?post=2108"},{"taxonomy":"post_tag","embeddable":true,"href":"http:\/\/ticaspoderosas.com\/index.php\/wp-json\/wp\/v2\/tags?post=2108"}],"curies":[{"name":"wp","href":"https:\/\/api.w.org\/{rel}","templated":true}]}}