{"id":2236,"date":"2020-09-18T19:58:16","date_gmt":"2020-09-18T17:58:16","guid":{"rendered":"http:\/\/ticaspoderosas.com\/?p=2236"},"modified":"2020-09-18T19:58:17","modified_gmt":"2020-09-18T17:58:17","slug":"hoy-es-el-primer-dia-mundial-de-la-igualdad-salarial","status":"publish","type":"post","link":"http:\/\/ticaspoderosas.com\/index.php\/hoy-es-el-primer-dia-mundial-de-la-igualdad-salarial\/","title":{"rendered":"Hoy es el primer d\u00eda mundial de la igualdad salarial"},"content":{"rendered":"\n<p><strong>El 18 de septiembre es el D\u00eda Internacional de la Igualdad Salarial de Naciones Unidas. 2020 es el primer a\u00f1o en que lo celebramos.<\/strong><\/p>\n\n\n\n<p style=\"font-size:22px\"><strong>Por: Ticas Poderosas<\/strong><\/p>\n\n\n\n<p class=\"has-drop-cap\">El <a rel=\"noreferrer noopener\" href=\"https:\/\/www.un.org\/es\/observances\/equal-pay-day\" target=\"_blank\"><strong>D\u00eda Internacional de la Igualdad Salarial de Naciones Unidas<\/strong><\/a> se celebra por primera vez este 18 de septiembre. La fecha es una manera de concienciar al mundo de que queda mucho por recorrer en la materia.<\/p>\n\n\n\n<p>En todas las regiones, a las mujeres se les paga menos que a los hombres, con una brecha salarial de g\u00e9nero estimada en un 23% a nivel mundial.&nbsp;<\/p>\n\n\n\n<p>69 a\u00f1os despu\u00e9s de haberse adoptado una <a href=\"https:\/\/www.ilo.org\/dyn\/normlex\/es\/f?p=NORMLEXPUB:12100:0::NO::P12100_ILO_CODE:C100\" target=\"_blank\" rel=\"noreferrer noopener\"><strong>norma internacional del trabajo sobre igualdad de remuneraci\u00f3n<\/strong><\/a>, en ning\u00fan pa\u00eds se ha cerrado la brecha salarial de g\u00e9nero, aunque hay pa\u00edses como Islandia que han avanzado significativamente con una ley que proh\u00edbe la distinci\u00f3n salarial.<\/p>\n\n\n\n<figure class=\"wp-block-embed-youtube wp-block-embed is-type-video is-provider-youtube wp-embed-aspect-16-9 wp-has-aspect-ratio\"><div class=\"wp-block-embed__wrapper\">\n<iframe loading=\"lazy\" title=\"Lograr la igualdad de remuneraci\u00f3n de aqu\u00ed a 2030\" width=\"750\" height=\"422\" src=\"https:\/\/www.youtube.com\/embed\/Ssm87RYg3h0?feature=oembed\" frameborder=\"0\" allow=\"accelerometer; autoplay; clipboard-write; encrypted-media; gyroscope; picture-in-picture\" allowfullscreen><\/iframe>\n<\/div><\/figure>\n\n\n\n<p>\u201cEl progreso para reducir esa brecha ha sido lento. Si bien se ha respaldado ampliamente la igualdad de remuneraci\u00f3n para hombres y mujeres, su aplicaci\u00f3n en la pr\u00e1ctica ha sido dif\u00edcil\u201d, apuntan desde Naciones Unidas.<\/p>\n\n\n\n<p>Tal y como expresa la <a rel=\"noreferrer noopener\" href=\"https:\/\/www.ituc-csi.org\/?lang=es\" target=\"_blank\"><strong>Confederaci\u00f3n Sindical Internacional<\/strong><\/a>, \u201cdiscriminaci\u00f3n, segregaci\u00f3n laboral y una carga desproporcionada de tareas dom\u00e9sticas y cuidados no remunerados, son factores que contribuyen a una brecha salarial persistente entre mujeres y hombres. Para las mujeres con discapacidades, negras y de color, ind\u00edgenas y migrantes, la brecha es incluso mayor.<\/p>\n\n\n\n<p>La <a href=\"https:\/\/www.equalpayinternationalcoalition.org\/es\/\" target=\"_blank\" rel=\"noreferrer noopener\"><strong>Coalici\u00f3n Internacional para la Igualdad Salarial<\/strong><\/a> trabaja para reducir esta desigualdad.<\/p>\n","protected":false},"excerpt":{"rendered":"<p>El 18 de septiembre es el D\u00eda Internacional de la Igualdad Salarial de Naciones Unidas. 2020 es el primer a\u00f1o en que lo celebramos. Por: Ticas Poderosas El D\u00eda Internacional de la Igualdad Salarial de Naciones Unidas se celebra por primera vez este 18 de septiembre. La fecha es una manera de concienciar al mundo [&hellip;]<\/p>\n","protected":false},"author":13,"featured_media":2237,"comment_status":"open","ping_status":"open","sticky":false,"template":"","format":"standard","meta":{"_links_to":"","_links_to_target":""},"categories":[393],"tags":[674,419,675,136],"yoast_head":"<!-- This site is optimized with the Yoast SEO plugin v20.2.1 - https:\/\/yoast.com\/wordpress\/plugins\/seo\/ -->\n<title>Hoy es el primer d\u00eda mundial de la igualdad salarial - Ticas poderosas<\/title>\n<meta name=\"robots\" content=\"index, follow, max-snippet:-1, max-image-preview:large, max-video-preview:-1\" \/>\n<link rel=\"canonical\" href=\"http:\/\/ticaspoderosas.com\/index.php\/hoy-es-el-primer-dia-mundial-de-la-igualdad-salarial\/\" \/>\n<meta property=\"og:locale\" content=\"es_ES\" \/>\n<meta property=\"og:type\" content=\"article\" \/>\n<meta property=\"og:title\" content=\"Hoy es el primer d\u00eda mundial de la igualdad salarial - Ticas poderosas\" \/>\n<meta property=\"og:description\" content=\"El 18 de septiembre es el D\u00eda Internacional de la Igualdad Salarial de Naciones Unidas. 2020 es el primer a\u00f1o en que lo celebramos. Por: Ticas Poderosas El D\u00eda Internacional de la Igualdad Salarial de Naciones Unidas se celebra por primera vez este 18 de septiembre. La fecha es una manera de concienciar al mundo [&hellip;]\" \/>\n<meta property=\"og:url\" content=\"http:\/\/ticaspoderosas.com\/index.php\/hoy-es-el-primer-dia-mundial-de-la-igualdad-salarial\/\" \/>\n<meta property=\"og:site_name\" content=\"Ticas poderosas\" \/>\n<meta property=\"article:publisher\" content=\"https:\/\/www.facebook.com\/Ticas-Poderosas-117994322976683\" \/>\n<meta property=\"article:published_time\" content=\"2020-09-18T17:58:16+00:00\" \/>\n<meta property=\"article:modified_time\" content=\"2020-09-18T17:58:17+00:00\" \/>\n<meta property=\"og:image\" content=\"http:\/\/ticaspoderosas.com\/wp-content\/uploads\/2020\/09\/DIA-IGUALDAD-SALARIAL.jpg\" \/>\n\t<meta property=\"og:image:width\" content=\"1280\" \/>\n\t<meta property=\"og:image:height\" content=\"616\" \/>\n\t<meta property=\"og:image:type\" content=\"image\/jpeg\" \/>\n<meta name=\"author\" content=\"Gustavo Arias\" \/>\n<meta name=\"twitter:card\" content=\"summary_large_image\" \/>\n<script type=\"application\/ld+json\" class=\"yoast-schema-graph\">{\"@context\":\"https:\/\/schema.org\",\"@graph\":[{\"@type\":\"Article\",\"@id\":\"http:\/\/ticaspoderosas.com\/index.php\/hoy-es-el-primer-dia-mundial-de-la-igualdad-salarial\/#article\",\"isPartOf\":{\"@id\":\"http:\/\/ticaspoderosas.com\/index.php\/hoy-es-el-primer-dia-mundial-de-la-igualdad-salarial\/\"},\"author\":{\"name\":\"Gustavo Arias\",\"@id\":\"http:\/\/ticaspoderosas.com\/#\/schema\/person\/229e533909640ee5255dd80f78c969af\"},\"headline\":\"Hoy es el primer d\u00eda mundial de la igualdad salarial\",\"datePublished\":\"2020-09-18T17:58:16+00:00\",\"dateModified\":\"2020-09-18T17:58:17+00:00\",\"mainEntityOfPage\":{\"@id\":\"http:\/\/ticaspoderosas.com\/index.php\/hoy-es-el-primer-dia-mundial-de-la-igualdad-salarial\/\"},\"wordCount\":277,\"commentCount\":0,\"publisher\":{\"@id\":\"http:\/\/ticaspoderosas.com\/#organization\"},\"keywords\":[\"D\u00eda Internacional de la Igualdad Salarial\",\"equidad\",\"Igualdad Salarial\",\"Naciones Unidas\"],\"articleSection\":[\"Reportajes\"],\"inLanguage\":\"es\",\"potentialAction\":[{\"@type\":\"CommentAction\",\"name\":\"Comment\",\"target\":[\"http:\/\/ticaspoderosas.com\/index.php\/hoy-es-el-primer-dia-mundial-de-la-igualdad-salarial\/#respond\"]}]},{\"@type\":\"WebPage\",\"@id\":\"http:\/\/ticaspoderosas.com\/index.php\/hoy-es-el-primer-dia-mundial-de-la-igualdad-salarial\/\",\"url\":\"http:\/\/ticaspoderosas.com\/index.php\/hoy-es-el-primer-dia-mundial-de-la-igualdad-salarial\/\",\"name\":\"Hoy es el primer d\u00eda mundial de la igualdad salarial - Ticas poderosas\",\"isPartOf\":{\"@id\":\"http:\/\/ticaspoderosas.com\/#website\"},\"datePublished\":\"2020-09-18T17:58:16+00:00\",\"dateModified\":\"2020-09-18T17:58:17+00:00\",\"breadcrumb\":{\"@id\":\"http:\/\/ticaspoderosas.com\/index.php\/hoy-es-el-primer-dia-mundial-de-la-igualdad-salarial\/#breadcrumb\"},\"inLanguage\":\"es\",\"potentialAction\":[{\"@type\":\"ReadAction\",\"target\":[\"http:\/\/ticaspoderosas.com\/index.php\/hoy-es-el-primer-dia-mundial-de-la-igualdad-salarial\/\"]}]},{\"@type\":\"BreadcrumbList\",\"@id\":\"http:\/\/ticaspoderosas.com\/index.php\/hoy-es-el-primer-dia-mundial-de-la-igualdad-salarial\/#breadcrumb\",\"itemListElement\":[{\"@type\":\"ListItem\",\"position\":1,\"name\":\"Portada\",\"item\":\"http:\/\/ticaspoderosas.com\/\"},{\"@type\":\"ListItem\",\"position\":2,\"name\":\"Hoy es el primer d\u00eda mundial de la igualdad salarial\"}]},{\"@type\":\"WebSite\",\"@id\":\"http:\/\/ticaspoderosas.com\/#website\",\"url\":\"http:\/\/ticaspoderosas.com\/\",\"name\":\"Ticas Poderosas\",\"description\":\"Plataforma multimedia\",\"publisher\":{\"@id\":\"http:\/\/ticaspoderosas.com\/#organization\"},\"potentialAction\":[{\"@type\":\"SearchAction\",\"target\":{\"@type\":\"EntryPoint\",\"urlTemplate\":\"http:\/\/ticaspoderosas.com\/?s={search_term_string}\"},\"query-input\":\"required name=search_term_string\"}],\"inLanguage\":\"es\"},{\"@type\":\"Organization\",\"@id\":\"http:\/\/ticaspoderosas.com\/#organization\",\"name\":\"Ticas Poderosas\",\"url\":\"http:\/\/ticaspoderosas.com\/\",\"logo\":{\"@type\":\"ImageObject\",\"inLanguage\":\"es\",\"@id\":\"http:\/\/ticaspoderosas.com\/#\/schema\/logo\/image\/\",\"url\":\"http:\/\/ticaspoderosas.com\/wp-content\/uploads\/2016\/09\/ticas.png\",\"contentUrl\":\"http:\/\/ticaspoderosas.com\/wp-content\/uploads\/2016\/09\/ticas.png\",\"width\":180,\"height\":180,\"caption\":\"Ticas Poderosas\"},\"image\":{\"@id\":\"http:\/\/ticaspoderosas.com\/#\/schema\/logo\/image\/\"},\"sameAs\":[\"https:\/\/www.facebook.com\/Ticas-Poderosas-117994322976683\",\"https:\/\/www.instagram.com\/ticaspoderosas\/\"]},{\"@type\":\"Person\",\"@id\":\"http:\/\/ticaspoderosas.com\/#\/schema\/person\/229e533909640ee5255dd80f78c969af\",\"name\":\"Gustavo Arias\",\"image\":{\"@type\":\"ImageObject\",\"inLanguage\":\"es\",\"@id\":\"http:\/\/ticaspoderosas.com\/#\/schema\/person\/image\/\",\"url\":\"http:\/\/1.gravatar.com\/avatar\/741d3124c89fb458b3a98303915a0ec1?s=96&d=mm&r=g\",\"contentUrl\":\"http:\/\/1.gravatar.com\/avatar\/741d3124c89fb458b3a98303915a0ec1?s=96&d=mm&r=g\",\"caption\":\"Gustavo Arias\"}}]}<\/script>\n<!-- \/ Yoast SEO plugin. -->","yoast_head_json":{"title":"Hoy es el primer d\u00eda mundial de la igualdad salarial - Ticas poderosas","robots":{"index":"index","follow":"follow","max-snippet":"max-snippet:-1","max-image-preview":"max-image-preview:large","max-video-preview":"max-video-preview:-1"},"canonical":"http:\/\/ticaspoderosas.com\/index.php\/hoy-es-el-primer-dia-mundial-de-la-igualdad-salarial\/","og_locale":"es_ES","og_type":"article","og_title":"Hoy es el primer d\u00eda mundial de la igualdad salarial - Ticas poderosas","og_description":"El 18 de septiembre es el D\u00eda Internacional de la Igualdad Salarial de Naciones Unidas. 2020 es el primer a\u00f1o en que lo celebramos. Por: Ticas Poderosas El D\u00eda Internacional de la Igualdad Salarial de Naciones Unidas se celebra por primera vez este 18 de septiembre. La fecha es una manera de concienciar al mundo [&hellip;]","og_url":"http:\/\/ticaspoderosas.com\/index.php\/hoy-es-el-primer-dia-mundial-de-la-igualdad-salarial\/","og_site_name":"Ticas poderosas","article_publisher":"https:\/\/www.facebook.com\/Ticas-Poderosas-117994322976683","article_published_time":"2020-09-18T17:58:16+00:00","article_modified_time":"2020-09-18T17:58:17+00:00","og_image":[{"width":1280,"height":616,"url":"http:\/\/ticaspoderosas.com\/wp-content\/uploads\/2020\/09\/DIA-IGUALDAD-SALARIAL.jpg","type":"image\/jpeg"}],"author":"Gustavo Arias","twitter_card":"summary_large_image","schema":{"@context":"https:\/\/schema.org","@graph":[{"@type":"Article","@id":"http:\/\/ticaspoderosas.com\/index.php\/hoy-es-el-primer-dia-mundial-de-la-igualdad-salarial\/#article","isPartOf":{"@id":"http:\/\/ticaspoderosas.com\/index.php\/hoy-es-el-primer-dia-mundial-de-la-igualdad-salarial\/"},"author":{"name":"Gustavo Arias","@id":"http:\/\/ticaspoderosas.com\/#\/schema\/person\/229e533909640ee5255dd80f78c969af"},"headline":"Hoy es el primer d\u00eda mundial de la igualdad salarial","datePublished":"2020-09-18T17:58:16+00:00","dateModified":"2020-09-18T17:58:17+00:00","mainEntityOfPage":{"@id":"http:\/\/ticaspoderosas.com\/index.php\/hoy-es-el-primer-dia-mundial-de-la-igualdad-salarial\/"},"wordCount":277,"commentCount":0,"publisher":{"@id":"http:\/\/ticaspoderosas.com\/#organization"},"keywords":["D\u00eda Internacional de la Igualdad Salarial","equidad","Igualdad Salarial","Naciones Unidas"],"articleSection":["Reportajes"],"inLanguage":"es","potentialAction":[{"@type":"CommentAction","name":"Comment","target":["http:\/\/ticaspoderosas.com\/index.php\/hoy-es-el-primer-dia-mundial-de-la-igualdad-salarial\/#respond"]}]},{"@type":"WebPage","@id":"http:\/\/ticaspoderosas.com\/index.php\/hoy-es-el-primer-dia-mundial-de-la-igualdad-salarial\/","url":"http:\/\/ticaspoderosas.com\/index.php\/hoy-es-el-primer-dia-mundial-de-la-igualdad-salarial\/","name":"Hoy es el primer d\u00eda mundial de la igualdad salarial - Ticas poderosas","isPartOf":{"@id":"http:\/\/ticaspoderosas.com\/#website"},"datePublished":"2020-09-18T17:58:16+00:00","dateModified":"2020-09-18T17:58:17+00:00","breadcrumb":{"@id":"http:\/\/ticaspoderosas.com\/index.php\/hoy-es-el-primer-dia-mundial-de-la-igualdad-salarial\/#breadcrumb"},"inLanguage":"es","potentialAction":[{"@type":"ReadAction","target":["http:\/\/ticaspoderosas.com\/index.php\/hoy-es-el-primer-dia-mundial-de-la-igualdad-salarial\/"]}]},{"@type":"BreadcrumbList","@id":"http:\/\/ticaspoderosas.com\/index.php\/hoy-es-el-primer-dia-mundial-de-la-igualdad-salarial\/#breadcrumb","itemListElement":[{"@type":"ListItem","position":1,"name":"Portada","item":"http:\/\/ticaspoderosas.com\/"},{"@type":"ListItem","position":2,"name":"Hoy es el primer d\u00eda mundial de la igualdad salarial"}]},{"@type":"WebSite","@id":"http:\/\/ticaspoderosas.com\/#website","url":"http:\/\/ticaspoderosas.com\/","name":"Ticas Poderosas","description":"Plataforma multimedia","publisher":{"@id":"http:\/\/ticaspoderosas.com\/#organization"},"potentialAction":[{"@type":"SearchAction","target":{"@type":"EntryPoint","urlTemplate":"http:\/\/ticaspoderosas.com\/?s={search_term_string}"},"query-input":"required name=search_term_string"}],"inLanguage":"es"},{"@type":"Organization","@id":"http:\/\/ticaspoderosas.com\/#organization","name":"Ticas Poderosas","url":"http:\/\/ticaspoderosas.com\/","logo":{"@type":"ImageObject","inLanguage":"es","@id":"http:\/\/ticaspoderosas.com\/#\/schema\/logo\/image\/","url":"http:\/\/ticaspoderosas.com\/wp-content\/uploads\/2016\/09\/ticas.png","contentUrl":"http:\/\/ticaspoderosas.com\/wp-content\/uploads\/2016\/09\/ticas.png","width":180,"height":180,"caption":"Ticas Poderosas"},"image":{"@id":"http:\/\/ticaspoderosas.com\/#\/schema\/logo\/image\/"},"sameAs":["https:\/\/www.facebook.com\/Ticas-Poderosas-117994322976683","https:\/\/www.instagram.com\/ticaspoderosas\/"]},{"@type":"Person","@id":"http:\/\/ticaspoderosas.com\/#\/schema\/person\/229e533909640ee5255dd80f78c969af","name":"Gustavo Arias","image":{"@type":"ImageObject","inLanguage":"es","@id":"http:\/\/ticaspoderosas.com\/#\/schema\/person\/image\/","url":"http:\/\/1.gravatar.com\/avatar\/741d3124c89fb458b3a98303915a0ec1?s=96&d=mm&r=g","contentUrl":"http:\/\/1.gravatar.com\/avatar\/741d3124c89fb458b3a98303915a0ec1?s=96&d=mm&r=g","caption":"Gustavo Arias"}}]}},"_links":{"self":[{"href":"http:\/\/ticaspoderosas.com\/index.php\/wp-json\/wp\/v2\/posts\/2236"}],"collection":[{"href":"http:\/\/ticaspoderosas.com\/index.php\/wp-json\/wp\/v2\/posts"}],"about":[{"href":"http:\/\/ticaspoderosas.com\/index.php\/wp-json\/wp\/v2\/types\/post"}],"author":[{"embeddable":true,"href":"http:\/\/ticaspoderosas.com\/index.php\/wp-json\/wp\/v2\/users\/13"}],"replies":[{"embeddable":true,"href":"http:\/\/ticaspoderosas.com\/index.php\/wp-json\/wp\/v2\/comments?post=2236"}],"version-history":[{"count":1,"href":"http:\/\/ticaspoderosas.com\/index.php\/wp-json\/wp\/v2\/posts\/2236\/revisions"}],"predecessor-version":[{"id":2238,"href":"http:\/\/ticaspoderosas.com\/index.php\/wp-json\/wp\/v2\/posts\/2236\/revisions\/2238"}],"wp:featuredmedia":[{"embeddable":true,"href":"http:\/\/ticaspoderosas.com\/index.php\/wp-json\/wp\/v2\/media\/2237"}],"wp:attachment":[{"href":"http:\/\/ticaspoderosas.com\/index.php\/wp-json\/wp\/v2\/media?parent=2236"}],"wp:term":[{"taxonomy":"category","embeddable":true,"href":"http:\/\/ticaspoderosas.com\/index.php\/wp-json\/wp\/v2\/categories?post=2236"},{"taxonomy":"post_tag","embeddable":true,"href":"http:\/\/ticaspoderosas.com\/index.php\/wp-json\/wp\/v2\/tags?post=2236"}],"curies":[{"name":"wp","href":"https:\/\/api.w.org\/{rel}","templated":true}]}}