{"id":2317,"date":"2020-11-11T00:28:45","date_gmt":"2020-11-10T22:28:45","guid":{"rendered":"http:\/\/ticaspoderosas.com\/?p=2317"},"modified":"2020-11-11T17:02:48","modified_gmt":"2020-11-11T15:02:48","slug":"uber-quiere-mas-conductoras-en-costa-rica","status":"publish","type":"post","link":"http:\/\/ticaspoderosas.com\/index.php\/uber-quiere-mas-conductoras-en-costa-rica\/","title":{"rendered":"Uber quiere m\u00e1s conductoras en Costa Rica"},"content":{"rendered":"\n<p><strong>La plataforma de movilidad lanza programa \u2018Juntas al volante\u2019, para que m\u00e1s mujeres en Costa Rica sean conductoras de la aplicaci\u00f3n, donde suponen apenas el 6,7 %.<\/strong><\/p>\n\n\n\n<p style=\"font-size:22px\"><strong>Por: Ticas Poderosas<\/strong><\/p>\n\n\n\n<p class=\"has-drop-cap\">Con la iniciativa, Uber pretende que m\u00e1s mujeres se sumen a la plataforma de viajes como conductoras, e incrementar as\u00ed el empoderamiento econ\u00f3mico femenino.<\/p>\n\n\n\n<p>El programa surgi\u00f3 en Arabia Saud\u00ed, y hoy est\u00e1 disponible en 11 ciudades latinoamericanas. San Jos\u00e9 es la primera en Centroam\u00e9rica.<\/p>\n\n\n\n<p>\u2018Juntas al volante\u2019 responde a que apenas un 6,7% de los socios colaboradores registrados en la aplicaci\u00f3n en Costa Rica se identifican como mujeres, y el 87,1% de las que se registraron en el app en 2019 nunca hicieron el primer viaje. El plan pretende mejorar la experiencia de la mujer en la aplicaci\u00f3n.<\/p>\n\n\n\n<p style=\"font-size:22px\"><strong>Lea tambi\u00e9n:<\/strong> <a href=\"http:\/\/ticaspoderosas.com\/index.php\/desempleo-se-ceba-con-las-mujeres-durante-la-pandemia-en-costa-rica\/\" target=\"_blank\" rel=\"noreferrer noopener\">Desempleo se ceba con las mujeres durante la pandemia en Costa Rica<\/a><\/p>\n\n\n\n<p>El programa cuenta con la participaci\u00f3n de la Asociaci\u00f3n Alas, ONG que promueve el empoderamiento personal, profesional y empresarial de las mujeres en Costa Rica.<\/p>\n\n\n\n<p>La pandemia ha afectado m\u00e1s al empleo de las mujeres (los sectores m\u00e1s afectados en la crisis son turismo, hoteler\u00eda, restauraci\u00f3n, eventos, y comercio minorista, con mano de obra mayoritariamente femenina), y Uber busca que las mujeres tengan otras opciones econ\u00f3micas, y con flexibilidad horaria, tal y como muchas demandan ante la fuerte carga en la responsabilidad de cuido y de trabajo en el hogar.<\/p>\n\n\n\n<p>Datos del Banco Interamericano de Desarrollo muestran que apenas el 15 % de trabajadores del sector de movilidad son mujeres. \u201cMuchas mujeres en Costa Rica se van a beneficiar con este programa. Uber supone un ingreso econ\u00f3mico y flexibilidad en el horario\u201d, explic\u00f3 la presidenta de Alas, Nuria Mar\u00edn.<\/p>\n\n\n\n<p style=\"font-size:22px\"><strong>Lea tambi\u00e9n:<\/strong> <a href=\"http:\/\/ticaspoderosas.com\/index.php\/mamas-teletrabajo-covid-19-estres-por-las-nubes\/\" target=\"_blank\" rel=\"noreferrer noopener\">Mam\u00e1s + teletrabajo + COVID-19 = Estr\u00e9s por las nubes<\/a><\/p>\n\n\n\n<p>Miriam Manrique, gerente general de Uber para Centroam\u00e9rica apunta que hay diferencias en el uso de la aplicaci\u00f3n entre socios colaboradores, seg\u00fan sean hombres y mujeres. Las mujeres \u201cse conectan menos, hay un comportamiento distinto\u201d, adujo Manrique, y \u2018Juntas al volante\u2019 nace para tratar de acortar esas brechas.<\/p>\n\n\n\n<p style=\"font-size:34px\"><strong>\u00bfEn qu\u00e9 consiste?<\/strong><\/p>\n\n\n\n<p>El programa responde a tres pilares mediante los cuales se busca disminuir las barreras que tienen las socias colaboradoras al usar la app. <strong>ACCESO:<\/strong> que ofrece soporte especializado y promociones especiales en Uber Pro; <strong>CONFIANZA:<\/strong> que trabaja en el fortalecimiento del liderazgo de las socias colaboradoras en alianza con Alas; <strong>CONTROL: <\/strong>que ofrece funciones como \u201cEllas\u201d para controlar su experiencia con la app.&nbsp;<\/p>\n\n\n\n<p>\u201c\u2018Ellas\u2019 busca aumentar la confianza de las mujeres al empezar a conducir usando la aplicaci\u00f3n. Esta es una herramienta de control sobre su experiencia detr\u00e1s del volante, que tiene much\u00edsimo valor en especial durante los primeros viajes aceptados a trav\u00e9s de Uber y en sus primeros d\u00edas. Est\u00e1 pensada para aumentar su confianza y para ayudar a las mujeres que quieren empezar a manejar pero a\u00fan no dieron ese \u00faltimo paso\u201d, precis\u00f3 Manrique.&nbsp;<\/p>\n\n\n\n<p style=\"font-size:22px\"><strong>Lea tambi\u00e9n:<\/strong> <a href=\"http:\/\/ticaspoderosas.com\/index.php\/pandemia-laboral-femenina-en-ee-uu\/\" target=\"_blank\" rel=\"noreferrer noopener\">Pandemia laboral femenina en EE UU<\/a><\/p>\n\n\n\n<p style=\"font-size:34px\"><strong>Ventajas de \u2018Juntas al Volante\u2019<\/strong><\/p>\n\n\n\n<p>\u25cf Elegir y recibir viajes de usuarias mujeres. Las socias colaboradoras pueden activar y desactivar la funci\u00f3n \u201cEllas\u201d directamente desde la app, en cualquier momento del d\u00eda y cuantas veces deseen.&nbsp;<\/p>\n\n\n\n<p>\u25cf Tendr\u00e1n acceso a plataformas informativas. Las socias colaboradoras tendr\u00e1n acceso a sesiones virtuales, brindadas por ALAS, sobre empoderamiento personal y adem\u00e1s, de la mano con Davivienda, se ofrece a las socias colaboradoras una plataforma virtual con herramientas sobre el manejo de su presupuesto.&nbsp;<\/p>\n\n\n\n<p>\u25cf Soporte preferencial en los centros de activaci\u00f3n. Las consultas realizadas por socias colaboradoras en nuestros centros de activaci\u00f3n ser\u00e1n atendidas como prioridad por los expertos.&nbsp;<\/p>\n\n\n\n<p>\u25cf Acceso a promociones especiales de Uber Pro. En el pr\u00f3ximo ciclo del programa de recompensas Uber Pro que inicia en diciembre de 2020 se anunciar\u00e1n promociones especiales para socias colaboradoras. Para saber m\u00e1s de Uber Pro <a href=\"https:\/\/www.uber.com\/cr\/es\/drive\/uber-pro\/\" target=\"_blank\" rel=\"noreferrer noopener\"><strong>puede ingresar aqu\u00ed&nbsp;<\/strong><\/a><\/p>\n\n\n\n<p>\u25cf Orientaci\u00f3n m\u00e9dica general gratis. En alianza con GEA, las socias colaboradoras podr\u00e1n disfrutar de este promoci\u00f3n para ellas y toda su familia, disponible hasta el 31 de diciembre.<\/p>\n\n\n\n<p>El programa \u2018Juntas al Volante\u2019 estar\u00e1 disponible a partir del 12 de noviembre para las socias colaboradoras registradas en la app de Uber y, aquellas que quieran registrarse, estar\u00e1n recibiendo todos los detalles por correo electr\u00f3nico. Para m\u00e1s informaci\u00f3n sobre el programa y c\u00f3mo pertenecer a \u00e9l, en el <a href=\"https:\/\/www.uber.com\/es-PE\/blog\/juntas-al-volante\/\" target=\"_blank\" rel=\"noreferrer noopener\"><strong>blog de Uber<\/strong><\/a>.&nbsp;<\/p>\n","protected":false},"excerpt":{"rendered":"<p>La plataforma de movilidad lanza programa \u2018Juntas al volante\u2019, para que m\u00e1s mujeres en Costa Rica sean conductoras de la aplicaci\u00f3n, donde suponen apenas el 6,7 %. Por: Ticas Poderosas Con la iniciativa, Uber pretende que m\u00e1s mujeres se sumen a la plataforma de viajes como conductoras, e incrementar as\u00ed el empoderamiento econ\u00f3mico femenino. El [&hellip;]<\/p>\n","protected":false},"author":13,"featured_media":2318,"comment_status":"open","ping_status":"open","sticky":false,"template":"","format":"standard","meta":{"_links_to":"","_links_to_target":""},"categories":[393],"tags":[716,715,399,714,718,717,279],"yoast_head":"<!-- This site is optimized with the Yoast SEO plugin v20.2.1 - https:\/\/yoast.com\/wordpress\/plugins\/seo\/ -->\n<title>Uber quiere m\u00e1s conductoras en Costa Rica - Ticas poderosas<\/title>\n<meta name=\"robots\" content=\"index, follow, max-snippet:-1, max-image-preview:large, max-video-preview:-1\" \/>\n<link rel=\"canonical\" href=\"http:\/\/ticaspoderosas.com\/index.php\/uber-quiere-mas-conductoras-en-costa-rica\/\" \/>\n<meta property=\"og:locale\" content=\"es_ES\" \/>\n<meta property=\"og:type\" content=\"article\" \/>\n<meta property=\"og:title\" content=\"Uber quiere m\u00e1s conductoras en Costa Rica - Ticas poderosas\" \/>\n<meta property=\"og:description\" content=\"La plataforma de movilidad lanza programa \u2018Juntas al volante\u2019, para que m\u00e1s mujeres en Costa Rica sean conductoras de la aplicaci\u00f3n, donde suponen apenas el 6,7 %. Por: Ticas Poderosas Con la iniciativa, Uber pretende que m\u00e1s mujeres se sumen a la plataforma de viajes como conductoras, e incrementar as\u00ed el empoderamiento econ\u00f3mico femenino. El [&hellip;]\" \/>\n<meta property=\"og:url\" content=\"http:\/\/ticaspoderosas.com\/index.php\/uber-quiere-mas-conductoras-en-costa-rica\/\" \/>\n<meta property=\"og:site_name\" content=\"Ticas poderosas\" \/>\n<meta property=\"article:publisher\" content=\"https:\/\/www.facebook.com\/Ticas-Poderosas-117994322976683\" \/>\n<meta property=\"article:published_time\" content=\"2020-11-10T22:28:45+00:00\" \/>\n<meta property=\"article:modified_time\" content=\"2020-11-11T15:02:48+00:00\" \/>\n<meta property=\"og:image\" content=\"http:\/\/ticaspoderosas.com\/wp-content\/uploads\/2020\/11\/UBER-Juntas-al-Volante.jpg\" \/>\n\t<meta property=\"og:image:width\" content=\"1200\" \/>\n\t<meta property=\"og:image:height\" content=\"800\" \/>\n\t<meta property=\"og:image:type\" content=\"image\/jpeg\" \/>\n<meta name=\"author\" content=\"Gustavo Arias\" \/>\n<meta name=\"twitter:card\" content=\"summary_large_image\" \/>\n<script type=\"application\/ld+json\" class=\"yoast-schema-graph\">{\"@context\":\"https:\/\/schema.org\",\"@graph\":[{\"@type\":\"Article\",\"@id\":\"http:\/\/ticaspoderosas.com\/index.php\/uber-quiere-mas-conductoras-en-costa-rica\/#article\",\"isPartOf\":{\"@id\":\"http:\/\/ticaspoderosas.com\/index.php\/uber-quiere-mas-conductoras-en-costa-rica\/\"},\"author\":{\"name\":\"Gustavo Arias\",\"@id\":\"http:\/\/ticaspoderosas.com\/#\/schema\/person\/229e533909640ee5255dd80f78c969af\"},\"headline\":\"Uber quiere m\u00e1s conductoras en Costa Rica\",\"datePublished\":\"2020-11-10T22:28:45+00:00\",\"dateModified\":\"2020-11-11T15:02:48+00:00\",\"mainEntityOfPage\":{\"@id\":\"http:\/\/ticaspoderosas.com\/index.php\/uber-quiere-mas-conductoras-en-costa-rica\/\"},\"wordCount\":762,\"commentCount\":0,\"publisher\":{\"@id\":\"http:\/\/ticaspoderosas.com\/#organization\"},\"keywords\":[\"Asociaci\u00f3n Alas\",\"empleo femenino\",\"empoderamiento femenino\",\"juntas al volante\",\"Miriam Manrique\",\"Nuria Mar\u00edn\",\"uber\"],\"articleSection\":[\"Reportajes\"],\"inLanguage\":\"es\",\"potentialAction\":[{\"@type\":\"CommentAction\",\"name\":\"Comment\",\"target\":[\"http:\/\/ticaspoderosas.com\/index.php\/uber-quiere-mas-conductoras-en-costa-rica\/#respond\"]}]},{\"@type\":\"WebPage\",\"@id\":\"http:\/\/ticaspoderosas.com\/index.php\/uber-quiere-mas-conductoras-en-costa-rica\/\",\"url\":\"http:\/\/ticaspoderosas.com\/index.php\/uber-quiere-mas-conductoras-en-costa-rica\/\",\"name\":\"Uber quiere m\u00e1s conductoras en Costa Rica - Ticas poderosas\",\"isPartOf\":{\"@id\":\"http:\/\/ticaspoderosas.com\/#website\"},\"datePublished\":\"2020-11-10T22:28:45+00:00\",\"dateModified\":\"2020-11-11T15:02:48+00:00\",\"breadcrumb\":{\"@id\":\"http:\/\/ticaspoderosas.com\/index.php\/uber-quiere-mas-conductoras-en-costa-rica\/#breadcrumb\"},\"inLanguage\":\"es\",\"potentialAction\":[{\"@type\":\"ReadAction\",\"target\":[\"http:\/\/ticaspoderosas.com\/index.php\/uber-quiere-mas-conductoras-en-costa-rica\/\"]}]},{\"@type\":\"BreadcrumbList\",\"@id\":\"http:\/\/ticaspoderosas.com\/index.php\/uber-quiere-mas-conductoras-en-costa-rica\/#breadcrumb\",\"itemListElement\":[{\"@type\":\"ListItem\",\"position\":1,\"name\":\"Portada\",\"item\":\"http:\/\/ticaspoderosas.com\/\"},{\"@type\":\"ListItem\",\"position\":2,\"name\":\"Uber quiere m\u00e1s conductoras en Costa Rica\"}]},{\"@type\":\"WebSite\",\"@id\":\"http:\/\/ticaspoderosas.com\/#website\",\"url\":\"http:\/\/ticaspoderosas.com\/\",\"name\":\"Ticas Poderosas\",\"description\":\"Plataforma multimedia\",\"publisher\":{\"@id\":\"http:\/\/ticaspoderosas.com\/#organization\"},\"potentialAction\":[{\"@type\":\"SearchAction\",\"target\":{\"@type\":\"EntryPoint\",\"urlTemplate\":\"http:\/\/ticaspoderosas.com\/?s={search_term_string}\"},\"query-input\":\"required name=search_term_string\"}],\"inLanguage\":\"es\"},{\"@type\":\"Organization\",\"@id\":\"http:\/\/ticaspoderosas.com\/#organization\",\"name\":\"Ticas Poderosas\",\"url\":\"http:\/\/ticaspoderosas.com\/\",\"logo\":{\"@type\":\"ImageObject\",\"inLanguage\":\"es\",\"@id\":\"http:\/\/ticaspoderosas.com\/#\/schema\/logo\/image\/\",\"url\":\"http:\/\/ticaspoderosas.com\/wp-content\/uploads\/2016\/09\/ticas.png\",\"contentUrl\":\"http:\/\/ticaspoderosas.com\/wp-content\/uploads\/2016\/09\/ticas.png\",\"width\":180,\"height\":180,\"caption\":\"Ticas Poderosas\"},\"image\":{\"@id\":\"http:\/\/ticaspoderosas.com\/#\/schema\/logo\/image\/\"},\"sameAs\":[\"https:\/\/www.facebook.com\/Ticas-Poderosas-117994322976683\",\"https:\/\/www.instagram.com\/ticaspoderosas\/\"]},{\"@type\":\"Person\",\"@id\":\"http:\/\/ticaspoderosas.com\/#\/schema\/person\/229e533909640ee5255dd80f78c969af\",\"name\":\"Gustavo Arias\",\"image\":{\"@type\":\"ImageObject\",\"inLanguage\":\"es\",\"@id\":\"http:\/\/ticaspoderosas.com\/#\/schema\/person\/image\/\",\"url\":\"http:\/\/1.gravatar.com\/avatar\/741d3124c89fb458b3a98303915a0ec1?s=96&d=mm&r=g\",\"contentUrl\":\"http:\/\/1.gravatar.com\/avatar\/741d3124c89fb458b3a98303915a0ec1?s=96&d=mm&r=g\",\"caption\":\"Gustavo Arias\"}}]}<\/script>\n<!-- \/ Yoast SEO plugin. -->","yoast_head_json":{"title":"Uber quiere m\u00e1s conductoras en Costa Rica - Ticas poderosas","robots":{"index":"index","follow":"follow","max-snippet":"max-snippet:-1","max-image-preview":"max-image-preview:large","max-video-preview":"max-video-preview:-1"},"canonical":"http:\/\/ticaspoderosas.com\/index.php\/uber-quiere-mas-conductoras-en-costa-rica\/","og_locale":"es_ES","og_type":"article","og_title":"Uber quiere m\u00e1s conductoras en Costa Rica - Ticas poderosas","og_description":"La plataforma de movilidad lanza programa \u2018Juntas al volante\u2019, para que m\u00e1s mujeres en Costa Rica sean conductoras de la aplicaci\u00f3n, donde suponen apenas el 6,7 %. Por: Ticas Poderosas Con la iniciativa, Uber pretende que m\u00e1s mujeres se sumen a la plataforma de viajes como conductoras, e incrementar as\u00ed el empoderamiento econ\u00f3mico femenino. El [&hellip;]","og_url":"http:\/\/ticaspoderosas.com\/index.php\/uber-quiere-mas-conductoras-en-costa-rica\/","og_site_name":"Ticas poderosas","article_publisher":"https:\/\/www.facebook.com\/Ticas-Poderosas-117994322976683","article_published_time":"2020-11-10T22:28:45+00:00","article_modified_time":"2020-11-11T15:02:48+00:00","og_image":[{"width":1200,"height":800,"url":"http:\/\/ticaspoderosas.com\/wp-content\/uploads\/2020\/11\/UBER-Juntas-al-Volante.jpg","type":"image\/jpeg"}],"author":"Gustavo Arias","twitter_card":"summary_large_image","schema":{"@context":"https:\/\/schema.org","@graph":[{"@type":"Article","@id":"http:\/\/ticaspoderosas.com\/index.php\/uber-quiere-mas-conductoras-en-costa-rica\/#article","isPartOf":{"@id":"http:\/\/ticaspoderosas.com\/index.php\/uber-quiere-mas-conductoras-en-costa-rica\/"},"author":{"name":"Gustavo Arias","@id":"http:\/\/ticaspoderosas.com\/#\/schema\/person\/229e533909640ee5255dd80f78c969af"},"headline":"Uber quiere m\u00e1s conductoras en Costa Rica","datePublished":"2020-11-10T22:28:45+00:00","dateModified":"2020-11-11T15:02:48+00:00","mainEntityOfPage":{"@id":"http:\/\/ticaspoderosas.com\/index.php\/uber-quiere-mas-conductoras-en-costa-rica\/"},"wordCount":762,"commentCount":0,"publisher":{"@id":"http:\/\/ticaspoderosas.com\/#organization"},"keywords":["Asociaci\u00f3n Alas","empleo femenino","empoderamiento femenino","juntas al volante","Miriam Manrique","Nuria Mar\u00edn","uber"],"articleSection":["Reportajes"],"inLanguage":"es","potentialAction":[{"@type":"CommentAction","name":"Comment","target":["http:\/\/ticaspoderosas.com\/index.php\/uber-quiere-mas-conductoras-en-costa-rica\/#respond"]}]},{"@type":"WebPage","@id":"http:\/\/ticaspoderosas.com\/index.php\/uber-quiere-mas-conductoras-en-costa-rica\/","url":"http:\/\/ticaspoderosas.com\/index.php\/uber-quiere-mas-conductoras-en-costa-rica\/","name":"Uber quiere m\u00e1s conductoras en Costa Rica - Ticas poderosas","isPartOf":{"@id":"http:\/\/ticaspoderosas.com\/#website"},"datePublished":"2020-11-10T22:28:45+00:00","dateModified":"2020-11-11T15:02:48+00:00","breadcrumb":{"@id":"http:\/\/ticaspoderosas.com\/index.php\/uber-quiere-mas-conductoras-en-costa-rica\/#breadcrumb"},"inLanguage":"es","potentialAction":[{"@type":"ReadAction","target":["http:\/\/ticaspoderosas.com\/index.php\/uber-quiere-mas-conductoras-en-costa-rica\/"]}]},{"@type":"BreadcrumbList","@id":"http:\/\/ticaspoderosas.com\/index.php\/uber-quiere-mas-conductoras-en-costa-rica\/#breadcrumb","itemListElement":[{"@type":"ListItem","position":1,"name":"Portada","item":"http:\/\/ticaspoderosas.com\/"},{"@type":"ListItem","position":2,"name":"Uber quiere m\u00e1s conductoras en Costa Rica"}]},{"@type":"WebSite","@id":"http:\/\/ticaspoderosas.com\/#website","url":"http:\/\/ticaspoderosas.com\/","name":"Ticas Poderosas","description":"Plataforma multimedia","publisher":{"@id":"http:\/\/ticaspoderosas.com\/#organization"},"potentialAction":[{"@type":"SearchAction","target":{"@type":"EntryPoint","urlTemplate":"http:\/\/ticaspoderosas.com\/?s={search_term_string}"},"query-input":"required name=search_term_string"}],"inLanguage":"es"},{"@type":"Organization","@id":"http:\/\/ticaspoderosas.com\/#organization","name":"Ticas Poderosas","url":"http:\/\/ticaspoderosas.com\/","logo":{"@type":"ImageObject","inLanguage":"es","@id":"http:\/\/ticaspoderosas.com\/#\/schema\/logo\/image\/","url":"http:\/\/ticaspoderosas.com\/wp-content\/uploads\/2016\/09\/ticas.png","contentUrl":"http:\/\/ticaspoderosas.com\/wp-content\/uploads\/2016\/09\/ticas.png","width":180,"height":180,"caption":"Ticas Poderosas"},"image":{"@id":"http:\/\/ticaspoderosas.com\/#\/schema\/logo\/image\/"},"sameAs":["https:\/\/www.facebook.com\/Ticas-Poderosas-117994322976683","https:\/\/www.instagram.com\/ticaspoderosas\/"]},{"@type":"Person","@id":"http:\/\/ticaspoderosas.com\/#\/schema\/person\/229e533909640ee5255dd80f78c969af","name":"Gustavo Arias","image":{"@type":"ImageObject","inLanguage":"es","@id":"http:\/\/ticaspoderosas.com\/#\/schema\/person\/image\/","url":"http:\/\/1.gravatar.com\/avatar\/741d3124c89fb458b3a98303915a0ec1?s=96&d=mm&r=g","contentUrl":"http:\/\/1.gravatar.com\/avatar\/741d3124c89fb458b3a98303915a0ec1?s=96&d=mm&r=g","caption":"Gustavo Arias"}}]}},"_links":{"self":[{"href":"http:\/\/ticaspoderosas.com\/index.php\/wp-json\/wp\/v2\/posts\/2317"}],"collection":[{"href":"http:\/\/ticaspoderosas.com\/index.php\/wp-json\/wp\/v2\/posts"}],"about":[{"href":"http:\/\/ticaspoderosas.com\/index.php\/wp-json\/wp\/v2\/types\/post"}],"author":[{"embeddable":true,"href":"http:\/\/ticaspoderosas.com\/index.php\/wp-json\/wp\/v2\/users\/13"}],"replies":[{"embeddable":true,"href":"http:\/\/ticaspoderosas.com\/index.php\/wp-json\/wp\/v2\/comments?post=2317"}],"version-history":[{"count":2,"href":"http:\/\/ticaspoderosas.com\/index.php\/wp-json\/wp\/v2\/posts\/2317\/revisions"}],"predecessor-version":[{"id":2322,"href":"http:\/\/ticaspoderosas.com\/index.php\/wp-json\/wp\/v2\/posts\/2317\/revisions\/2322"}],"wp:featuredmedia":[{"embeddable":true,"href":"http:\/\/ticaspoderosas.com\/index.php\/wp-json\/wp\/v2\/media\/2318"}],"wp:attachment":[{"href":"http:\/\/ticaspoderosas.com\/index.php\/wp-json\/wp\/v2\/media?parent=2317"}],"wp:term":[{"taxonomy":"category","embeddable":true,"href":"http:\/\/ticaspoderosas.com\/index.php\/wp-json\/wp\/v2\/categories?post=2317"},{"taxonomy":"post_tag","embeddable":true,"href":"http:\/\/ticaspoderosas.com\/index.php\/wp-json\/wp\/v2\/tags?post=2317"}],"curies":[{"name":"wp","href":"https:\/\/api.w.org\/{rel}","templated":true}]}}