{"id":2326,"date":"2020-11-16T17:03:50","date_gmt":"2020-11-16T15:03:50","guid":{"rendered":"http:\/\/ticaspoderosas.com\/?p=2326"},"modified":"2020-11-16T17:05:03","modified_gmt":"2020-11-16T15:05:03","slug":"mujeres-para-liderar-la-reactivacion-economica","status":"publish","type":"post","link":"http:\/\/ticaspoderosas.com\/index.php\/mujeres-para-liderar-la-reactivacion-economica\/","title":{"rendered":"Mujeres para liderar la reactivaci\u00f3n econ\u00f3mica"},"content":{"rendered":"\n<p><strong>Foro virtual gratuito busca impulsar la incursi\u00f3n de las mujeres en la recuperaci\u00f3n de la econom\u00eda mundial.<\/strong><\/p>\n\n\n\n<p style=\"font-size:22px\"><strong>Por: Agencias<\/strong><\/p>\n\n\n\n<p class=\"has-drop-cap\">La llegada de la pandemia de la COVID-19 ha aumentado la desigualdad laboral. Datos de la reciente <a href=\"https:\/\/www.inec.cr\/encuestas\/encuesta-continua-de-empleo\" target=\"_blank\" rel=\"noreferrer noopener\"><strong>Encuesta Continua de Empleo (ECE) del Instituto Nacional de Estad\u00edstica y Censos (INEC)<\/strong><\/a><strong> <\/strong>indican que la&nbsp; tasa de desempleo de la poblaci\u00f3n femenina representa el 29%, mientras que la masculina un 17,4%.&nbsp;<\/p>\n\n\n\n<p>As\u00ed las cosas y&nbsp; con el prop\u00f3sito que m\u00e1s empresas del sector p\u00fablico y privado, academias, organizaciones sin fines de lucro y p\u00fablico en general involucren a las mujeres en la reactivaci\u00f3n econ\u00f3mica se impartir\u00e1 el foro gratuito y virtual <a href=\"https:\/\/redsofa.typeform.com\/to\/pA0Tcjl0\" target=\"_blank\" rel=\"noreferrer noopener\"><strong><em>\u201cMujeres liderando una recuperaci\u00f3n inclusiva\u201d<\/em><\/strong><\/a><strong><em> <\/em><\/strong>el viernes 20 de noviembre de 9:00 a.m. a 11:00 a.m.&nbsp;<\/p>\n\n\n\n<p>El mismo est\u00e1 organizado por <a rel=\"noreferrer noopener\" href=\"https:\/\/www.facebook.com\/womenupglobal\/\" target=\"_blank\"><strong>Women UP<\/strong><\/a> (Mujeres con Potencial Ilimitado por su traducci\u00f3n en espa\u00f1ol), una organizaci\u00f3n aceleradora y transformadora de la equidad e inclusi\u00f3n de la mujer, y dirigido a organizaciones interesadas en temas como: liderazgo y empoderamiento, reactivaci\u00f3n con enfoque de g\u00e9nero, empleabilidad, emprendedurismo, equidad de g\u00e9nero y mujeres como agentes de cambio.\u00a0<\/p>\n\n\n\n<p style=\"font-size:22px\"><strong>Lea tambi\u00e9n:<\/strong> <a href=\"http:\/\/ticaspoderosas.com\/index.php\/mujeres-directivas-incrementan-hasta-20-el-rendimiento-de-las-empresas\/\" target=\"_blank\" rel=\"noreferrer noopener\">Mujeres directivas incrementan hasta 20 % el rendimiento de las empresas<\/a><\/p>\n\n\n\n<p>Ivannia Murillo,&nbsp; co fundadora de Women UP explica que la equidad de g\u00e9nero es un tema de derechos humanos que favorece el crecimiento econ\u00f3mico de una sociedad m\u00e1s equitativa. El COVID-19 aceler\u00f3 la brecha de g\u00e9nero, es decir redujo el&nbsp; acceso a oportunidades laborales y la no equidad en la crianza y cuidado del hogar.&nbsp;<\/p>\n\n\n\n<p>\u201cEn nuestra experiencia como consultoras en \u00e1reas como recursos humanos y desarrollo de negocios nos damos cuenta que a\u00fan existe discriminaci\u00f3n y desconocimiento dentro de las empresas de lo que implica una organizaci\u00f3n con perspectiva de g\u00e9nero.&nbsp;<\/p>\n\n\n\n<p>Las empresas tambi\u00e9n pierden espacios laborales m\u00e1s productivos e innovadores as\u00ed como rentables por no incorporar talento femenino en todas sus \u00e1reas. Como mujeres empresarias y que hemos accedido a la educaci\u00f3n y a posiciones de liderazgo somos afortunadas, pero debemos comprometernos a apoyar a que m\u00e1s mujeres tengan la oportunidad de crecer econ\u00f3micamente a trav\u00e9s de alianzas p\u00fablico-privadas. En medio de la reactivaci\u00f3n econ\u00f3mica es un momento preciso para crear conciencia y aportar conocimiento al sector productivo\u201d, agrega.&nbsp;&nbsp;<\/p>\n\n\n\n<p style=\"font-size:22px\"><strong>Lea tambi\u00e9n: <\/strong><a href=\"http:\/\/ticaspoderosas.com\/index.php\/las-mujeres-que-salvaran-al-mundo\/\" target=\"_blank\" rel=\"noreferrer noopener\">Las mujeres que salvar\u00e1n al mundo<\/a><\/p>\n\n\n\n<p>\u201cDesde Women Up queremos enfocar la oportunidad de acelerar y potencializar el crecimiento con la participaci\u00f3n relevante de la mujer en la nueva econom\u00eda\u00bb, explica Carolina Molina, co fundadora de Women Up.<\/p>\n\n\n\n<p>En tanto, a\u00f1ade: \u201cLa mujer, como agente multiplicador, cuando participa activamente en la econom\u00eda \u00e9sta acelera su crecimiento. El empoderamiento econ\u00f3mico de la mujer impulsa la productividad, innovaci\u00f3n, aumenta la diversificaci\u00f3n econ\u00f3mica, lleva a mejores resultados sociales y econ\u00f3micos. Desde Women Up buscamos potenciar el talento de las mujeres, amplificar sus voces, contribuir a su empoderamiento econ\u00f3mico y social de una forma sostenible, as\u00ed como&nbsp;nutrir y fortalecer su liderazgo.\u201d<\/p>\n\n\n\n<p>Para participar de este foro sin costo debe ingresar a este enlace: <strong><a href=\"https:\/\/redsofa.typeform.com\/to\/pA0Tcjl0\" target=\"_blank\" rel=\"noreferrer noopener\">https:\/\/redsofa.typeform.com\/to\/pA0Tcjl0<\/a>&nbsp;<\/strong><\/p>\n\n\n\n<p>El evento se realizar\u00e1 en el marco del <a href=\"https:\/\/www.un.org\/es\/events\/endviolenceday\/\" target=\"_blank\" rel=\"noreferrer noopener\"><strong>D\u00eda Internacional de la Eliminaci\u00f3n de la Violencia contra la Mujer<\/strong><\/a>, que se conmemora el 25 de noviembre.&nbsp;<\/p>\n\n\n\n<p style=\"font-size:34px\"><strong>Agenda<\/strong><\/p>\n\n\n\n<p>Ponentes provienen de Estados Unidos, Guatemala, Espa\u00f1a, Nicaragua y Costa Rica:&nbsp;&nbsp;<\/p>\n\n\n\n<ol><li>Mitzy&nbsp;Mousa Lanza,&nbsp;<strong><em>\u00ab<\/em><\/strong><em>Navegando lo Desconocido: Estrategias para Surgir\u00bb<\/em><\/li><li>Karla Ruiz Cofi\u00f1o, <em>\u00abM\u00e1s de 40 a\u00f1os, 10 lecciones de vida\u201d.<\/em><\/li><li>Nadia Vado<em>, \u201cManejo Emocional en tiempos de cambio\u201d.<\/em><\/li><li>Cidalice Cerdas,&nbsp;<em>\u00abGenias, poetas y presidentas: las Mujeres y las Palabras\u00bb.<\/em><\/li><li>Vanesa Robles, <em>\u201cEmpoderamiento femenino a trav\u00e9s de las finanzas: tomando el control de tus decisiones\u201d.<\/em><\/li><\/ol>\n\n\n\n<p style=\"font-size:34px\"><strong>Sobre Women Up&nbsp;<\/strong><\/p>\n\n\n\n<p>Women Up es una organizaci\u00f3n con enfoque social, que busca nutrir el talento de mujeres j\u00f3venes y adultas, ampliar sus voces, contribuir en el empoderamiento econ\u00f3mico y social sostenible de la mujer, as\u00ed como fortalecer su liderazgo dentro de la sociedad.&nbsp;Su visi\u00f3n multidimensional de largo plazo tiene como prop\u00f3sito desencadenar y acelerar todo el potencial de las mujeres de la regi\u00f3n en la nueva econom\u00eda. Colabora con las empresas, organismos e instituciones, integrando esfuerzos para crear un futuro m\u00e1s equitativo e inclusivo para todos.<\/p>\n","protected":false},"excerpt":{"rendered":"<p>Foro virtual gratuito busca impulsar la incursi\u00f3n de las mujeres en la recuperaci\u00f3n de la econom\u00eda mundial. Por: Agencias La llegada de la pandemia de la COVID-19 ha aumentado la desigualdad laboral. Datos de la reciente Encuesta Continua de Empleo (ECE) del Instituto Nacional de Estad\u00edstica y Censos (INEC) indican que la&nbsp; tasa de desempleo [&hellip;]<\/p>\n","protected":false},"author":13,"featured_media":2327,"comment_status":"open","ping_status":"open","sticky":false,"template":"","format":"standard","meta":{"_links_to":"","_links_to_target":""},"categories":[393],"tags":[164,469,394,724],"yoast_head":"<!-- This site is optimized with the Yoast SEO plugin v20.2.1 - https:\/\/yoast.com\/wordpress\/plugins\/seo\/ -->\n<title>Mujeres para liderar la reactivaci\u00f3n econ\u00f3mica - Ticas poderosas<\/title>\n<meta name=\"robots\" content=\"index, follow, max-snippet:-1, max-image-preview:large, max-video-preview:-1\" \/>\n<link rel=\"canonical\" href=\"http:\/\/ticaspoderosas.com\/index.php\/mujeres-para-liderar-la-reactivacion-economica\/\" \/>\n<meta property=\"og:locale\" content=\"es_ES\" \/>\n<meta property=\"og:type\" content=\"article\" \/>\n<meta property=\"og:title\" content=\"Mujeres para liderar la reactivaci\u00f3n econ\u00f3mica - Ticas poderosas\" \/>\n<meta property=\"og:description\" content=\"Foro virtual gratuito busca impulsar la incursi\u00f3n de las mujeres en la recuperaci\u00f3n de la econom\u00eda mundial. Por: Agencias La llegada de la pandemia de la COVID-19 ha aumentado la desigualdad laboral. Datos de la reciente Encuesta Continua de Empleo (ECE) del Instituto Nacional de Estad\u00edstica y Censos (INEC) indican que la&nbsp; tasa de desempleo [&hellip;]\" \/>\n<meta property=\"og:url\" content=\"http:\/\/ticaspoderosas.com\/index.php\/mujeres-para-liderar-la-reactivacion-economica\/\" \/>\n<meta property=\"og:site_name\" content=\"Ticas poderosas\" \/>\n<meta property=\"article:publisher\" content=\"https:\/\/www.facebook.com\/Ticas-Poderosas-117994322976683\" \/>\n<meta property=\"article:published_time\" content=\"2020-11-16T15:03:50+00:00\" \/>\n<meta property=\"article:modified_time\" content=\"2020-11-16T15:05:03+00:00\" \/>\n<meta property=\"og:image\" content=\"http:\/\/ticaspoderosas.com\/wp-content\/uploads\/2020\/11\/Women-Up-2.jpg\" \/>\n\t<meta property=\"og:image:width\" content=\"1200\" \/>\n\t<meta property=\"og:image:height\" content=\"800\" \/>\n\t<meta property=\"og:image:type\" content=\"image\/jpeg\" \/>\n<meta name=\"author\" content=\"Gustavo Arias\" \/>\n<meta name=\"twitter:card\" content=\"summary_large_image\" \/>\n<script type=\"application\/ld+json\" class=\"yoast-schema-graph\">{\"@context\":\"https:\/\/schema.org\",\"@graph\":[{\"@type\":\"Article\",\"@id\":\"http:\/\/ticaspoderosas.com\/index.php\/mujeres-para-liderar-la-reactivacion-economica\/#article\",\"isPartOf\":{\"@id\":\"http:\/\/ticaspoderosas.com\/index.php\/mujeres-para-liderar-la-reactivacion-economica\/\"},\"author\":{\"name\":\"Gustavo Arias\",\"@id\":\"http:\/\/ticaspoderosas.com\/#\/schema\/person\/229e533909640ee5255dd80f78c969af\"},\"headline\":\"Mujeres para liderar la reactivaci\u00f3n econ\u00f3mica\",\"datePublished\":\"2020-11-16T15:03:50+00:00\",\"dateModified\":\"2020-11-16T15:05:03+00:00\",\"mainEntityOfPage\":{\"@id\":\"http:\/\/ticaspoderosas.com\/index.php\/mujeres-para-liderar-la-reactivacion-economica\/\"},\"wordCount\":757,\"commentCount\":0,\"publisher\":{\"@id\":\"http:\/\/ticaspoderosas.com\/#organization\"},\"keywords\":[\"Econom\u00eda\",\"Empoderamiento\",\"Mujer\",\"Women Up\"],\"articleSection\":[\"Reportajes\"],\"inLanguage\":\"es\",\"potentialAction\":[{\"@type\":\"CommentAction\",\"name\":\"Comment\",\"target\":[\"http:\/\/ticaspoderosas.com\/index.php\/mujeres-para-liderar-la-reactivacion-economica\/#respond\"]}]},{\"@type\":\"WebPage\",\"@id\":\"http:\/\/ticaspoderosas.com\/index.php\/mujeres-para-liderar-la-reactivacion-economica\/\",\"url\":\"http:\/\/ticaspoderosas.com\/index.php\/mujeres-para-liderar-la-reactivacion-economica\/\",\"name\":\"Mujeres para liderar la reactivaci\u00f3n econ\u00f3mica - Ticas poderosas\",\"isPartOf\":{\"@id\":\"http:\/\/ticaspoderosas.com\/#website\"},\"datePublished\":\"2020-11-16T15:03:50+00:00\",\"dateModified\":\"2020-11-16T15:05:03+00:00\",\"breadcrumb\":{\"@id\":\"http:\/\/ticaspoderosas.com\/index.php\/mujeres-para-liderar-la-reactivacion-economica\/#breadcrumb\"},\"inLanguage\":\"es\",\"potentialAction\":[{\"@type\":\"ReadAction\",\"target\":[\"http:\/\/ticaspoderosas.com\/index.php\/mujeres-para-liderar-la-reactivacion-economica\/\"]}]},{\"@type\":\"BreadcrumbList\",\"@id\":\"http:\/\/ticaspoderosas.com\/index.php\/mujeres-para-liderar-la-reactivacion-economica\/#breadcrumb\",\"itemListElement\":[{\"@type\":\"ListItem\",\"position\":1,\"name\":\"Portada\",\"item\":\"http:\/\/ticaspoderosas.com\/\"},{\"@type\":\"ListItem\",\"position\":2,\"name\":\"Mujeres para liderar la reactivaci\u00f3n econ\u00f3mica\"}]},{\"@type\":\"WebSite\",\"@id\":\"http:\/\/ticaspoderosas.com\/#website\",\"url\":\"http:\/\/ticaspoderosas.com\/\",\"name\":\"Ticas Poderosas\",\"description\":\"Plataforma multimedia\",\"publisher\":{\"@id\":\"http:\/\/ticaspoderosas.com\/#organization\"},\"potentialAction\":[{\"@type\":\"SearchAction\",\"target\":{\"@type\":\"EntryPoint\",\"urlTemplate\":\"http:\/\/ticaspoderosas.com\/?s={search_term_string}\"},\"query-input\":\"required name=search_term_string\"}],\"inLanguage\":\"es\"},{\"@type\":\"Organization\",\"@id\":\"http:\/\/ticaspoderosas.com\/#organization\",\"name\":\"Ticas Poderosas\",\"url\":\"http:\/\/ticaspoderosas.com\/\",\"logo\":{\"@type\":\"ImageObject\",\"inLanguage\":\"es\",\"@id\":\"http:\/\/ticaspoderosas.com\/#\/schema\/logo\/image\/\",\"url\":\"http:\/\/ticaspoderosas.com\/wp-content\/uploads\/2016\/09\/ticas.png\",\"contentUrl\":\"http:\/\/ticaspoderosas.com\/wp-content\/uploads\/2016\/09\/ticas.png\",\"width\":180,\"height\":180,\"caption\":\"Ticas Poderosas\"},\"image\":{\"@id\":\"http:\/\/ticaspoderosas.com\/#\/schema\/logo\/image\/\"},\"sameAs\":[\"https:\/\/www.facebook.com\/Ticas-Poderosas-117994322976683\",\"https:\/\/www.instagram.com\/ticaspoderosas\/\"]},{\"@type\":\"Person\",\"@id\":\"http:\/\/ticaspoderosas.com\/#\/schema\/person\/229e533909640ee5255dd80f78c969af\",\"name\":\"Gustavo Arias\",\"image\":{\"@type\":\"ImageObject\",\"inLanguage\":\"es\",\"@id\":\"http:\/\/ticaspoderosas.com\/#\/schema\/person\/image\/\",\"url\":\"http:\/\/1.gravatar.com\/avatar\/741d3124c89fb458b3a98303915a0ec1?s=96&d=mm&r=g\",\"contentUrl\":\"http:\/\/1.gravatar.com\/avatar\/741d3124c89fb458b3a98303915a0ec1?s=96&d=mm&r=g\",\"caption\":\"Gustavo Arias\"}}]}<\/script>\n<!-- \/ Yoast SEO plugin. -->","yoast_head_json":{"title":"Mujeres para liderar la reactivaci\u00f3n econ\u00f3mica - Ticas poderosas","robots":{"index":"index","follow":"follow","max-snippet":"max-snippet:-1","max-image-preview":"max-image-preview:large","max-video-preview":"max-video-preview:-1"},"canonical":"http:\/\/ticaspoderosas.com\/index.php\/mujeres-para-liderar-la-reactivacion-economica\/","og_locale":"es_ES","og_type":"article","og_title":"Mujeres para liderar la reactivaci\u00f3n econ\u00f3mica - Ticas poderosas","og_description":"Foro virtual gratuito busca impulsar la incursi\u00f3n de las mujeres en la recuperaci\u00f3n de la econom\u00eda mundial. Por: Agencias La llegada de la pandemia de la COVID-19 ha aumentado la desigualdad laboral. Datos de la reciente Encuesta Continua de Empleo (ECE) del Instituto Nacional de Estad\u00edstica y Censos (INEC) indican que la&nbsp; tasa de desempleo [&hellip;]","og_url":"http:\/\/ticaspoderosas.com\/index.php\/mujeres-para-liderar-la-reactivacion-economica\/","og_site_name":"Ticas poderosas","article_publisher":"https:\/\/www.facebook.com\/Ticas-Poderosas-117994322976683","article_published_time":"2020-11-16T15:03:50+00:00","article_modified_time":"2020-11-16T15:05:03+00:00","og_image":[{"width":1200,"height":800,"url":"http:\/\/ticaspoderosas.com\/wp-content\/uploads\/2020\/11\/Women-Up-2.jpg","type":"image\/jpeg"}],"author":"Gustavo Arias","twitter_card":"summary_large_image","schema":{"@context":"https:\/\/schema.org","@graph":[{"@type":"Article","@id":"http:\/\/ticaspoderosas.com\/index.php\/mujeres-para-liderar-la-reactivacion-economica\/#article","isPartOf":{"@id":"http:\/\/ticaspoderosas.com\/index.php\/mujeres-para-liderar-la-reactivacion-economica\/"},"author":{"name":"Gustavo Arias","@id":"http:\/\/ticaspoderosas.com\/#\/schema\/person\/229e533909640ee5255dd80f78c969af"},"headline":"Mujeres para liderar la reactivaci\u00f3n econ\u00f3mica","datePublished":"2020-11-16T15:03:50+00:00","dateModified":"2020-11-16T15:05:03+00:00","mainEntityOfPage":{"@id":"http:\/\/ticaspoderosas.com\/index.php\/mujeres-para-liderar-la-reactivacion-economica\/"},"wordCount":757,"commentCount":0,"publisher":{"@id":"http:\/\/ticaspoderosas.com\/#organization"},"keywords":["Econom\u00eda","Empoderamiento","Mujer","Women Up"],"articleSection":["Reportajes"],"inLanguage":"es","potentialAction":[{"@type":"CommentAction","name":"Comment","target":["http:\/\/ticaspoderosas.com\/index.php\/mujeres-para-liderar-la-reactivacion-economica\/#respond"]}]},{"@type":"WebPage","@id":"http:\/\/ticaspoderosas.com\/index.php\/mujeres-para-liderar-la-reactivacion-economica\/","url":"http:\/\/ticaspoderosas.com\/index.php\/mujeres-para-liderar-la-reactivacion-economica\/","name":"Mujeres para liderar la reactivaci\u00f3n econ\u00f3mica - Ticas poderosas","isPartOf":{"@id":"http:\/\/ticaspoderosas.com\/#website"},"datePublished":"2020-11-16T15:03:50+00:00","dateModified":"2020-11-16T15:05:03+00:00","breadcrumb":{"@id":"http:\/\/ticaspoderosas.com\/index.php\/mujeres-para-liderar-la-reactivacion-economica\/#breadcrumb"},"inLanguage":"es","potentialAction":[{"@type":"ReadAction","target":["http:\/\/ticaspoderosas.com\/index.php\/mujeres-para-liderar-la-reactivacion-economica\/"]}]},{"@type":"BreadcrumbList","@id":"http:\/\/ticaspoderosas.com\/index.php\/mujeres-para-liderar-la-reactivacion-economica\/#breadcrumb","itemListElement":[{"@type":"ListItem","position":1,"name":"Portada","item":"http:\/\/ticaspoderosas.com\/"},{"@type":"ListItem","position":2,"name":"Mujeres para liderar la reactivaci\u00f3n econ\u00f3mica"}]},{"@type":"WebSite","@id":"http:\/\/ticaspoderosas.com\/#website","url":"http:\/\/ticaspoderosas.com\/","name":"Ticas Poderosas","description":"Plataforma multimedia","publisher":{"@id":"http:\/\/ticaspoderosas.com\/#organization"},"potentialAction":[{"@type":"SearchAction","target":{"@type":"EntryPoint","urlTemplate":"http:\/\/ticaspoderosas.com\/?s={search_term_string}"},"query-input":"required name=search_term_string"}],"inLanguage":"es"},{"@type":"Organization","@id":"http:\/\/ticaspoderosas.com\/#organization","name":"Ticas Poderosas","url":"http:\/\/ticaspoderosas.com\/","logo":{"@type":"ImageObject","inLanguage":"es","@id":"http:\/\/ticaspoderosas.com\/#\/schema\/logo\/image\/","url":"http:\/\/ticaspoderosas.com\/wp-content\/uploads\/2016\/09\/ticas.png","contentUrl":"http:\/\/ticaspoderosas.com\/wp-content\/uploads\/2016\/09\/ticas.png","width":180,"height":180,"caption":"Ticas Poderosas"},"image":{"@id":"http:\/\/ticaspoderosas.com\/#\/schema\/logo\/image\/"},"sameAs":["https:\/\/www.facebook.com\/Ticas-Poderosas-117994322976683","https:\/\/www.instagram.com\/ticaspoderosas\/"]},{"@type":"Person","@id":"http:\/\/ticaspoderosas.com\/#\/schema\/person\/229e533909640ee5255dd80f78c969af","name":"Gustavo Arias","image":{"@type":"ImageObject","inLanguage":"es","@id":"http:\/\/ticaspoderosas.com\/#\/schema\/person\/image\/","url":"http:\/\/1.gravatar.com\/avatar\/741d3124c89fb458b3a98303915a0ec1?s=96&d=mm&r=g","contentUrl":"http:\/\/1.gravatar.com\/avatar\/741d3124c89fb458b3a98303915a0ec1?s=96&d=mm&r=g","caption":"Gustavo Arias"}}]}},"_links":{"self":[{"href":"http:\/\/ticaspoderosas.com\/index.php\/wp-json\/wp\/v2\/posts\/2326"}],"collection":[{"href":"http:\/\/ticaspoderosas.com\/index.php\/wp-json\/wp\/v2\/posts"}],"about":[{"href":"http:\/\/ticaspoderosas.com\/index.php\/wp-json\/wp\/v2\/types\/post"}],"author":[{"embeddable":true,"href":"http:\/\/ticaspoderosas.com\/index.php\/wp-json\/wp\/v2\/users\/13"}],"replies":[{"embeddable":true,"href":"http:\/\/ticaspoderosas.com\/index.php\/wp-json\/wp\/v2\/comments?post=2326"}],"version-history":[{"count":2,"href":"http:\/\/ticaspoderosas.com\/index.php\/wp-json\/wp\/v2\/posts\/2326\/revisions"}],"predecessor-version":[{"id":2329,"href":"http:\/\/ticaspoderosas.com\/index.php\/wp-json\/wp\/v2\/posts\/2326\/revisions\/2329"}],"wp:featuredmedia":[{"embeddable":true,"href":"http:\/\/ticaspoderosas.com\/index.php\/wp-json\/wp\/v2\/media\/2327"}],"wp:attachment":[{"href":"http:\/\/ticaspoderosas.com\/index.php\/wp-json\/wp\/v2\/media?parent=2326"}],"wp:term":[{"taxonomy":"category","embeddable":true,"href":"http:\/\/ticaspoderosas.com\/index.php\/wp-json\/wp\/v2\/categories?post=2326"},{"taxonomy":"post_tag","embeddable":true,"href":"http:\/\/ticaspoderosas.com\/index.php\/wp-json\/wp\/v2\/tags?post=2326"}],"curies":[{"name":"wp","href":"https:\/\/api.w.org\/{rel}","templated":true}]}}