{"id":2393,"date":"2020-12-24T00:55:07","date_gmt":"2020-12-23T22:55:07","guid":{"rendered":"http:\/\/ticaspoderosas.com\/?p=2393"},"modified":"2020-12-24T00:55:08","modified_gmt":"2020-12-23T22:55:08","slug":"mujeres-poderosas-del-2020","status":"publish","type":"post","link":"http:\/\/ticaspoderosas.com\/index.php\/mujeres-poderosas-del-2020\/","title":{"rendered":"\u00a1Mujeres poderosas del 2020!"},"content":{"rendered":"\n<p><strong>Ni uno de los a\u00f1os m\u00e1s dif\u00edciles en la historia pudo detener a mujeres que alzaron la voz y pelearon hasta el final.<\/strong><\/p>\n\n\n\n<p style=\"font-size:22px\"><strong>Por: Fiorella Montoya<\/strong><\/p>\n\n\n\n<p class=\"has-drop-cap\">Un a\u00f1o convulso, diferente y, sin duda, dif\u00edcil. Ninguna de esas palabras puede definir a las mujeres en este a\u00f1o 2020 pues, a pesar de la situaci\u00f3n, redoblaron esfuerzos, gritaron, pelearon, ganaron luchas y se preparan para continuar rompiendo esquemas.<\/p>\n\n\n\n<p>Imparables es una palabra que puede describirlas. En \u00e1mbitos como la m\u00fasica, la gobernanza, el deporte, la ciencia, la medicina y, por supuesto, las luchas sociales son donde m\u00e1s han destacado las mujeres costarricenses, m\u00e1s poderosas que nunca.<\/p>\n\n\n\n<p style=\"font-size:34px\"><strong>Debi Nova<\/strong><\/p>\n\n\n\n<figure class=\"wp-block-image size-large\"><img decoding=\"async\" loading=\"lazy\" width=\"720\" height=\"536\" src=\"http:\/\/ticaspoderosas.com\/wp-content\/uploads\/2020\/12\/Debi-Nova.jpg\" alt=\"\" class=\"wp-image-2394\" srcset=\"http:\/\/ticaspoderosas.com\/wp-content\/uploads\/2020\/12\/Debi-Nova.jpg 720w, http:\/\/ticaspoderosas.com\/wp-content\/uploads\/2020\/12\/Debi-Nova-300x223.jpg 300w\" sizes=\"(max-width: 720px) 100vw, 720px\" \/><figcaption><strong>La cantante nacional ha compartido escenario con otros cantantes exitosos, recientemente con Pedro Cap\u00f3. (Foto: Facebook Debi Nova).<\/strong><\/figcaption><\/figure>\n\n\n\n<p>Una costarricense que entre letras y m\u00fasica ha logrado llevar el nombre de Costa Rica muy en alto. Este a\u00f1o su \u00e1lbum 3:33 se convirti\u00f3 en uno de los m\u00e1s exitosos, donde recibi\u00f3 nominaci\u00f3n al Grammy Latino en categor\u00edas de Mejor \u00c1lbum y Mejor Canci\u00f3n Tropical con el tema \u201cQu\u00e9date\u201d a d\u00fao con Pedro Cap\u00f3.<\/p>\n\n\n\n<p>Pero la celebraci\u00f3n lleg\u00f3 al ganarlo en la categor\u00eda de Ingenier\u00eda, donde explot\u00f3 de emoci\u00f3n junto a todo su grupo de trabajo. La artista de 40 a\u00f1os contin\u00faa cosechando \u00e9xitos pero sobre todo destacando code\u00e1ndose con grandes exponentes musicales, con seguidores de todos lugares pero sobre todo, alzando la voz y abriendo camino para otras mujeres en el \u00e1mbito musical.&nbsp;&nbsp;<\/p>\n\n\n\n<p style=\"font-size:34px\"><strong>Marta Acosta<\/strong><\/p>\n\n\n\n<figure class=\"wp-block-image size-large\"><img decoding=\"async\" loading=\"lazy\" width=\"1020\" height=\"1024\" src=\"http:\/\/ticaspoderosas.com\/wp-content\/uploads\/2020\/12\/marta-acosta-1020x1024.jpg\" alt=\"\" class=\"wp-image-2395\" srcset=\"http:\/\/ticaspoderosas.com\/wp-content\/uploads\/2020\/12\/marta-acosta-1020x1024.jpg 1020w, http:\/\/ticaspoderosas.com\/wp-content\/uploads\/2020\/12\/marta-acosta-300x300.jpg 300w, http:\/\/ticaspoderosas.com\/wp-content\/uploads\/2020\/12\/marta-acosta-150x150.jpg 150w, http:\/\/ticaspoderosas.com\/wp-content\/uploads\/2020\/12\/marta-acosta-768x771.jpg 768w, http:\/\/ticaspoderosas.com\/wp-content\/uploads\/2020\/12\/marta-acosta-200x200.jpg 200w, http:\/\/ticaspoderosas.com\/wp-content\/uploads\/2020\/12\/marta-acosta.jpg 1237w\" sizes=\"(max-width: 1020px) 100vw, 1020px\" \/><figcaption><strong>Marta Acosta est\u00e1 al mando de la Contralor\u00eda General de la Rep\u00fablica desde 2012. (Foto: Prensa Contralor\u00eda).<\/strong><\/figcaption><\/figure>\n\n\n\n<p>La Contralora General de la Rep\u00fablica ha destacado por su trabajo en el \u00e1mbito econ\u00f3mico del pa\u00eds durante mucho tiempo, incluso; ha sido evidente la confianza que genera desde sus funciones velando por temas como el cumplimiento de la Ley de Fortalecimiento de las Finanzas P\u00fablicas, e incluso las investigaciones a la administraci\u00f3n Sol\u00eds Rivera.<\/p>\n\n\n\n<p>Evidencia de ello es que, a sus 61 a\u00f1os, en el pasado mes de abril fue reelecta por ocho a\u00f1os m\u00e1s en su cargo, con apoyo mayoritario de los diputados en la Asamblea Legislativa, sumando 16 a\u00f1os al mando de la instituci\u00f3n. Acosta no solo ha sido parte del ente fiscalizador de la Hacienda P\u00fablica, sino que su liderazgo tambi\u00e9n fue parte del Banco Interamericano de Desarrollo y el Banco Mundial; una tica que sin duda resalta cuando de econom\u00eda y finanzas se trata.<\/p>\n\n\n\n<p style=\"font-size:34px\"><strong>Daniela Solera<\/strong><\/p>\n\n\n\n<figure class=\"wp-block-image size-large\"><img decoding=\"async\" loading=\"lazy\" width=\"720\" height=\"900\" src=\"http:\/\/ticaspoderosas.com\/wp-content\/uploads\/2020\/12\/Daniela-Solera.jpg\" alt=\"\" class=\"wp-image-2396\" srcset=\"http:\/\/ticaspoderosas.com\/wp-content\/uploads\/2020\/12\/Daniela-Solera.jpg 720w, http:\/\/ticaspoderosas.com\/wp-content\/uploads\/2020\/12\/Daniela-Solera-240x300.jpg 240w\" sizes=\"(max-width: 720px) 100vw, 720px\" \/><figcaption><strong>La arquera nacional es la \u00fanica jugadora costarricense en alzar la libertadores. (Foto: Facebook Daniela Solera).<\/strong><\/figcaption><\/figure>\n\n\n\n<p>La naranje\u00f1a de 23 a\u00f1os es una de las legionarias m\u00e1s destacadas de Costa Rica. Su paso por Colombia y luego por Finlandia fue exitoso. Pero las medallas para la guardavalla nacional contin\u00faan, ya que carga consigo el t\u00edtulo de campeona en Colombia con el Atl\u00e9tico Huila de la Liga, e incluso la \u00fanica costarricense en levantar Copa Libertadores.<\/p>\n\n\n\n<p>En 2020 lleg\u00f3 a ser parte del Independiente Santa Fe, club que le guarda cari\u00f1o y respeto a las jugadoras nacionales y donde Solera nuevamente se coron\u00f3 campeona y volver\u00e1 a la competencia del \u00e1rea sudamericana.<\/p>\n\n\n\n<p style=\"font-size:34px\"><strong>Saprissa FF<\/strong><\/p>\n\n\n\n<figure class=\"wp-block-image size-large\"><img decoding=\"async\" loading=\"lazy\" width=\"1024\" height=\"682\" src=\"http:\/\/ticaspoderosas.com\/wp-content\/uploads\/2020\/10\/Saprissa-1024x682.jpg\" alt=\"\" class=\"wp-image-2280\" srcset=\"http:\/\/ticaspoderosas.com\/wp-content\/uploads\/2020\/10\/Saprissa-1024x682.jpg 1024w, http:\/\/ticaspoderosas.com\/wp-content\/uploads\/2020\/10\/Saprissa-300x200.jpg 300w, http:\/\/ticaspoderosas.com\/wp-content\/uploads\/2020\/10\/Saprissa-768x512.jpg 768w, http:\/\/ticaspoderosas.com\/wp-content\/uploads\/2020\/10\/Saprissa.jpg 1280w\" sizes=\"(max-width: 1024px) 100vw, 1024px\" \/><figcaption><strong>Jugadoras como Katherine Alvarado, Carolina Venegas, Dinnia D\u00edaz y Daniela Cruz llevaron el nombre de mujeres en su camisa. (Foto: Prensa Saprissa FF).<\/strong><\/figcaption><\/figure>\n\n\n\n<p>El deporte nunca est\u00e1 exento a ser parte de una lucha, esta vez fuera de la cancha pero gritando bien alto #NiUnaMenos. Las moradas iniciaron una lucha incansable donde visibilizaron los femicidios en nuestro pa\u00eds a trav\u00e9s de camisetas que llevaban consigo las capitanas del equipo en cada juego.<\/p>\n\n\n\n<p>Por Natalia, Andrea, Eva, do\u00f1a Tina, Mar\u00eda Luisa, Allison y muchas otras fueron por quienes levantaron la voz en el terreno de juego. \u201cNo estamos solas, somos muchas las que estamos peleando; sea una ni\u00f1a, o una se\u00f1ora. Con el simple hecho de que sea mujer, ninguna de nosotras la pasar\u00e1 por alto, nos vamos a acordar, vamos a pelear y vamos a luchar\u201d, dijo la jugadora Sof\u00eda Varela en aquel momento.<\/p>\n\n\n\n<p style=\"font-size:34px\"><strong>Kenia Barrantes y Luz Chac\u00f3n<\/strong><\/p>\n\n\n\n<figure class=\"wp-block-image size-large\"><img decoding=\"async\" loading=\"lazy\" width=\"950\" height=\"652\" src=\"http:\/\/ticaspoderosas.com\/wp-content\/uploads\/2020\/06\/1.jpg\" alt=\"\" class=\"wp-image-2080\" srcset=\"http:\/\/ticaspoderosas.com\/wp-content\/uploads\/2020\/06\/1.jpg 950w, http:\/\/ticaspoderosas.com\/wp-content\/uploads\/2020\/06\/1-300x206.jpg 300w, http:\/\/ticaspoderosas.com\/wp-content\/uploads\/2020\/06\/1-768x527.jpg 768w\" sizes=\"(max-width: 950px) 100vw, 950px\" \/><figcaption><strong>Kenia Barrantes y Luz Chac\u00f3n han trabajado juntas por 17 a\u00f1os. A su lado, la doctora Shirley Vargas, de la Escuela de Enfermer\u00eda. (Foto: Cortes\u00eda).<\/strong><\/figcaption><\/figure>\n\n\n\n<p>Justamente en un a\u00f1o como 2020, la ciencia y la investigaci\u00f3n fueron parte importante y las micro bi\u00f3logas nacionales Kenia Barrantes y Luz Chac\u00f3n rompieron cualquier barrera que pod\u00eda existir.<\/p>\n\n\n\n<p>Tras 17 a\u00f1os trabajando juntas, marcaron un antes y un despu\u00e9s con su estudio de aguas residuales con Covid-19, con un trabajo de prevenci\u00f3n de la mano del Ministerio de Salud. No solo marcaron una pauta en el \u00e1mbito sanitario del pa\u00eds, sino que sus historias reflejan que cuando se quiere, se puede. Hoy m\u00e1s que nunca estas dos ticas poderosas marcaron el 2020.<\/p>\n\n\n\n<p style=\"font-size:34px\"><strong>Colectivos feministas<\/strong><\/p>\n\n\n\n<figure class=\"wp-block-image size-large\"><img decoding=\"async\" loading=\"lazy\" width=\"1024\" height=\"683\" src=\"http:\/\/ticaspoderosas.com\/wp-content\/uploads\/2020\/06\/ACOSO1-1024x683.jpg\" alt=\"\" class=\"wp-image-2062\" srcset=\"http:\/\/ticaspoderosas.com\/wp-content\/uploads\/2020\/06\/ACOSO1-1024x683.jpg 1024w, http:\/\/ticaspoderosas.com\/wp-content\/uploads\/2020\/06\/ACOSO1-300x200.jpg 300w, http:\/\/ticaspoderosas.com\/wp-content\/uploads\/2020\/06\/ACOSO1-768x512.jpg 768w, http:\/\/ticaspoderosas.com\/wp-content\/uploads\/2020\/06\/ACOSO1.jpg 1200w\" sizes=\"(max-width: 1024px) 100vw, 1024px\" \/><figcaption><strong>Los colectivos feministas ticos han dado un paso adelante en sus luchas en este 2020. (Foto: Cortes\u00eda Anis Vargas). <\/strong><\/figcaption><\/figure>\n\n\n\n<p>Un logro celebrado y gritado por cada mujer del pa\u00eds fue la aprobaci\u00f3n de la Ley Contra el Acoso Callejero, la cual ya ha dado frutos. Muchas mujeres alzaron la voz entre ellas, los colectivos feministas como Acci\u00f3n Respeto CR, Acceder y Me Pas\u00f3 en la UCR, junto a ellas se unieron poco a poco otros como las mujeres de Costa Rica Afro.<\/p>\n\n\n\n<p>Una lucha incansable fue el desaf\u00edo y logro del 2020, donde nada detuvo que se establecieran derechos y se respete realmente la seguridad y tranquilidad de la mujer en las calles. Ellas no solo gritaron en contra del acoso, sino de los femicidios a una sola voz de: vivas nos queremos y libres y seguras.<\/p>\n\n\n\n<p>Adem\u00e1s de los colectivos, se debe hacer \u00e9nfasis en cada mujer costarricense que alz\u00f3 la voz y pele\u00f3 desde su trinchera en contra de cualquier forma de machismo, exigiendo justicia y haciendo un cambio verdadero.<\/p>\n\n\n\n<p style=\"font-size:34px\"><strong>Cuerpo m\u00e9dico femenino<\/strong><\/p>\n\n\n\n<figure class=\"wp-block-image size-large\"><img decoding=\"async\" loading=\"lazy\" width=\"1024\" height=\"819\" src=\"http:\/\/ticaspoderosas.com\/wp-content\/uploads\/2020\/12\/Doctoras-1024x819.png\" alt=\"\" class=\"wp-image-2397\" srcset=\"http:\/\/ticaspoderosas.com\/wp-content\/uploads\/2020\/12\/Doctoras-1024x819.png 1024w, http:\/\/ticaspoderosas.com\/wp-content\/uploads\/2020\/12\/Doctoras-300x240.png 300w, http:\/\/ticaspoderosas.com\/wp-content\/uploads\/2020\/12\/Doctoras-768x614.png 768w, http:\/\/ticaspoderosas.com\/wp-content\/uploads\/2020\/12\/Doctoras-1536x1229.png 1536w, http:\/\/ticaspoderosas.com\/wp-content\/uploads\/2020\/12\/Doctoras-1440x1152.png 1440w, http:\/\/ticaspoderosas.com\/wp-content\/uploads\/2020\/12\/Doctoras.png 1999w\" sizes=\"(max-width: 1024px) 100vw, 1024px\" \/><figcaption><strong>Las doctoras Villalobos, M\u00e9ndez, Ruiz, Poveda, Boyes, Leiva, Sibaja, Alem\u00e1n, Sol\u00eds, Rodr\u00edguez y Abad\u00eda, son parte del personal m\u00e9dico femenino que labora en el Hospital San Juan de Dios. (Fotos: Cortes\u00eda).<\/strong><\/figcaption><\/figure>\n\n\n\n<p>Una menci\u00f3n especial que se debe realizar es a todo el cuerpo m\u00e9dico femenino quienes han luchado de forma incansable con la pandemia en la primera l\u00ednea de defensa, ya que a nivel mundial existe mayor cantidad de personal femenino luchando e incluso repartiendo su vida con otros \u201croles\u201d ya establecidos por la sociedad.<\/p>\n\n\n\n<p>Hoy m\u00e1s que nunca, son mujeres y ticas en cualquier \u00e1mbito en el que se desenvuelven o desde los hogares, la lucha no termina; al contrario se fortalece porque se unen m\u00e1s voces, gracias a mujeres como estas que marcaron el 2020 tambi\u00e9n poderoso.<\/p>\n","protected":false},"excerpt":{"rendered":"<p>Ni uno de los a\u00f1os m\u00e1s dif\u00edciles en la historia pudo detener a mujeres que alzaron la voz y pelearon hasta el final. Por: Fiorella Montoya Un a\u00f1o convulso, diferente y, sin duda, dif\u00edcil. Ninguna de esas palabras puede definir a las mujeres en este a\u00f1o 2020 pues, a pesar de la situaci\u00f3n, redoblaron esfuerzos, [&hellip;]<\/p>\n","protected":false},"author":13,"featured_media":2398,"comment_status":"open","ping_status":"open","sticky":false,"template":"","format":"standard","meta":{"_links_to":"","_links_to_target":""},"categories":[393],"tags":[746,748,747],"yoast_head":"<!-- This site is optimized with the Yoast SEO plugin v20.2.1 - https:\/\/yoast.com\/wordpress\/plugins\/seo\/ -->\n<title>\u00a1Mujeres poderosas del 2020! - Ticas poderosas<\/title>\n<meta name=\"robots\" content=\"index, follow, max-snippet:-1, max-image-preview:large, max-video-preview:-1\" \/>\n<link rel=\"canonical\" href=\"http:\/\/ticaspoderosas.com\/index.php\/mujeres-poderosas-del-2020\/\" \/>\n<meta property=\"og:locale\" content=\"es_ES\" \/>\n<meta property=\"og:type\" content=\"article\" \/>\n<meta property=\"og:title\" content=\"\u00a1Mujeres poderosas del 2020! - Ticas poderosas\" \/>\n<meta property=\"og:description\" content=\"Ni uno de los a\u00f1os m\u00e1s dif\u00edciles en la historia pudo detener a mujeres que alzaron la voz y pelearon hasta el final. Por: Fiorella Montoya Un a\u00f1o convulso, diferente y, sin duda, dif\u00edcil. Ninguna de esas palabras puede definir a las mujeres en este a\u00f1o 2020 pues, a pesar de la situaci\u00f3n, redoblaron esfuerzos, [&hellip;]\" \/>\n<meta property=\"og:url\" content=\"http:\/\/ticaspoderosas.com\/index.php\/mujeres-poderosas-del-2020\/\" \/>\n<meta property=\"og:site_name\" content=\"Ticas poderosas\" \/>\n<meta property=\"article:publisher\" content=\"https:\/\/www.facebook.com\/Ticas-Poderosas-117994322976683\" \/>\n<meta property=\"article:published_time\" content=\"2020-12-23T22:55:07+00:00\" \/>\n<meta property=\"article:modified_time\" content=\"2020-12-23T22:55:08+00:00\" \/>\n<meta property=\"og:image\" content=\"http:\/\/ticaspoderosas.com\/wp-content\/uploads\/2020\/12\/Todas2020-1024x819.png\" \/>\n\t<meta property=\"og:image:width\" content=\"1024\" \/>\n\t<meta property=\"og:image:height\" content=\"819\" \/>\n\t<meta property=\"og:image:type\" content=\"image\/png\" \/>\n<meta name=\"author\" content=\"Gustavo Arias\" \/>\n<meta name=\"twitter:card\" content=\"summary_large_image\" \/>\n<script type=\"application\/ld+json\" class=\"yoast-schema-graph\">{\"@context\":\"https:\/\/schema.org\",\"@graph\":[{\"@type\":\"Article\",\"@id\":\"http:\/\/ticaspoderosas.com\/index.php\/mujeres-poderosas-del-2020\/#article\",\"isPartOf\":{\"@id\":\"http:\/\/ticaspoderosas.com\/index.php\/mujeres-poderosas-del-2020\/\"},\"author\":{\"name\":\"Gustavo Arias\",\"@id\":\"http:\/\/ticaspoderosas.com\/#\/schema\/person\/229e533909640ee5255dd80f78c969af\"},\"headline\":\"\u00a1Mujeres poderosas del 2020!\",\"datePublished\":\"2020-12-23T22:55:07+00:00\",\"dateModified\":\"2020-12-23T22:55:08+00:00\",\"mainEntityOfPage\":{\"@id\":\"http:\/\/ticaspoderosas.com\/index.php\/mujeres-poderosas-del-2020\/\"},\"wordCount\":1168,\"commentCount\":0,\"publisher\":{\"@id\":\"http:\/\/ticaspoderosas.com\/#organization\"},\"keywords\":[\"Costa Rica 2020\",\"Mujeres Poderosas 2020\",\"Ticas Poderosas 2020\"],\"articleSection\":[\"Reportajes\"],\"inLanguage\":\"es\",\"potentialAction\":[{\"@type\":\"CommentAction\",\"name\":\"Comment\",\"target\":[\"http:\/\/ticaspoderosas.com\/index.php\/mujeres-poderosas-del-2020\/#respond\"]}]},{\"@type\":\"WebPage\",\"@id\":\"http:\/\/ticaspoderosas.com\/index.php\/mujeres-poderosas-del-2020\/\",\"url\":\"http:\/\/ticaspoderosas.com\/index.php\/mujeres-poderosas-del-2020\/\",\"name\":\"\u00a1Mujeres poderosas del 2020! - Ticas poderosas\",\"isPartOf\":{\"@id\":\"http:\/\/ticaspoderosas.com\/#website\"},\"datePublished\":\"2020-12-23T22:55:07+00:00\",\"dateModified\":\"2020-12-23T22:55:08+00:00\",\"breadcrumb\":{\"@id\":\"http:\/\/ticaspoderosas.com\/index.php\/mujeres-poderosas-del-2020\/#breadcrumb\"},\"inLanguage\":\"es\",\"potentialAction\":[{\"@type\":\"ReadAction\",\"target\":[\"http:\/\/ticaspoderosas.com\/index.php\/mujeres-poderosas-del-2020\/\"]}]},{\"@type\":\"BreadcrumbList\",\"@id\":\"http:\/\/ticaspoderosas.com\/index.php\/mujeres-poderosas-del-2020\/#breadcrumb\",\"itemListElement\":[{\"@type\":\"ListItem\",\"position\":1,\"name\":\"Portada\",\"item\":\"http:\/\/ticaspoderosas.com\/\"},{\"@type\":\"ListItem\",\"position\":2,\"name\":\"\u00a1Mujeres poderosas del 2020!\"}]},{\"@type\":\"WebSite\",\"@id\":\"http:\/\/ticaspoderosas.com\/#website\",\"url\":\"http:\/\/ticaspoderosas.com\/\",\"name\":\"Ticas Poderosas\",\"description\":\"Plataforma multimedia\",\"publisher\":{\"@id\":\"http:\/\/ticaspoderosas.com\/#organization\"},\"potentialAction\":[{\"@type\":\"SearchAction\",\"target\":{\"@type\":\"EntryPoint\",\"urlTemplate\":\"http:\/\/ticaspoderosas.com\/?s={search_term_string}\"},\"query-input\":\"required name=search_term_string\"}],\"inLanguage\":\"es\"},{\"@type\":\"Organization\",\"@id\":\"http:\/\/ticaspoderosas.com\/#organization\",\"name\":\"Ticas Poderosas\",\"url\":\"http:\/\/ticaspoderosas.com\/\",\"logo\":{\"@type\":\"ImageObject\",\"inLanguage\":\"es\",\"@id\":\"http:\/\/ticaspoderosas.com\/#\/schema\/logo\/image\/\",\"url\":\"http:\/\/ticaspoderosas.com\/wp-content\/uploads\/2016\/09\/ticas.png\",\"contentUrl\":\"http:\/\/ticaspoderosas.com\/wp-content\/uploads\/2016\/09\/ticas.png\",\"width\":180,\"height\":180,\"caption\":\"Ticas Poderosas\"},\"image\":{\"@id\":\"http:\/\/ticaspoderosas.com\/#\/schema\/logo\/image\/\"},\"sameAs\":[\"https:\/\/www.facebook.com\/Ticas-Poderosas-117994322976683\",\"https:\/\/www.instagram.com\/ticaspoderosas\/\"]},{\"@type\":\"Person\",\"@id\":\"http:\/\/ticaspoderosas.com\/#\/schema\/person\/229e533909640ee5255dd80f78c969af\",\"name\":\"Gustavo Arias\",\"image\":{\"@type\":\"ImageObject\",\"inLanguage\":\"es\",\"@id\":\"http:\/\/ticaspoderosas.com\/#\/schema\/person\/image\/\",\"url\":\"http:\/\/1.gravatar.com\/avatar\/741d3124c89fb458b3a98303915a0ec1?s=96&d=mm&r=g\",\"contentUrl\":\"http:\/\/1.gravatar.com\/avatar\/741d3124c89fb458b3a98303915a0ec1?s=96&d=mm&r=g\",\"caption\":\"Gustavo Arias\"}}]}<\/script>\n<!-- \/ Yoast SEO plugin. -->","yoast_head_json":{"title":"\u00a1Mujeres poderosas del 2020! - Ticas poderosas","robots":{"index":"index","follow":"follow","max-snippet":"max-snippet:-1","max-image-preview":"max-image-preview:large","max-video-preview":"max-video-preview:-1"},"canonical":"http:\/\/ticaspoderosas.com\/index.php\/mujeres-poderosas-del-2020\/","og_locale":"es_ES","og_type":"article","og_title":"\u00a1Mujeres poderosas del 2020! - Ticas poderosas","og_description":"Ni uno de los a\u00f1os m\u00e1s dif\u00edciles en la historia pudo detener a mujeres que alzaron la voz y pelearon hasta el final. Por: Fiorella Montoya Un a\u00f1o convulso, diferente y, sin duda, dif\u00edcil. Ninguna de esas palabras puede definir a las mujeres en este a\u00f1o 2020 pues, a pesar de la situaci\u00f3n, redoblaron esfuerzos, [&hellip;]","og_url":"http:\/\/ticaspoderosas.com\/index.php\/mujeres-poderosas-del-2020\/","og_site_name":"Ticas poderosas","article_publisher":"https:\/\/www.facebook.com\/Ticas-Poderosas-117994322976683","article_published_time":"2020-12-23T22:55:07+00:00","article_modified_time":"2020-12-23T22:55:08+00:00","og_image":[{"width":1024,"height":819,"url":"http:\/\/ticaspoderosas.com\/wp-content\/uploads\/2020\/12\/Todas2020-1024x819.png","type":"image\/png"}],"author":"Gustavo Arias","twitter_card":"summary_large_image","schema":{"@context":"https:\/\/schema.org","@graph":[{"@type":"Article","@id":"http:\/\/ticaspoderosas.com\/index.php\/mujeres-poderosas-del-2020\/#article","isPartOf":{"@id":"http:\/\/ticaspoderosas.com\/index.php\/mujeres-poderosas-del-2020\/"},"author":{"name":"Gustavo Arias","@id":"http:\/\/ticaspoderosas.com\/#\/schema\/person\/229e533909640ee5255dd80f78c969af"},"headline":"\u00a1Mujeres poderosas del 2020!","datePublished":"2020-12-23T22:55:07+00:00","dateModified":"2020-12-23T22:55:08+00:00","mainEntityOfPage":{"@id":"http:\/\/ticaspoderosas.com\/index.php\/mujeres-poderosas-del-2020\/"},"wordCount":1168,"commentCount":0,"publisher":{"@id":"http:\/\/ticaspoderosas.com\/#organization"},"keywords":["Costa Rica 2020","Mujeres Poderosas 2020","Ticas Poderosas 2020"],"articleSection":["Reportajes"],"inLanguage":"es","potentialAction":[{"@type":"CommentAction","name":"Comment","target":["http:\/\/ticaspoderosas.com\/index.php\/mujeres-poderosas-del-2020\/#respond"]}]},{"@type":"WebPage","@id":"http:\/\/ticaspoderosas.com\/index.php\/mujeres-poderosas-del-2020\/","url":"http:\/\/ticaspoderosas.com\/index.php\/mujeres-poderosas-del-2020\/","name":"\u00a1Mujeres poderosas del 2020! - Ticas poderosas","isPartOf":{"@id":"http:\/\/ticaspoderosas.com\/#website"},"datePublished":"2020-12-23T22:55:07+00:00","dateModified":"2020-12-23T22:55:08+00:00","breadcrumb":{"@id":"http:\/\/ticaspoderosas.com\/index.php\/mujeres-poderosas-del-2020\/#breadcrumb"},"inLanguage":"es","potentialAction":[{"@type":"ReadAction","target":["http:\/\/ticaspoderosas.com\/index.php\/mujeres-poderosas-del-2020\/"]}]},{"@type":"BreadcrumbList","@id":"http:\/\/ticaspoderosas.com\/index.php\/mujeres-poderosas-del-2020\/#breadcrumb","itemListElement":[{"@type":"ListItem","position":1,"name":"Portada","item":"http:\/\/ticaspoderosas.com\/"},{"@type":"ListItem","position":2,"name":"\u00a1Mujeres poderosas del 2020!"}]},{"@type":"WebSite","@id":"http:\/\/ticaspoderosas.com\/#website","url":"http:\/\/ticaspoderosas.com\/","name":"Ticas Poderosas","description":"Plataforma multimedia","publisher":{"@id":"http:\/\/ticaspoderosas.com\/#organization"},"potentialAction":[{"@type":"SearchAction","target":{"@type":"EntryPoint","urlTemplate":"http:\/\/ticaspoderosas.com\/?s={search_term_string}"},"query-input":"required name=search_term_string"}],"inLanguage":"es"},{"@type":"Organization","@id":"http:\/\/ticaspoderosas.com\/#organization","name":"Ticas Poderosas","url":"http:\/\/ticaspoderosas.com\/","logo":{"@type":"ImageObject","inLanguage":"es","@id":"http:\/\/ticaspoderosas.com\/#\/schema\/logo\/image\/","url":"http:\/\/ticaspoderosas.com\/wp-content\/uploads\/2016\/09\/ticas.png","contentUrl":"http:\/\/ticaspoderosas.com\/wp-content\/uploads\/2016\/09\/ticas.png","width":180,"height":180,"caption":"Ticas Poderosas"},"image":{"@id":"http:\/\/ticaspoderosas.com\/#\/schema\/logo\/image\/"},"sameAs":["https:\/\/www.facebook.com\/Ticas-Poderosas-117994322976683","https:\/\/www.instagram.com\/ticaspoderosas\/"]},{"@type":"Person","@id":"http:\/\/ticaspoderosas.com\/#\/schema\/person\/229e533909640ee5255dd80f78c969af","name":"Gustavo Arias","image":{"@type":"ImageObject","inLanguage":"es","@id":"http:\/\/ticaspoderosas.com\/#\/schema\/person\/image\/","url":"http:\/\/1.gravatar.com\/avatar\/741d3124c89fb458b3a98303915a0ec1?s=96&d=mm&r=g","contentUrl":"http:\/\/1.gravatar.com\/avatar\/741d3124c89fb458b3a98303915a0ec1?s=96&d=mm&r=g","caption":"Gustavo Arias"}}]}},"_links":{"self":[{"href":"http:\/\/ticaspoderosas.com\/index.php\/wp-json\/wp\/v2\/posts\/2393"}],"collection":[{"href":"http:\/\/ticaspoderosas.com\/index.php\/wp-json\/wp\/v2\/posts"}],"about":[{"href":"http:\/\/ticaspoderosas.com\/index.php\/wp-json\/wp\/v2\/types\/post"}],"author":[{"embeddable":true,"href":"http:\/\/ticaspoderosas.com\/index.php\/wp-json\/wp\/v2\/users\/13"}],"replies":[{"embeddable":true,"href":"http:\/\/ticaspoderosas.com\/index.php\/wp-json\/wp\/v2\/comments?post=2393"}],"version-history":[{"count":1,"href":"http:\/\/ticaspoderosas.com\/index.php\/wp-json\/wp\/v2\/posts\/2393\/revisions"}],"predecessor-version":[{"id":2399,"href":"http:\/\/ticaspoderosas.com\/index.php\/wp-json\/wp\/v2\/posts\/2393\/revisions\/2399"}],"wp:featuredmedia":[{"embeddable":true,"href":"http:\/\/ticaspoderosas.com\/index.php\/wp-json\/wp\/v2\/media\/2398"}],"wp:attachment":[{"href":"http:\/\/ticaspoderosas.com\/index.php\/wp-json\/wp\/v2\/media?parent=2393"}],"wp:term":[{"taxonomy":"category","embeddable":true,"href":"http:\/\/ticaspoderosas.com\/index.php\/wp-json\/wp\/v2\/categories?post=2393"},{"taxonomy":"post_tag","embeddable":true,"href":"http:\/\/ticaspoderosas.com\/index.php\/wp-json\/wp\/v2\/tags?post=2393"}],"curies":[{"name":"wp","href":"https:\/\/api.w.org\/{rel}","templated":true}]}}