{"id":2513,"date":"2021-05-06T19:26:51","date_gmt":"2021-05-06T17:26:51","guid":{"rendered":"http:\/\/ticaspoderosas.com\/?p=2513"},"modified":"2021-05-06T19:26:52","modified_gmt":"2021-05-06T17:26:52","slug":"yo-no-soy-una-chica-superpoderosa","status":"publish","type":"post","link":"http:\/\/ticaspoderosas.com\/index.php\/yo-no-soy-una-chica-superpoderosa\/","title":{"rendered":"Yo no soy una chica superpoderosa"},"content":{"rendered":"\n<p><strong>\u00bfPor qu\u00e9 decimos sirvienta sin l\u00edos con el lenguaje, pero hacemos todo un debate si usamos el vocablo gerenta?&nbsp;<\/strong><\/p>\n\n\n\n<p style=\"font-size:22px\"><strong>Por: Renata Infante<\/strong>*<\/p>\n\n\n\n<p class=\"has-drop-cap\">Mi primera reacci\u00f3n fue de risa, cuando vi la cara de este ejecutivo mientras repet\u00eda al menos tres veces en cinco minutos la frase: <em>\u201cYo no soy una chica superpoderosa\u201d.<\/em> Su frente fruncida por la indignaci\u00f3n y su cara de frustraci\u00f3n bien podr\u00eda haberse convertido en un meme viral.&nbsp;<\/p>\n\n\n\n<p>Y es que tiene raz\u00f3n, entr\u00e9 en empat\u00eda con \u00e9l, pero fue un poco dif\u00edcil que \u00e9l sintiera lo mismo por m\u00ed cuando mi respuesta fue: <em>\u201cClaro, te entiendo. Yo me siento igual cuando estoy en una reuni\u00f3n y dicen: Gracias a todos por estar aqu\u00ed\u201d o \u201cBienvenidos a todos<\/em>\u201d. Inicialmente mi respuesta pareci\u00f3 no convencerle, intentando justificar que el uso de todos me inclu\u00eda a m\u00ed tambi\u00e9n. Pasamos de una conversaci\u00f3n que fue desde la filosof\u00eda, la \u00e9tica, los derechos humanos y la filolog\u00eda.&nbsp;<\/p>\n\n\n\n<p style=\"font-size:22px\"><strong>Lea tambi\u00e9n:<\/strong> <a href=\"http:\/\/ticaspoderosas.com\/index.php\/sororidad-y-otros-temas-del-lenguaje\/\">Sororidad y otros temas del lengu<\/a><a href=\"http:\/\/ticaspoderosas.com\/index.php\/sororidad-y-otros-temas-del-lenguaje\/\" target=\"_blank\" rel=\"noreferrer noopener\">aje<\/a><\/p>\n\n\n\n<p>El uso del adjetivo calificativo \u201c<em>Chicas Superpoderosas\u201d<\/em> era utilizado en un WhatsApp corporativo de la empresa a la que pertenec\u00eda mi invitado a tomar caf\u00e9. Este canal de comunicaci\u00f3n oficial pretend\u00eda transmitir mensajes relacionados con temas de diversidad e inclusi\u00f3n con enfoque de g\u00e9nero y, para ello, hab\u00edan incluido (como debe ser) a hombres tambi\u00e9n. No obstante, la opini\u00f3n de mi acompa\u00f1ante vespertino es que esa comunicaci\u00f3n estaba siendo contraproducente para el prop\u00f3sito supremo que dicho chat ten\u00eda.&nbsp;<\/p>\n\n\n\n<p>Y es que es muy interesante cuando alguien que siempre ha ostentado el lugar de poder siente que lo est\u00e1 perdiendo por dar lugar al otro o, en este caso, m\u00e1s bien a la otra. Es adem\u00e1s la sensaci\u00f3n de ser puesto en un lugar que no le corresponde, donde no es nombrado y reconocido.&nbsp;<\/p>\n\n\n\n<p style=\"font-size:22px\"><strong>Lea tambi\u00e9n:<\/strong> <a href=\"http:\/\/ticaspoderosas.com\/index.php\/autocuidado-en-mujeres\/\" target=\"_blank\" rel=\"noreferrer noopener\">Autocuidado en mujeres<\/a><\/p>\n\n\n\n<p>Mi impertinencia oportuna y el lugar de privilegio que ostento hace que el ser nombrada y reconocida no sea un tema para m\u00ed, as\u00ed que me nombro a m\u00ed misma y a las otras. Les doy voz en espacios virtuales y f\u00edsicos y trabajo cotidianamente para que otras se atrevan a ocupar los lugares simb\u00f3licos o reales que les han sido vedados.&nbsp;<\/p>\n\n\n\n<p>Pero bueno, el tema tambi\u00e9n se apega a la filolog\u00eda y a la debatida RAE. Siendo respetuosa de las reglas del lenguaje, como algunas personas dicen que soy, en algunos casos me gusta ser disruptiva y subversiva en el uso del idioma sobre todo cuando de nombrar a las otras se trata.&nbsp;<\/p>\n\n\n\n<p>\u00a1Es un acto pol\u00edtico!, dijo una estudiosa del lenguaje alguna vez y eso me hizo todo el sentido del mundo. \u00bfPor qu\u00e9 decimos sirvienta sin l\u00edos con el lenguaje, pero hacemos todo un debate si usamos el vocablo gerenta? \u00a1Es un acto reivindicativo!, agregu\u00e9.&nbsp;<\/p>\n\n\n\n<p><em>*Psic\u00f3loga especialista en equidad de g\u00e9nero y derechos humanos<\/em><\/p>\n\n\n\n<p><a href=\"mailto:renata@renatainfante.com\">renata@renatainfante.com<\/a><\/p>\n","protected":false},"excerpt":{"rendered":"<p>\u00bfPor qu\u00e9 decimos sirvienta sin l\u00edos con el lenguaje, pero hacemos todo un debate si usamos el vocablo gerenta?&nbsp; Por: Renata Infante* Mi primera reacci\u00f3n fue de risa, cuando vi la cara de este ejecutivo mientras repet\u00eda al menos tres veces en cinco minutos la frase: \u201cYo no soy una chica superpoderosa\u201d. Su frente fruncida [&hellip;]<\/p>\n","protected":false},"author":13,"featured_media":2514,"comment_status":"open","ping_status":"open","sticky":false,"template":"","format":"standard","meta":{"_links_to":"","_links_to_target":""},"categories":[389],"tags":[787,406,785,786,615,595],"yoast_head":"<!-- This site is optimized with the Yoast SEO plugin v20.2.1 - https:\/\/yoast.com\/wordpress\/plugins\/seo\/ -->\n<title>Yo no soy una chica superpoderosa - Ticas poderosas<\/title>\n<meta name=\"robots\" content=\"index, follow, max-snippet:-1, max-image-preview:large, max-video-preview:-1\" \/>\n<link rel=\"canonical\" href=\"http:\/\/ticaspoderosas.com\/index.php\/yo-no-soy-una-chica-superpoderosa\/\" \/>\n<meta property=\"og:locale\" content=\"es_ES\" \/>\n<meta property=\"og:type\" content=\"article\" \/>\n<meta property=\"og:title\" content=\"Yo no soy una chica superpoderosa - Ticas poderosas\" \/>\n<meta property=\"og:description\" content=\"\u00bfPor qu\u00e9 decimos sirvienta sin l\u00edos con el lenguaje, pero hacemos todo un debate si usamos el vocablo gerenta?&nbsp; Por: Renata Infante* Mi primera reacci\u00f3n fue de risa, cuando vi la cara de este ejecutivo mientras repet\u00eda al menos tres veces en cinco minutos la frase: \u201cYo no soy una chica superpoderosa\u201d. Su frente fruncida [&hellip;]\" \/>\n<meta property=\"og:url\" content=\"http:\/\/ticaspoderosas.com\/index.php\/yo-no-soy-una-chica-superpoderosa\/\" \/>\n<meta property=\"og:site_name\" content=\"Ticas poderosas\" \/>\n<meta property=\"article:publisher\" content=\"https:\/\/www.facebook.com\/Ticas-Poderosas-117994322976683\" \/>\n<meta property=\"article:published_time\" content=\"2021-05-06T17:26:51+00:00\" \/>\n<meta property=\"article:modified_time\" content=\"2021-05-06T17:26:52+00:00\" \/>\n<meta property=\"og:image\" content=\"http:\/\/ticaspoderosas.com\/wp-content\/uploads\/2021\/05\/chicas-superpoderosas-bn.jpeg\" \/>\n\t<meta property=\"og:image:width\" content=\"1200\" \/>\n\t<meta property=\"og:image:height\" content=\"674\" \/>\n\t<meta property=\"og:image:type\" content=\"image\/jpeg\" \/>\n<meta name=\"author\" content=\"Gustavo Arias\" \/>\n<meta name=\"twitter:card\" content=\"summary_large_image\" \/>\n<script type=\"application\/ld+json\" class=\"yoast-schema-graph\">{\"@context\":\"https:\/\/schema.org\",\"@graph\":[{\"@type\":\"Article\",\"@id\":\"http:\/\/ticaspoderosas.com\/index.php\/yo-no-soy-una-chica-superpoderosa\/#article\",\"isPartOf\":{\"@id\":\"http:\/\/ticaspoderosas.com\/index.php\/yo-no-soy-una-chica-superpoderosa\/\"},\"author\":{\"name\":\"Gustavo Arias\",\"@id\":\"http:\/\/ticaspoderosas.com\/#\/schema\/person\/229e533909640ee5255dd80f78c969af\"},\"headline\":\"Yo no soy una chica superpoderosa\",\"datePublished\":\"2021-05-06T17:26:51+00:00\",\"dateModified\":\"2021-05-06T17:26:52+00:00\",\"mainEntityOfPage\":{\"@id\":\"http:\/\/ticaspoderosas.com\/index.php\/yo-no-soy-una-chica-superpoderosa\/\"},\"wordCount\":527,\"commentCount\":0,\"publisher\":{\"@id\":\"http:\/\/ticaspoderosas.com\/#organization\"},\"keywords\":[\"Chicas Superpoderosas\",\"empresa\",\"lenguaje\",\"RAE\",\"Renata Infante\",\"sororidad\"],\"articleSection\":[\"Columnas\"],\"inLanguage\":\"es\",\"potentialAction\":[{\"@type\":\"CommentAction\",\"name\":\"Comment\",\"target\":[\"http:\/\/ticaspoderosas.com\/index.php\/yo-no-soy-una-chica-superpoderosa\/#respond\"]}]},{\"@type\":\"WebPage\",\"@id\":\"http:\/\/ticaspoderosas.com\/index.php\/yo-no-soy-una-chica-superpoderosa\/\",\"url\":\"http:\/\/ticaspoderosas.com\/index.php\/yo-no-soy-una-chica-superpoderosa\/\",\"name\":\"Yo no soy una chica superpoderosa - Ticas poderosas\",\"isPartOf\":{\"@id\":\"http:\/\/ticaspoderosas.com\/#website\"},\"datePublished\":\"2021-05-06T17:26:51+00:00\",\"dateModified\":\"2021-05-06T17:26:52+00:00\",\"breadcrumb\":{\"@id\":\"http:\/\/ticaspoderosas.com\/index.php\/yo-no-soy-una-chica-superpoderosa\/#breadcrumb\"},\"inLanguage\":\"es\",\"potentialAction\":[{\"@type\":\"ReadAction\",\"target\":[\"http:\/\/ticaspoderosas.com\/index.php\/yo-no-soy-una-chica-superpoderosa\/\"]}]},{\"@type\":\"BreadcrumbList\",\"@id\":\"http:\/\/ticaspoderosas.com\/index.php\/yo-no-soy-una-chica-superpoderosa\/#breadcrumb\",\"itemListElement\":[{\"@type\":\"ListItem\",\"position\":1,\"name\":\"Portada\",\"item\":\"http:\/\/ticaspoderosas.com\/\"},{\"@type\":\"ListItem\",\"position\":2,\"name\":\"Yo no soy una chica superpoderosa\"}]},{\"@type\":\"WebSite\",\"@id\":\"http:\/\/ticaspoderosas.com\/#website\",\"url\":\"http:\/\/ticaspoderosas.com\/\",\"name\":\"Ticas Poderosas\",\"description\":\"Plataforma multimedia\",\"publisher\":{\"@id\":\"http:\/\/ticaspoderosas.com\/#organization\"},\"potentialAction\":[{\"@type\":\"SearchAction\",\"target\":{\"@type\":\"EntryPoint\",\"urlTemplate\":\"http:\/\/ticaspoderosas.com\/?s={search_term_string}\"},\"query-input\":\"required name=search_term_string\"}],\"inLanguage\":\"es\"},{\"@type\":\"Organization\",\"@id\":\"http:\/\/ticaspoderosas.com\/#organization\",\"name\":\"Ticas Poderosas\",\"url\":\"http:\/\/ticaspoderosas.com\/\",\"logo\":{\"@type\":\"ImageObject\",\"inLanguage\":\"es\",\"@id\":\"http:\/\/ticaspoderosas.com\/#\/schema\/logo\/image\/\",\"url\":\"http:\/\/ticaspoderosas.com\/wp-content\/uploads\/2016\/09\/ticas.png\",\"contentUrl\":\"http:\/\/ticaspoderosas.com\/wp-content\/uploads\/2016\/09\/ticas.png\",\"width\":180,\"height\":180,\"caption\":\"Ticas Poderosas\"},\"image\":{\"@id\":\"http:\/\/ticaspoderosas.com\/#\/schema\/logo\/image\/\"},\"sameAs\":[\"https:\/\/www.facebook.com\/Ticas-Poderosas-117994322976683\",\"https:\/\/www.instagram.com\/ticaspoderosas\/\"]},{\"@type\":\"Person\",\"@id\":\"http:\/\/ticaspoderosas.com\/#\/schema\/person\/229e533909640ee5255dd80f78c969af\",\"name\":\"Gustavo Arias\",\"image\":{\"@type\":\"ImageObject\",\"inLanguage\":\"es\",\"@id\":\"http:\/\/ticaspoderosas.com\/#\/schema\/person\/image\/\",\"url\":\"http:\/\/1.gravatar.com\/avatar\/741d3124c89fb458b3a98303915a0ec1?s=96&d=mm&r=g\",\"contentUrl\":\"http:\/\/1.gravatar.com\/avatar\/741d3124c89fb458b3a98303915a0ec1?s=96&d=mm&r=g\",\"caption\":\"Gustavo Arias\"}}]}<\/script>\n<!-- \/ Yoast SEO plugin. -->","yoast_head_json":{"title":"Yo no soy una chica superpoderosa - Ticas poderosas","robots":{"index":"index","follow":"follow","max-snippet":"max-snippet:-1","max-image-preview":"max-image-preview:large","max-video-preview":"max-video-preview:-1"},"canonical":"http:\/\/ticaspoderosas.com\/index.php\/yo-no-soy-una-chica-superpoderosa\/","og_locale":"es_ES","og_type":"article","og_title":"Yo no soy una chica superpoderosa - Ticas poderosas","og_description":"\u00bfPor qu\u00e9 decimos sirvienta sin l\u00edos con el lenguaje, pero hacemos todo un debate si usamos el vocablo gerenta?&nbsp; Por: Renata Infante* Mi primera reacci\u00f3n fue de risa, cuando vi la cara de este ejecutivo mientras repet\u00eda al menos tres veces en cinco minutos la frase: \u201cYo no soy una chica superpoderosa\u201d. Su frente fruncida [&hellip;]","og_url":"http:\/\/ticaspoderosas.com\/index.php\/yo-no-soy-una-chica-superpoderosa\/","og_site_name":"Ticas poderosas","article_publisher":"https:\/\/www.facebook.com\/Ticas-Poderosas-117994322976683","article_published_time":"2021-05-06T17:26:51+00:00","article_modified_time":"2021-05-06T17:26:52+00:00","og_image":[{"width":1200,"height":674,"url":"http:\/\/ticaspoderosas.com\/wp-content\/uploads\/2021\/05\/chicas-superpoderosas-bn.jpeg","type":"image\/jpeg"}],"author":"Gustavo Arias","twitter_card":"summary_large_image","schema":{"@context":"https:\/\/schema.org","@graph":[{"@type":"Article","@id":"http:\/\/ticaspoderosas.com\/index.php\/yo-no-soy-una-chica-superpoderosa\/#article","isPartOf":{"@id":"http:\/\/ticaspoderosas.com\/index.php\/yo-no-soy-una-chica-superpoderosa\/"},"author":{"name":"Gustavo Arias","@id":"http:\/\/ticaspoderosas.com\/#\/schema\/person\/229e533909640ee5255dd80f78c969af"},"headline":"Yo no soy una chica superpoderosa","datePublished":"2021-05-06T17:26:51+00:00","dateModified":"2021-05-06T17:26:52+00:00","mainEntityOfPage":{"@id":"http:\/\/ticaspoderosas.com\/index.php\/yo-no-soy-una-chica-superpoderosa\/"},"wordCount":527,"commentCount":0,"publisher":{"@id":"http:\/\/ticaspoderosas.com\/#organization"},"keywords":["Chicas Superpoderosas","empresa","lenguaje","RAE","Renata Infante","sororidad"],"articleSection":["Columnas"],"inLanguage":"es","potentialAction":[{"@type":"CommentAction","name":"Comment","target":["http:\/\/ticaspoderosas.com\/index.php\/yo-no-soy-una-chica-superpoderosa\/#respond"]}]},{"@type":"WebPage","@id":"http:\/\/ticaspoderosas.com\/index.php\/yo-no-soy-una-chica-superpoderosa\/","url":"http:\/\/ticaspoderosas.com\/index.php\/yo-no-soy-una-chica-superpoderosa\/","name":"Yo no soy una chica superpoderosa - Ticas poderosas","isPartOf":{"@id":"http:\/\/ticaspoderosas.com\/#website"},"datePublished":"2021-05-06T17:26:51+00:00","dateModified":"2021-05-06T17:26:52+00:00","breadcrumb":{"@id":"http:\/\/ticaspoderosas.com\/index.php\/yo-no-soy-una-chica-superpoderosa\/#breadcrumb"},"inLanguage":"es","potentialAction":[{"@type":"ReadAction","target":["http:\/\/ticaspoderosas.com\/index.php\/yo-no-soy-una-chica-superpoderosa\/"]}]},{"@type":"BreadcrumbList","@id":"http:\/\/ticaspoderosas.com\/index.php\/yo-no-soy-una-chica-superpoderosa\/#breadcrumb","itemListElement":[{"@type":"ListItem","position":1,"name":"Portada","item":"http:\/\/ticaspoderosas.com\/"},{"@type":"ListItem","position":2,"name":"Yo no soy una chica superpoderosa"}]},{"@type":"WebSite","@id":"http:\/\/ticaspoderosas.com\/#website","url":"http:\/\/ticaspoderosas.com\/","name":"Ticas Poderosas","description":"Plataforma multimedia","publisher":{"@id":"http:\/\/ticaspoderosas.com\/#organization"},"potentialAction":[{"@type":"SearchAction","target":{"@type":"EntryPoint","urlTemplate":"http:\/\/ticaspoderosas.com\/?s={search_term_string}"},"query-input":"required name=search_term_string"}],"inLanguage":"es"},{"@type":"Organization","@id":"http:\/\/ticaspoderosas.com\/#organization","name":"Ticas Poderosas","url":"http:\/\/ticaspoderosas.com\/","logo":{"@type":"ImageObject","inLanguage":"es","@id":"http:\/\/ticaspoderosas.com\/#\/schema\/logo\/image\/","url":"http:\/\/ticaspoderosas.com\/wp-content\/uploads\/2016\/09\/ticas.png","contentUrl":"http:\/\/ticaspoderosas.com\/wp-content\/uploads\/2016\/09\/ticas.png","width":180,"height":180,"caption":"Ticas Poderosas"},"image":{"@id":"http:\/\/ticaspoderosas.com\/#\/schema\/logo\/image\/"},"sameAs":["https:\/\/www.facebook.com\/Ticas-Poderosas-117994322976683","https:\/\/www.instagram.com\/ticaspoderosas\/"]},{"@type":"Person","@id":"http:\/\/ticaspoderosas.com\/#\/schema\/person\/229e533909640ee5255dd80f78c969af","name":"Gustavo Arias","image":{"@type":"ImageObject","inLanguage":"es","@id":"http:\/\/ticaspoderosas.com\/#\/schema\/person\/image\/","url":"http:\/\/1.gravatar.com\/avatar\/741d3124c89fb458b3a98303915a0ec1?s=96&d=mm&r=g","contentUrl":"http:\/\/1.gravatar.com\/avatar\/741d3124c89fb458b3a98303915a0ec1?s=96&d=mm&r=g","caption":"Gustavo Arias"}}]}},"_links":{"self":[{"href":"http:\/\/ticaspoderosas.com\/index.php\/wp-json\/wp\/v2\/posts\/2513"}],"collection":[{"href":"http:\/\/ticaspoderosas.com\/index.php\/wp-json\/wp\/v2\/posts"}],"about":[{"href":"http:\/\/ticaspoderosas.com\/index.php\/wp-json\/wp\/v2\/types\/post"}],"author":[{"embeddable":true,"href":"http:\/\/ticaspoderosas.com\/index.php\/wp-json\/wp\/v2\/users\/13"}],"replies":[{"embeddable":true,"href":"http:\/\/ticaspoderosas.com\/index.php\/wp-json\/wp\/v2\/comments?post=2513"}],"version-history":[{"count":1,"href":"http:\/\/ticaspoderosas.com\/index.php\/wp-json\/wp\/v2\/posts\/2513\/revisions"}],"predecessor-version":[{"id":2515,"href":"http:\/\/ticaspoderosas.com\/index.php\/wp-json\/wp\/v2\/posts\/2513\/revisions\/2515"}],"wp:featuredmedia":[{"embeddable":true,"href":"http:\/\/ticaspoderosas.com\/index.php\/wp-json\/wp\/v2\/media\/2514"}],"wp:attachment":[{"href":"http:\/\/ticaspoderosas.com\/index.php\/wp-json\/wp\/v2\/media?parent=2513"}],"wp:term":[{"taxonomy":"category","embeddable":true,"href":"http:\/\/ticaspoderosas.com\/index.php\/wp-json\/wp\/v2\/categories?post=2513"},{"taxonomy":"post_tag","embeddable":true,"href":"http:\/\/ticaspoderosas.com\/index.php\/wp-json\/wp\/v2\/tags?post=2513"}],"curies":[{"name":"wp","href":"https:\/\/api.w.org\/{rel}","templated":true}]}}