{"id":2544,"date":"2021-06-09T21:45:57","date_gmt":"2021-06-09T19:45:57","guid":{"rendered":"http:\/\/ticaspoderosas.com\/?p=2544"},"modified":"2021-06-09T21:45:58","modified_gmt":"2021-06-09T19:45:58","slug":"mujeres-seran-mayoria-en-representacion-olimpica-de-costa-rica","status":"publish","type":"post","link":"http:\/\/ticaspoderosas.com\/index.php\/mujeres-seran-mayoria-en-representacion-olimpica-de-costa-rica\/","title":{"rendered":"Mujeres ser\u00e1n mayor\u00eda en representaci\u00f3n ol\u00edmpica de Costa Rica"},"content":{"rendered":"\n<p><strong>En la \u00faltima semana han ido cayendo marcas m\u00ednimas necesarias para poder acudir a los JJ OO de Tokio 2020 (retrasados un a\u00f1o por la pandemia). Un total de diez deportistas costarricenses han clasificado, siete de ellas mujeres. Por primera vez, las mujeres ser\u00e1n mayor\u00eda en la delegaci\u00f3n tica de unos Juegos Ol\u00edmpicos.<\/strong><\/p>\n\n\n\n<p style=\"font-size:22px\"><strong>Por: Daniel Zueras<\/strong><\/p>\n\n\n\n<p class=\"has-drop-cap\">El ninguneo de los deportes considerados minoritarios en Costa Rica es palmario. Y si a eso se le suma que sea practicado por mujeres, ese desconocimiento se multiplica.<\/p>\n\n\n\n<p>Sin embargo si Costa Rica va a tener presencia en los <a href=\"https:\/\/olympics.com\/tokyo-2020\/es\/\" target=\"_blank\" rel=\"noreferrer noopener\"><strong>Juegos Ol\u00edmpicos de Tokio<\/strong><\/a> (del 23 de julio al 8 de agosto de 2021) va a ser, mayoritariamente, gracias a mujeres que practican deportes poco seguidos.<\/p>\n\n\n\n<p>Por el momento siete de las diez personas clasificadas para Tokyo son mujeres: Andrea Vargas (atletismo, 100 metros vallas), Brisa Hennesy (surf), Mar\u00eda Jos\u00e9 Vargas (ciclismo en ruta), Noelia Vargas (atletismo, 20 km marcha), Luc\u00eda Alvarado (gimnasia art\u00edstica), Leilani McGonagle (surf) y Beatriz Padr\u00f3n (nataci\u00f3n). Daniela Salas (atletismo, 400 metros vallas) tiene opciones de sumarse a este listado en las pr\u00f3ximas semanas.<\/p>\n\n\n\n<p>Ser\u00eda la primera vez que la delegaci\u00f3n tica cuenta con m\u00e1s mujeres que hombres. Aunque en las pr\u00f3ximas semanas pueden clasificar algunos m\u00e1s (hay algunas opciones en judo y en atletismo), no parece que vayan a equilibrar la balanza.<\/p>\n\n\n\n<p>Que el f\u00fatbol masculino se lleva el 99% del seguimiento medi\u00e1tico en el pa\u00eds no es ning\u00fan secreto, pero un peque\u00f1o pu\u00f1ado de deportistas son quienes van a dar la cara por el pa\u00eds en el evento deportivo m\u00e1s importante del mundo, los Juegos Ol\u00edmpicos, que llegan con un a\u00f1o de retraso debido a la pandemia.<\/p>\n\n\n\n<p style=\"font-size:22px\"><strong>Lea tambi\u00e9n: <\/strong><a href=\"http:\/\/ticaspoderosas.com\/index.php\/covid-19-pone-en-pausa-el-crecimiento-del-deporte-femenino\/\" target=\"_blank\" rel=\"noreferrer noopener\">Covid-19 pone en pausa el crecimiento del deporte femenino<\/a><\/p>\n\n\n\n<p>53 a\u00f1os han pasado desde que la limonense Jean Robothan representara a Costa Rica en los <a href=\"https:\/\/olympics.com\/es\/olympic-games\/mexico-city-1968\" target=\"_blank\" rel=\"noreferrer noopener\"><strong>Juegos Ol\u00edmpicos de M\u00e9xico en 1968<\/strong><\/a>. Ella fue la primera mujer que compiti\u00f3 por el pa\u00eds en las mayores justas deportivas del planeta y lo hizo en tres pruebas atl\u00e9ticas: 400 metros, salto de longitud y pentatl\u00f3n (que conjuga cinco disciplinas atl\u00e9ticas: vallas, lanzamiento de bala, salto de altura, salto de longitud y 200 metros).<\/p>\n\n\n\n<p>Este es un pa\u00eds desmemoriado y su figura es apenas conocida. Valga un peque\u00f1o reconocimiento desde estas pocas l\u00edneas.<\/p>\n\n\n\n<p>Pero avancemos en el tiempo. Mucho ha llovido desde entonces y la participaci\u00f3n femenina ha ido ganando protagonismo en el deporte tico. El r\u00e9cord hasta el momento se cifra tambi\u00e9n en siete mujeres costarricenses en los <a rel=\"noreferrer noopener\" href=\"https:\/\/olympics.com\/es\/olympic-games\/seoul-1988\" target=\"_blank\"><strong>Juegos Ol\u00edmpicos de Se\u00fal<\/strong><\/a>, en 1988, en una delegaci\u00f3n compuesta por un total de 16 deportistas. Si la mencionada Daniela Salas se sumara en pr\u00f3ximas fechas, Tokio ver\u00eda la representaci\u00f3n femenina de Costa Rica m\u00e1s numerosa hasta la fecha.<\/p>\n\n\n\n<p>En total 26 mujeres han representado a Costa Rica en unos juegos ol\u00edmpicos (con 33 participaciones, ya que se repiten algunos nombres en diversas ediciones, como Mar\u00eda del Milagro Par\u00eds, Sylvia Poll, Zoila Rosa Steward, Gilda Montenegro, Claudia Poll -esta en tres ediciones- o Marie Laura Meza).<\/p>\n\n\n\n<p style=\"font-size:22px\"><strong>Lea tambi\u00e9n:<\/strong> <a href=\"http:\/\/ticaspoderosas.com\/index.php\/baloncesto-femenino-en-busca-del-gran-salto\/\" target=\"_blank\" rel=\"noreferrer noopener\">Baloncesto femenino, en busca del gran salto<\/a><\/p>\n\n\n\n<p>Para nadie es un secreto que el pa\u00eds cuenta con apenas cuatro medallas ol\u00edmpicas, todas conseguidas por mujeres (y todas con el mismo apellido), la plata de Sylvia Poll en Se\u00fal 1988 (en 200 metros libres, nataci\u00f3n); y las tres preseas de Claudia Poll (oro en 200 metros libre en la piscina de Atlanta 1996 y los dos bronces de Sidney 2000, en 200 y 400 metros libres).<\/p>\n\n\n\n<figure class=\"wp-block-image size-large\"><img decoding=\"async\" loading=\"lazy\" width=\"726\" height=\"1024\" src=\"http:\/\/ticaspoderosas.com\/wp-content\/uploads\/2019\/09\/andrea-vargas-web-726x1024.jpg\" alt=\"\" class=\"wp-image-1748\" srcset=\"http:\/\/ticaspoderosas.com\/wp-content\/uploads\/2019\/09\/andrea-vargas-web-726x1024.jpg 726w, http:\/\/ticaspoderosas.com\/wp-content\/uploads\/2019\/09\/andrea-vargas-web-213x300.jpg 213w, http:\/\/ticaspoderosas.com\/wp-content\/uploads\/2019\/09\/andrea-vargas-web-768x1084.jpg 768w, http:\/\/ticaspoderosas.com\/wp-content\/uploads\/2019\/09\/andrea-vargas-web.jpg 800w\" sizes=\"(max-width: 726px) 100vw, 726px\" \/><figcaption><strong>Andrea Vargas es una de las grandes bazas costarricenses para acceder a un diploma ol\u00edmpico, o incluso (\u00bfpor qu\u00e9 no?) so\u00f1ar con una medalla.<\/strong><\/figcaption><\/figure>\n\n\n\n<p style=\"font-size:34px\"><strong>Escasa visibilidad<\/strong><\/p>\n\n\n\n<p>Formar y mantener deportistas de alto rendimiento es caro. Henry N\u00fa\u00f1ez, presidente del <a href=\"https:\/\/www.concrc.org\/\" target=\"_blank\" rel=\"noreferrer noopener\"><strong>Comit\u00e9 Ol\u00edmpico Nacional (CON) de Costa Rica<\/strong><\/a> apunta que la inversi\u00f3n del estado costarricense en cada atleta de \u00e9lite var\u00eda en funci\u00f3n de determinadas variables, pero oscila entre US$50.000 a US$150.000 anuales. En esta inversi\u00f3n no cuenta solo la ayuda econ\u00f3mica directa -el salario mensual-, sino que incluye el pago de los entrenadores, fogueos, atenci\u00f3n m\u00e9dica directa, nutricionista, psic\u00f3logo o equipamiento. La cantidad final depende mucho tambi\u00e9n de los sistemas clasificatorios (ya que algunos necesitan viajar al exterior a m\u00e1s eventos para obtener los puntajes necesarios para clasificar).\u00a0<\/p>\n\n\n\n<p>El CON trabaja de la mano con el <a href=\"https:\/\/www.icoder.go.cr\/\" target=\"_blank\" rel=\"noreferrer noopener\"><strong>Instituto Costarricense del Deporte y la Recreaci\u00f3n (Icoder)<\/strong><\/a> y las federaciones deportivas para que no haya duplicidades en los pagos.<\/p>\n\n\n\n<p>Pr\u00e1cticamente el 95 % del dinero viene de recursos p\u00fablicos (provenientes del Gobierno y de organismos internacionales), ya que la escasa visibilidad que dan los medios de comunicaci\u00f3n a cualquier deporte que no sea el f\u00fatbol hace complicado que las empresas se interesen por el patrocinio. La empresa de telecomunicaciones Claro es la excepci\u00f3n, siendo el patrocinador oficial del CON, aunque aporta una muy peque\u00f1a parte de los recursos del organismo ol\u00edmpico.<\/p>\n\n\n\n<p style=\"font-size:22px\"><strong>Lea tambi\u00e9n:<\/strong> <a href=\"http:\/\/ticaspoderosas.com\/index.php\/andrea-vargas-la-hija-del-viento\/\" target=\"_blank\" rel=\"noreferrer noopener\">Andrea Vargas, la hija del viento<\/a><\/p>\n\n\n\n<p>A juicio de Henry N\u00fa\u00f1ez, en Costa Rica no hay cultura de patrocinio hacia los deportes minoritarios, en gran parte debido a la escasa cobertura que ofrecen los medios. El 99 % es f\u00fatbol, hay poco seguimiento a atletas de alto rendimiento y la empresa privada apoya cuando ya han explotado medi\u00e1ticamente.<\/p>\n\n\n\n<p>El trabajo realizado en los \u00faltimos a\u00f1os al menos ha logrado que la \u00e9lite ol\u00edmpica tica sea reconocida por los costarricenses, ya no pasan del todo desapercibidos cuando pasean por nuestras calles.<\/p>\n\n\n\n<p>\u201cVarios atletas, sobre todo los m\u00e1s medi\u00e1ticos, tienen sus propios patrocinadores\u201d, explica N\u00fa\u00f1ez. Ese dinero lo pueden disfrutar los deportistas, ya que los gastos de preparaci\u00f3n se nutren de la manera antes mencionada.<\/p>\n\n\n\n<p>El presidente del CON ve \u201cmuy dif\u00edcil\u201d apuntar a una medalla en Tokio, pero avizora buenas opciones de obtener algunos diplomas ol\u00edmpicos (hasta la s\u00e9ptima plaza) en deportistas que est\u00e1n entre la \u00e9lite mundial en sus disciplinas: la atleta Andrea Vargas, la surfista Brisa Hennessy y el ciclista de BMX Kenneth Tencio.<\/p>\n","protected":false},"excerpt":{"rendered":"<p>En la \u00faltima semana han ido cayendo marcas m\u00ednimas necesarias para poder acudir a los JJ OO de Tokio 2020 (retrasados un a\u00f1o por la pandemia). Un total de diez deportistas costarricenses han clasificado, siete de ellas mujeres. Por primera vez, las mujeres ser\u00e1n mayor\u00eda en la delegaci\u00f3n tica de unos Juegos Ol\u00edmpicos. Por: Daniel [&hellip;]<\/p>\n","protected":false},"author":13,"featured_media":2545,"comment_status":"open","ping_status":"open","sticky":false,"template":"","format":"standard","meta":{"_links_to":"","_links_to_target":""},"categories":[393],"tags":[806,807,606,65,418,449,809,808],"yoast_head":"<!-- This site is optimized with the Yoast SEO plugin v20.2.1 - https:\/\/yoast.com\/wordpress\/plugins\/seo\/ -->\n<title>Mujeres ser\u00e1n mayor\u00eda en representaci\u00f3n ol\u00edmpica de Costa Rica - Ticas poderosas<\/title>\n<meta name=\"robots\" content=\"index, follow, max-snippet:-1, max-image-preview:large, max-video-preview:-1\" \/>\n<link rel=\"canonical\" href=\"http:\/\/ticaspoderosas.com\/index.php\/mujeres-seran-mayoria-en-representacion-olimpica-de-costa-rica\/\" \/>\n<meta property=\"og:locale\" content=\"es_ES\" \/>\n<meta property=\"og:type\" content=\"article\" \/>\n<meta property=\"og:title\" content=\"Mujeres ser\u00e1n mayor\u00eda en representaci\u00f3n ol\u00edmpica de Costa Rica - Ticas poderosas\" \/>\n<meta property=\"og:description\" content=\"En la \u00faltima semana han ido cayendo marcas m\u00ednimas necesarias para poder acudir a los JJ OO de Tokio 2020 (retrasados un a\u00f1o por la pandemia). Un total de diez deportistas costarricenses han clasificado, siete de ellas mujeres. Por primera vez, las mujeres ser\u00e1n mayor\u00eda en la delegaci\u00f3n tica de unos Juegos Ol\u00edmpicos. Por: Daniel [&hellip;]\" \/>\n<meta property=\"og:url\" content=\"http:\/\/ticaspoderosas.com\/index.php\/mujeres-seran-mayoria-en-representacion-olimpica-de-costa-rica\/\" \/>\n<meta property=\"og:site_name\" content=\"Ticas poderosas\" \/>\n<meta property=\"article:publisher\" content=\"https:\/\/www.facebook.com\/Ticas-Poderosas-117994322976683\" \/>\n<meta property=\"article:published_time\" content=\"2021-06-09T19:45:57+00:00\" \/>\n<meta property=\"article:modified_time\" content=\"2021-06-09T19:45:58+00:00\" \/>\n<meta property=\"og:image\" content=\"http:\/\/ticaspoderosas.com\/wp-content\/uploads\/2021\/06\/LUCIANA-ALVARADObn.jpg\" \/>\n\t<meta property=\"og:image:width\" content=\"960\" \/>\n\t<meta property=\"og:image:height\" content=\"638\" \/>\n\t<meta property=\"og:image:type\" content=\"image\/jpeg\" \/>\n<meta name=\"author\" content=\"Gustavo Arias\" \/>\n<meta name=\"twitter:card\" content=\"summary_large_image\" \/>\n<script type=\"application\/ld+json\" class=\"yoast-schema-graph\">{\"@context\":\"https:\/\/schema.org\",\"@graph\":[{\"@type\":\"Article\",\"@id\":\"http:\/\/ticaspoderosas.com\/index.php\/mujeres-seran-mayoria-en-representacion-olimpica-de-costa-rica\/#article\",\"isPartOf\":{\"@id\":\"http:\/\/ticaspoderosas.com\/index.php\/mujeres-seran-mayoria-en-representacion-olimpica-de-costa-rica\/\"},\"author\":{\"name\":\"Gustavo Arias\",\"@id\":\"http:\/\/ticaspoderosas.com\/#\/schema\/person\/229e533909640ee5255dd80f78c969af\"},\"headline\":\"Mujeres ser\u00e1n mayor\u00eda en representaci\u00f3n ol\u00edmpica de Costa Rica\",\"datePublished\":\"2021-06-09T19:45:57+00:00\",\"dateModified\":\"2021-06-09T19:45:58+00:00\",\"mainEntityOfPage\":{\"@id\":\"http:\/\/ticaspoderosas.com\/index.php\/mujeres-seran-mayoria-en-representacion-olimpica-de-costa-rica\/\"},\"wordCount\":1061,\"commentCount\":0,\"publisher\":{\"@id\":\"http:\/\/ticaspoderosas.com\/#organization\"},\"keywords\":[\"Andrea Vargas\",\"Claudia Poll\",\"Comit\u00e9 Ol\u00edmpico Nacional\",\"Costa Rica\",\"Deporte\",\"Juegos Ol\u00edmpicos Tokio 2020\",\"Ol\u00edmpicas Costa Rica\",\"Sylvia Poll\"],\"articleSection\":[\"Reportajes\"],\"inLanguage\":\"es\",\"potentialAction\":[{\"@type\":\"CommentAction\",\"name\":\"Comment\",\"target\":[\"http:\/\/ticaspoderosas.com\/index.php\/mujeres-seran-mayoria-en-representacion-olimpica-de-costa-rica\/#respond\"]}]},{\"@type\":\"WebPage\",\"@id\":\"http:\/\/ticaspoderosas.com\/index.php\/mujeres-seran-mayoria-en-representacion-olimpica-de-costa-rica\/\",\"url\":\"http:\/\/ticaspoderosas.com\/index.php\/mujeres-seran-mayoria-en-representacion-olimpica-de-costa-rica\/\",\"name\":\"Mujeres ser\u00e1n mayor\u00eda en representaci\u00f3n ol\u00edmpica de Costa Rica - Ticas poderosas\",\"isPartOf\":{\"@id\":\"http:\/\/ticaspoderosas.com\/#website\"},\"datePublished\":\"2021-06-09T19:45:57+00:00\",\"dateModified\":\"2021-06-09T19:45:58+00:00\",\"breadcrumb\":{\"@id\":\"http:\/\/ticaspoderosas.com\/index.php\/mujeres-seran-mayoria-en-representacion-olimpica-de-costa-rica\/#breadcrumb\"},\"inLanguage\":\"es\",\"potentialAction\":[{\"@type\":\"ReadAction\",\"target\":[\"http:\/\/ticaspoderosas.com\/index.php\/mujeres-seran-mayoria-en-representacion-olimpica-de-costa-rica\/\"]}]},{\"@type\":\"BreadcrumbList\",\"@id\":\"http:\/\/ticaspoderosas.com\/index.php\/mujeres-seran-mayoria-en-representacion-olimpica-de-costa-rica\/#breadcrumb\",\"itemListElement\":[{\"@type\":\"ListItem\",\"position\":1,\"name\":\"Portada\",\"item\":\"http:\/\/ticaspoderosas.com\/\"},{\"@type\":\"ListItem\",\"position\":2,\"name\":\"Mujeres ser\u00e1n mayor\u00eda en representaci\u00f3n ol\u00edmpica de Costa Rica\"}]},{\"@type\":\"WebSite\",\"@id\":\"http:\/\/ticaspoderosas.com\/#website\",\"url\":\"http:\/\/ticaspoderosas.com\/\",\"name\":\"Ticas Poderosas\",\"description\":\"Plataforma multimedia\",\"publisher\":{\"@id\":\"http:\/\/ticaspoderosas.com\/#organization\"},\"potentialAction\":[{\"@type\":\"SearchAction\",\"target\":{\"@type\":\"EntryPoint\",\"urlTemplate\":\"http:\/\/ticaspoderosas.com\/?s={search_term_string}\"},\"query-input\":\"required name=search_term_string\"}],\"inLanguage\":\"es\"},{\"@type\":\"Organization\",\"@id\":\"http:\/\/ticaspoderosas.com\/#organization\",\"name\":\"Ticas Poderosas\",\"url\":\"http:\/\/ticaspoderosas.com\/\",\"logo\":{\"@type\":\"ImageObject\",\"inLanguage\":\"es\",\"@id\":\"http:\/\/ticaspoderosas.com\/#\/schema\/logo\/image\/\",\"url\":\"http:\/\/ticaspoderosas.com\/wp-content\/uploads\/2016\/09\/ticas.png\",\"contentUrl\":\"http:\/\/ticaspoderosas.com\/wp-content\/uploads\/2016\/09\/ticas.png\",\"width\":180,\"height\":180,\"caption\":\"Ticas Poderosas\"},\"image\":{\"@id\":\"http:\/\/ticaspoderosas.com\/#\/schema\/logo\/image\/\"},\"sameAs\":[\"https:\/\/www.facebook.com\/Ticas-Poderosas-117994322976683\",\"https:\/\/www.instagram.com\/ticaspoderosas\/\"]},{\"@type\":\"Person\",\"@id\":\"http:\/\/ticaspoderosas.com\/#\/schema\/person\/229e533909640ee5255dd80f78c969af\",\"name\":\"Gustavo Arias\",\"image\":{\"@type\":\"ImageObject\",\"inLanguage\":\"es\",\"@id\":\"http:\/\/ticaspoderosas.com\/#\/schema\/person\/image\/\",\"url\":\"http:\/\/1.gravatar.com\/avatar\/741d3124c89fb458b3a98303915a0ec1?s=96&d=mm&r=g\",\"contentUrl\":\"http:\/\/1.gravatar.com\/avatar\/741d3124c89fb458b3a98303915a0ec1?s=96&d=mm&r=g\",\"caption\":\"Gustavo Arias\"}}]}<\/script>\n<!-- \/ Yoast SEO plugin. -->","yoast_head_json":{"title":"Mujeres ser\u00e1n mayor\u00eda en representaci\u00f3n ol\u00edmpica de Costa Rica - Ticas poderosas","robots":{"index":"index","follow":"follow","max-snippet":"max-snippet:-1","max-image-preview":"max-image-preview:large","max-video-preview":"max-video-preview:-1"},"canonical":"http:\/\/ticaspoderosas.com\/index.php\/mujeres-seran-mayoria-en-representacion-olimpica-de-costa-rica\/","og_locale":"es_ES","og_type":"article","og_title":"Mujeres ser\u00e1n mayor\u00eda en representaci\u00f3n ol\u00edmpica de Costa Rica - Ticas poderosas","og_description":"En la \u00faltima semana han ido cayendo marcas m\u00ednimas necesarias para poder acudir a los JJ OO de Tokio 2020 (retrasados un a\u00f1o por la pandemia). Un total de diez deportistas costarricenses han clasificado, siete de ellas mujeres. Por primera vez, las mujeres ser\u00e1n mayor\u00eda en la delegaci\u00f3n tica de unos Juegos Ol\u00edmpicos. Por: Daniel [&hellip;]","og_url":"http:\/\/ticaspoderosas.com\/index.php\/mujeres-seran-mayoria-en-representacion-olimpica-de-costa-rica\/","og_site_name":"Ticas poderosas","article_publisher":"https:\/\/www.facebook.com\/Ticas-Poderosas-117994322976683","article_published_time":"2021-06-09T19:45:57+00:00","article_modified_time":"2021-06-09T19:45:58+00:00","og_image":[{"width":960,"height":638,"url":"http:\/\/ticaspoderosas.com\/wp-content\/uploads\/2021\/06\/LUCIANA-ALVARADObn.jpg","type":"image\/jpeg"}],"author":"Gustavo Arias","twitter_card":"summary_large_image","schema":{"@context":"https:\/\/schema.org","@graph":[{"@type":"Article","@id":"http:\/\/ticaspoderosas.com\/index.php\/mujeres-seran-mayoria-en-representacion-olimpica-de-costa-rica\/#article","isPartOf":{"@id":"http:\/\/ticaspoderosas.com\/index.php\/mujeres-seran-mayoria-en-representacion-olimpica-de-costa-rica\/"},"author":{"name":"Gustavo Arias","@id":"http:\/\/ticaspoderosas.com\/#\/schema\/person\/229e533909640ee5255dd80f78c969af"},"headline":"Mujeres ser\u00e1n mayor\u00eda en representaci\u00f3n ol\u00edmpica de Costa Rica","datePublished":"2021-06-09T19:45:57+00:00","dateModified":"2021-06-09T19:45:58+00:00","mainEntityOfPage":{"@id":"http:\/\/ticaspoderosas.com\/index.php\/mujeres-seran-mayoria-en-representacion-olimpica-de-costa-rica\/"},"wordCount":1061,"commentCount":0,"publisher":{"@id":"http:\/\/ticaspoderosas.com\/#organization"},"keywords":["Andrea Vargas","Claudia Poll","Comit\u00e9 Ol\u00edmpico Nacional","Costa Rica","Deporte","Juegos Ol\u00edmpicos Tokio 2020","Ol\u00edmpicas Costa Rica","Sylvia Poll"],"articleSection":["Reportajes"],"inLanguage":"es","potentialAction":[{"@type":"CommentAction","name":"Comment","target":["http:\/\/ticaspoderosas.com\/index.php\/mujeres-seran-mayoria-en-representacion-olimpica-de-costa-rica\/#respond"]}]},{"@type":"WebPage","@id":"http:\/\/ticaspoderosas.com\/index.php\/mujeres-seran-mayoria-en-representacion-olimpica-de-costa-rica\/","url":"http:\/\/ticaspoderosas.com\/index.php\/mujeres-seran-mayoria-en-representacion-olimpica-de-costa-rica\/","name":"Mujeres ser\u00e1n mayor\u00eda en representaci\u00f3n ol\u00edmpica de Costa Rica - Ticas poderosas","isPartOf":{"@id":"http:\/\/ticaspoderosas.com\/#website"},"datePublished":"2021-06-09T19:45:57+00:00","dateModified":"2021-06-09T19:45:58+00:00","breadcrumb":{"@id":"http:\/\/ticaspoderosas.com\/index.php\/mujeres-seran-mayoria-en-representacion-olimpica-de-costa-rica\/#breadcrumb"},"inLanguage":"es","potentialAction":[{"@type":"ReadAction","target":["http:\/\/ticaspoderosas.com\/index.php\/mujeres-seran-mayoria-en-representacion-olimpica-de-costa-rica\/"]}]},{"@type":"BreadcrumbList","@id":"http:\/\/ticaspoderosas.com\/index.php\/mujeres-seran-mayoria-en-representacion-olimpica-de-costa-rica\/#breadcrumb","itemListElement":[{"@type":"ListItem","position":1,"name":"Portada","item":"http:\/\/ticaspoderosas.com\/"},{"@type":"ListItem","position":2,"name":"Mujeres ser\u00e1n mayor\u00eda en representaci\u00f3n ol\u00edmpica de Costa Rica"}]},{"@type":"WebSite","@id":"http:\/\/ticaspoderosas.com\/#website","url":"http:\/\/ticaspoderosas.com\/","name":"Ticas Poderosas","description":"Plataforma multimedia","publisher":{"@id":"http:\/\/ticaspoderosas.com\/#organization"},"potentialAction":[{"@type":"SearchAction","target":{"@type":"EntryPoint","urlTemplate":"http:\/\/ticaspoderosas.com\/?s={search_term_string}"},"query-input":"required name=search_term_string"}],"inLanguage":"es"},{"@type":"Organization","@id":"http:\/\/ticaspoderosas.com\/#organization","name":"Ticas Poderosas","url":"http:\/\/ticaspoderosas.com\/","logo":{"@type":"ImageObject","inLanguage":"es","@id":"http:\/\/ticaspoderosas.com\/#\/schema\/logo\/image\/","url":"http:\/\/ticaspoderosas.com\/wp-content\/uploads\/2016\/09\/ticas.png","contentUrl":"http:\/\/ticaspoderosas.com\/wp-content\/uploads\/2016\/09\/ticas.png","width":180,"height":180,"caption":"Ticas Poderosas"},"image":{"@id":"http:\/\/ticaspoderosas.com\/#\/schema\/logo\/image\/"},"sameAs":["https:\/\/www.facebook.com\/Ticas-Poderosas-117994322976683","https:\/\/www.instagram.com\/ticaspoderosas\/"]},{"@type":"Person","@id":"http:\/\/ticaspoderosas.com\/#\/schema\/person\/229e533909640ee5255dd80f78c969af","name":"Gustavo Arias","image":{"@type":"ImageObject","inLanguage":"es","@id":"http:\/\/ticaspoderosas.com\/#\/schema\/person\/image\/","url":"http:\/\/1.gravatar.com\/avatar\/741d3124c89fb458b3a98303915a0ec1?s=96&d=mm&r=g","contentUrl":"http:\/\/1.gravatar.com\/avatar\/741d3124c89fb458b3a98303915a0ec1?s=96&d=mm&r=g","caption":"Gustavo Arias"}}]}},"_links":{"self":[{"href":"http:\/\/ticaspoderosas.com\/index.php\/wp-json\/wp\/v2\/posts\/2544"}],"collection":[{"href":"http:\/\/ticaspoderosas.com\/index.php\/wp-json\/wp\/v2\/posts"}],"about":[{"href":"http:\/\/ticaspoderosas.com\/index.php\/wp-json\/wp\/v2\/types\/post"}],"author":[{"embeddable":true,"href":"http:\/\/ticaspoderosas.com\/index.php\/wp-json\/wp\/v2\/users\/13"}],"replies":[{"embeddable":true,"href":"http:\/\/ticaspoderosas.com\/index.php\/wp-json\/wp\/v2\/comments?post=2544"}],"version-history":[{"count":2,"href":"http:\/\/ticaspoderosas.com\/index.php\/wp-json\/wp\/v2\/posts\/2544\/revisions"}],"predecessor-version":[{"id":2547,"href":"http:\/\/ticaspoderosas.com\/index.php\/wp-json\/wp\/v2\/posts\/2544\/revisions\/2547"}],"wp:featuredmedia":[{"embeddable":true,"href":"http:\/\/ticaspoderosas.com\/index.php\/wp-json\/wp\/v2\/media\/2545"}],"wp:attachment":[{"href":"http:\/\/ticaspoderosas.com\/index.php\/wp-json\/wp\/v2\/media?parent=2544"}],"wp:term":[{"taxonomy":"category","embeddable":true,"href":"http:\/\/ticaspoderosas.com\/index.php\/wp-json\/wp\/v2\/categories?post=2544"},{"taxonomy":"post_tag","embeddable":true,"href":"http:\/\/ticaspoderosas.com\/index.php\/wp-json\/wp\/v2\/tags?post=2544"}],"curies":[{"name":"wp","href":"https:\/\/api.w.org\/{rel}","templated":true}]}}