{"id":3028,"date":"2022-08-19T19:20:05","date_gmt":"2022-08-19T17:20:05","guid":{"rendered":"http:\/\/ticaspoderosas.com\/?p=3028"},"modified":"2023-01-10T01:07:04","modified_gmt":"2023-01-09T23:07:04","slug":"viaje-al-futuro-con-cathy-hackl","status":"publish","type":"post","link":"http:\/\/ticaspoderosas.com\/index.php\/viaje-al-futuro-con-cathy-hackl\/","title":{"rendered":"Viaje al futuro con Cathy Hackl"},"content":{"rendered":"\n<p><strong>Una costarricense est\u00e1 considerada como una de las \u2018futuristas\u2019 m\u00e1s importantes del mundo. Empresas y gobiernos contratan sus servicios para que les marque el camino de cara a las tendencias m\u00e1s importantes de la tecnolog\u00eda. Hoy es un referente de la Realidad Virtual (VR) y Aumentada (AR).<\/strong><\/p>\n\n\n\n<p style=\"font-size:22px\"><strong>Por: Daniel Zueras<\/strong><\/p>\n\n\n\n<p class=\"has-drop-cap\">Hija de un diplom\u00e1tico, la vida <a href=\"https:\/\/www.cathyhackl.com\/\" target=\"_blank\" rel=\"noreferrer noopener\">Cathy Hackl<\/a> se vio marcada por el cosmopolitismo. Su padre era Embajador de Costa Rica ante Naciones Unidas cuando ella naci\u00f3 y esta crianza le imprimi\u00f3 huella en su preparaci\u00f3n y su car\u00e1cter.<\/p>\n\n\n\n<p>La evoluci\u00f3n y el cambio son motores en su vida. Del mundo del periodismo pas\u00f3 al de la tecnolog\u00eda y se convirti\u00f3 en \u2018futurista\u2019 y evangelizadora de la <a href=\"https:\/\/www.adslzone.net\/reportajes\/tecnologia\/realidad-virtual-rv\/\" target=\"_blank\" rel=\"noreferrer noopener\">Realidad Virtual (VR)<\/a> y <a href=\"https:\/\/www.innovae.eu\/la-realidad-aumentada\/\" target=\"_blank\" rel=\"noreferrer noopener\">Aumentada (AR)<\/a>.<\/p>\n\n\n\n<p>Y es que Cathy iba para periodista, carrera en la que se inici\u00f3 profesionalmente (estuvo incluso nominada a un <a href=\"https:\/\/www.emmys.com\/\" target=\"_blank\" rel=\"noreferrer noopener\">premio Emmy<\/a> en 2007, por un trabajo sobre las marchas en torno a los inmigrantes en Atlanta), pero esa curiosidad innata la llev\u00f3 hacia los rumbos de la tecnolog\u00eda y desde entonces vive inmersa en la cabeza global de la RV y RA.<\/p>\n\n\n\n<p>Su influencia en el sector llega a tal punto que el portal multimedia <a href=\"https:\/\/bigthink.com\/\" target=\"_blank\" rel=\"noreferrer noopener\">BigThink<\/a> (referente en el sector tecnol\u00f3gico a nivel mundial) la nombr\u00f3 en 2020 como una de las 10 mujeres m\u00e1s influyentes en tecnolog\u00eda ha sido considerada como&nbsp; la gu\u00eda de negocios del CEO para el metaverso. Adem\u00e1s, fue incluida en la lista <a href=\"https:\/\/thinkers50.com\/\" target=\"_blank\" rel=\"noreferrer noopener\">Thinkers50<\/a> Radar de 2021, como uno de los 30 pensadores de gesti\u00f3n para dar forma al futuro sobre c\u00f3mo se gestionan y dirigen las organizaciones.<\/p>\n\n\n\n<p>Estuvo en el equipo de la pel\u00edcula Ready Player One (film dist\u00f3pico de Steven Spielberg que muestra c\u00f3mo la \u00fanica v\u00eda de escape de una sociedad muy desigual es conectarse a un videojuego de Realidad Virtual en l\u00ednea llamado Oasis) a trav\u00e9s de HTC, la compa\u00f1\u00eda que fabrica los visores de RV que aparecen en la cinta, actuando como \u2018evangelista\u2019 de RV en la compa\u00f1\u00eda.<\/p>\n\n\n\n<figure class=\"wp-block-image size-large\"><img decoding=\"async\" loading=\"lazy\" width=\"724\" height=\"1024\" src=\"http:\/\/ticaspoderosas.com\/wp-content\/uploads\/2023\/01\/CATHY-HACKL-724x1024.png\" alt=\"\" class=\"wp-image-3102\" srcset=\"http:\/\/ticaspoderosas.com\/wp-content\/uploads\/2023\/01\/CATHY-HACKL-724x1024.png 724w, http:\/\/ticaspoderosas.com\/wp-content\/uploads\/2023\/01\/CATHY-HACKL-212x300.png 212w, http:\/\/ticaspoderosas.com\/wp-content\/uploads\/2023\/01\/CATHY-HACKL-768x1086.png 768w, http:\/\/ticaspoderosas.com\/wp-content\/uploads\/2023\/01\/CATHY-HACKL-1086x1536.png 1086w, http:\/\/ticaspoderosas.com\/wp-content\/uploads\/2023\/01\/CATHY-HACKL.png 1200w\" sizes=\"(max-width: 724px) 100vw, 724px\" \/><figcaption class=\"wp-element-caption\"><em>Visita el Instagram de la ilustradora:<\/em><strong> <\/strong><a href=\"https:\/\/www.instagram.com\/noeaudisio.art\/\" target=\"_blank\" rel=\"noreferrer noopener\"><strong>Noelia Audisio<\/strong><\/a><\/figcaption><\/figure>\n\n\n\n<p>A juicio de Hackl, la pel\u00edcula fue un acercamiento a la RV \u201cy la gente pens\u00f3 qu\u00e9 interesante. No motiv\u00f3 a todo el mundo a comprarse las gafas pero creo que s\u00ed que abri\u00f3 una conversaci\u00f3n. Yo ahora cuando hablo con alguien mucha gente ha visto la pel\u00edcula o ha le\u00eddo el libro, o han o\u00eddo hablar de ello o sus hijos la han visto\u201d.<\/p>\n\n\n\n<p>Tambi\u00e9n cre\u00f3 en 2018 el primer comunicado de prensa hologr\u00e1fico del mundo. No tiene dudas de que en RA Y RV la pandemia ha sido un disparador: \u201cLo que est\u00e1bamos pensando que iba a pasar en tres a\u00f1os, pas\u00f3 en un a\u00f1o y medio\u201d.<\/p>\n\n\n\n<p>Y claro, es necesario hablar del Metaverso, esa palabra de la que tanto hemos escuchado en los \u00faltimos dos a\u00f1os. Precisamente, Cathy fue la presidenta de la Metaverse Fashion Week (organizada en marzo de este a\u00f1o), donde algunas de las principales marcas de moda de lujo organizaron desfiles virtuales y vendieron sus art\u00edculos f\u00edsicos que despu\u00e9s se entregaban a los clientes en el mundo real.<\/p>\n\n\n\n<p style=\"font-size:26px\"><strong>Es usted experta en AR y VR. \u00bfC\u00f3mo s\u00e9 interes\u00f3 por ello, llegando desde el mundo de la comunicaci\u00f3n? Tiene que ver porque es contar historias, pero parece complicado llegando del mundo de la comunicaci\u00f3n\u2026<\/strong><\/p>\n\n\n\n<figure class=\"wp-block-embed is-type-video is-provider-youtube wp-block-embed-youtube wp-embed-aspect-16-9 wp-has-aspect-ratio\"><div class=\"wp-block-embed__wrapper\">\n<iframe loading=\"lazy\" title=\"Entrevista Cathy Hackl sobre su carrera\" width=\"750\" height=\"422\" src=\"https:\/\/www.youtube.com\/embed\/vf9kZpejoSo?feature=oembed\" frameborder=\"0\" allow=\"accelerometer; autoplay; clipboard-write; encrypted-media; gyroscope; picture-in-picture; web-share\" allowfullscreen><\/iframe>\n<\/div><\/figure>\n\n\n\n<p style=\"font-size:26px\"><strong>Trabaj\u00f3 en el equipo de Ready Player One<\/strong><\/p>\n\n\n\n<p>No con el equipo de <a href=\"https:\/\/www.imdb.com\/name\/nm0000229\/\">Spielberg<\/a>, sino con la compa\u00f1\u00eda que hace los <em>Headsets<\/em>. HTC hac\u00eda tel\u00e9fonos y abri\u00f3 una divisi\u00f3n, <a href=\"https:\/\/www.vive.com\/us\/\">HTC Vive<\/a> que fabrica los visores de realidad virtual. Cuando Spielberg sac\u00f3 la adaptaci\u00f3n de <a href=\"https:\/\/www.youtube.com\/watch?v=J0ZKannF6l4\"><strong>Ready Player One<\/strong><\/a>, HTCV era el \u00fanico socio de gafas de realidad virtual de la pel\u00edcula y yo fui la evangelista de VR de la compa\u00f1\u00eda durante el lanzamiento del film.<\/p>\n\n\n\n<p style=\"font-size:26px\"><strong>\u00bfEsa pel\u00edcula sirvi\u00f3 para dar pasos adelante en la VR, que la gente se interesara un poco m\u00e1s?<\/strong><\/p>\n\n\n\n<p>Creo que fue un acercamiento a la VR, y la gente pens\u00f3 \u201cqu\u00e9 interesante\u00bb. Es un futuro dist\u00f3pico. Decir que motiv\u00f3 a todo el mundo a comprarse las gafas, pues no, pero s\u00ed que abri\u00f3 una conversaci\u00f3n. Yo ahora cuando hablo con alguien, mucha gente ha visto la pel\u00edcula o ha le\u00eddo el libro, o han o\u00eddo hablar de ello o sus hijos la han visto.<\/p>\n\n\n\n<p>Empez\u00f3 a abrir una oportunidad para tener conversaciones sobre la tecnolog\u00eda inmersiva, que tal vez antes no se ten\u00edan.<\/p>\n\n\n\n<p style=\"font-size:26px\"><strong>Cre\u00f3 el primer comunicado de prensa hologr\u00e1fico del mundo\u2026<\/strong><\/p>\n\n\n\n<p>S\u00ed. Un d\u00eda estaba pensando \u00bfqu\u00e9 puedo hacer en el mundo de la comunicaci\u00f3n para ser disruptiva? Siempre ando buscando ideas y c\u00f3mo llevar la tecnolog\u00eda al l\u00edmite, qu\u00e9 es lo que puedo hacer.&nbsp;<\/p>\n\n\n\n<p>Empec\u00e9 a pensar y dije, voy a hacer un comunicado de prensa hologr\u00e1fico, fui a <a href=\"http:\/\/www.google.com\" target=\"_blank\" rel=\"noreferrer noopener\">Google<\/a> para ver si alguien hab\u00eda hecho algo. Lo que encontr\u00e9 fue un art\u00edculo de 2015 de alguien anunciando un comunicado de prensa hologr\u00e1fico, pero era un chiste del d\u00eda de los Inocentes.<\/p>\n\n\n\n<p>Fue muy gracioso, porque yo hice realidad ese chiste tres a\u00f1os despu\u00e9s, en 2018.&nbsp;<\/p>\n\n\n\n<p>Trabaj\u00e9 con un equipo para empujar la tecnolog\u00eda lo m\u00e1s que pudimos y lo lanzamos por medio de Snapchat, en una de las conferencias de comunicadores m\u00e1s grandes del mundo.<\/p>\n\n\n\n<p>Para m\u00ed siempre ha sido c\u00f3mo usar la tecnolog\u00eda para empujar los l\u00edmites y hacer disrupci\u00f3n.&nbsp;<\/p>\n\n\n\n<p>Estaba en una agencia con la que trabaj\u00e9 para crear el comunicado, que era anunciando el comunicado de prensa, muy meta. Era como un momento para decir: la industria de las comunicaciones va a cambiar. Tal vez no en 2018, pero va a cambiar eventualmente.<\/p>\n\n\n\n<p>Fue muy bien recibido, varios medios lo cubrieron, hice varias charlas&#8230; Hoy en d\u00eda, todav\u00eda sigo empujando los l\u00edmites de la tecnolog\u00eda de hologramas. Yo soy una de las pocas personas en el mundo que puede producir hologramas. Tengo que trabajar con un estudio, pero yo lo puedo hacer.<\/p>\n\n\n\n<p>Y por ejemplo, para la <a href=\"https:\/\/metaversefashionweek.com\/\" target=\"_blank\" rel=\"noreferrer noopener\">Metaverse Fashion Week<\/a> yo fui la presidenta y una de las cosas que hicimos fue que para abrir la semana de la moda yo me met\u00ed como un holograma en vivo en <a href=\"https:\/\/decentraland.org\/\" target=\"_blank\" rel=\"noreferrer noopener\">Decentraland<\/a>, que es una plataforma de metaverso, en vivo, algo que nadie hab\u00eda hecho. As\u00ed fue como arrancamos el evento, fue a finales de marzo de 2022.<\/p>\n\n\n\n<p style=\"font-size:26px\"><strong>Hablando del metaverso. \u00bfSe ha acelerado con la pandemia? Y se ha hablado mucho con la irrupci\u00f3n de Meta. \u00bfVamos a ver grandes cosas en los pr\u00f3ximos a\u00f1os?<\/strong><\/p>\n\n\n\n<p>Vamos a ver una aceleraci\u00f3n de la convergencia de las tecnolog\u00edas en el mundo virtual y f\u00edsico. Una de las cosas que la gente malinterpreta es que piensan que el <a href=\"https:\/\/www.xataka.com\/basics\/que-metaverso-que-posibilidades-ofrece-cuando-sera-real\" target=\"_blank\" rel=\"noreferrer noopener\">Metaverso<\/a> es solo VR. No, incluye tambi\u00e9n el mundo f\u00edsico y son muchas diferentes tecnolog\u00edas que hacen que el metaverso se est\u00e9 construyendo ahorita. Es, en esencia, el pr\u00f3ximo modelo de Internet, por decir as\u00ed.<\/p>\n\n\n\n<p>Vamos a ver m\u00e1s aceleraci\u00f3n, m\u00e1s convergencia, vida digital y virtual y f\u00edsica. Va a ser como el internet alrededor de nosotros. Vamos a verlo por medio de gafas y va a ser un cambio en la manera que interactuamos con la informaci\u00f3n y con datos y con el Internet. Ahora lo estamos haciendo todo en el tel\u00e9fono y en la computadora, eventualmente va a ser por medio de gafas y va a estar todo alrededor de nosotros.<\/p>\n\n\n\n<p style=\"font-size:26px\"><strong>\u00bfHay un plazo para esa popularizaci\u00f3n?<\/strong><\/p>\n\n\n\n<p>El metaverso lo estamos construyendo. Creo que tal vez en 10 a\u00f1os una gran parte de la poblaci\u00f3n podr\u00eda estar usando algo que no sea un m\u00f3vil. Pero falta mucho. Tiene que haber una infraestructura construida y presente que no existe actualmente para poder tener tanta gente conectada con gafas consumiendo datos enfrente de ellos.<\/p>\n\n\n\n<p>Tenemos que entrar ya en el 6G, <em>cloud computing<\/em>, etc\u00e9tera&#8230; Hay que tener una infraestructura. Y adem\u00e1s las gafas, la gente subestima lo dif\u00edcil que es poner una supercomputadora en unas gafas, es una tecnolog\u00eda que todav\u00eda no existe. Todas las compa\u00f1\u00edas est\u00e1n tratando de hacerlo, pero va a ser un proceso.<\/p>\n\n\n\n<p>Creo que el momento clave ser\u00e1 cuando <a href=\"https:\/\/www.apple.com\/la\/\" target=\"_blank\" rel=\"noreferrer noopener\">Apple<\/a> traiga unas gafas al mercado. Esas gafas van a ser como el primer <a href=\"https:\/\/www.apple.com\/la\/iphone\/\" target=\"_blank\" rel=\"noreferrer noopener\">iPhone<\/a>, que no ten\u00eda ni siquiera App Store, tom\u00f3 tiempo para que llegara a ser lo que es ahora. Va a ser un proceso. Veo muy optimista la gente que dice en cinco a\u00f1os, yo no lo creo. Estoy pensando que en 10-15 a\u00f1os.<\/p>\n\n\n\n<p style=\"font-size:26px\"><strong>Hay pocas mujeres y pocas latinas. Forma parte de ese apenas 1 % de mujeres latinas en tecnolog\u00eda en EE UU. \u00bfAlguna vez se ha sentido en desventaja por ese hecho? Por ser mujer, por ser latina, dentro del campo de la tecnolog\u00eda.&nbsp;<\/strong><\/p>\n\n\n\n<p>Dir\u00eda que al principio, cuando empec\u00e9, s\u00ed sent\u00ed que ten\u00eda que trabajar tal vez dos o tres veces m\u00e1s que algunas otras personas, especialmente hombres blancos anglosajones.<\/p>\n\n\n\n<p>La cosa ha cambiado, ya llevo ocho a\u00f1os de trabajar en esta industria. He creado un nombre, una marca personal, una carrera bastante emocionante y linda. Ya no es tan dif\u00edcil.<\/p>\n\n\n\n<p>La mayor\u00eda de la gente con la que hablo o le pido una llamada toma la llamada y toma la reuni\u00f3n, no es tan dif\u00edcil ya, pero s\u00ed lo fue al principio.<\/p>\n\n\n\n<p>Por ejemplo, hab\u00eda un colega, <a href=\"https:\/\/en.wikipedia.org\/wiki\/Robert_Scoble\" target=\"_blank\" rel=\"noreferrer noopener\">Robert Scoble<\/a>, que en su momento fue muy conocido, ve\u00eda que todo le llegaba a \u00e9l, se lo daban todo, lo pod\u00eda hacer todo. Me preguntaba \u00bfpor qu\u00e9 no buscan otras voces? \u00bfPor qu\u00e9 siempre tiene que ser \u00e9l?<\/p>\n\n\n\n<p>Las cosas han cambiado, ahora somos muchos.<\/p>\n\n\n\n<p>Una cosa muy interesante, que s\u00ed pasa en el mundo de la RV y AR es que hay muchas mujeres de distintas razas. Es un momento muy colaborativo, un poco distinto al resto del Tech, en ese sentido. Todas nos estamos apoyando, por ejemplo <a href=\"https:\/\/futureofstorytelling.org\/video\/nonny-de-la-pea-journalism-in-the-age-of-virtual-reality\" target=\"_blank\" rel=\"noreferrer noopener\">Nonny de la Pe\u00f1a<\/a>, m\u00e1s que mentora se ha vuelto amiga m\u00eda. Es una comunidad de mujeres en <em>Tech<\/em> que es m\u00e1s colaborativa. No es que no lo sean en otras partes, pero creo que en este caso es un poco distinto.<\/p>\n\n\n\n<p style=\"font-size:26px\"><strong>\u00bfPor qu\u00e9 cree que se da esto en un nicho tan espec\u00edfico como AR y VR, haya tanta mujer?<\/strong><\/p>\n\n\n\n<p>No s\u00e9 cu\u00e1l ser\u00e1 la raz\u00f3n. Pero me alegra much\u00edsimo, porque cuando estamos hablando de crear nuevos mundos y nuevas realidades, es s\u00faper importante que no sea solo la perspectiva de un cierto grupo de personas.&nbsp;<\/p>\n\n\n\n<p>Eso ha pasado ya por demasiado tiempo y con estas nuevas tecnolog\u00edas que estamos creando estos nuevos mundos, es importante tener much\u00edsimas distintas perspectivas, tanto de raza, como de religi\u00f3n, de nacionalidad, g\u00e9nero&#8230; Creo que eso es profundo y es importante.<\/p>\n\n\n\n<p>Creo que es porque todav\u00eda es nuevo, porque somos tal vez pocos los que hemos dado el salto, estamos un poco locos&#8230; Es un poco distinto al resto de tecnolog\u00eda.<\/p>\n\n\n\n<p style=\"font-size:26px\"><strong>\u201cSi lo puedes ver, lo puedes hacer\u201d. \u00bfQu\u00e9 ense\u00f1a su carrera a las ni\u00f1as y las mujeres costarricenses?<\/strong><\/p>\n\n\n\n<figure class=\"wp-block-embed is-type-video is-provider-youtube wp-block-embed-youtube wp-embed-aspect-16-9 wp-has-aspect-ratio\"><div class=\"wp-block-embed__wrapper\">\n<iframe loading=\"lazy\" title=\"Entrevista Cathy Hackl sobre su impacto en la vida de otras personas\" width=\"750\" height=\"422\" src=\"https:\/\/www.youtube.com\/embed\/1dy_Gu_b3QM?feature=oembed\" frameborder=\"0\" allow=\"accelerometer; autoplay; clipboard-write; encrypted-media; gyroscope; picture-in-picture; web-share\" allowfullscreen><\/iframe>\n<\/div><\/figure>\n\n\n\n<p style=\"font-size:26px\"><strong>Est\u00e1 considerada como una de las l\u00edderes futuristas por la revista Forbes. \u00bfC\u00f3mo visualiza el futuro? \u00bfHa cambiado esa visi\u00f3n despu\u00e9s de la pandemia?<\/strong><\/p>\n\n\n\n<p>S\u00ed, creo que la visi\u00f3n que ten\u00eda se aceler\u00f3 much\u00edsimo con la pandemia y lo que hemos tenido todos que hacer trabajando desde casa. En AR y VR, lo que est\u00e1bamos pensando que iba a pasar en tres a\u00f1os, pas\u00f3 en a\u00f1o y medio. En cuesti\u00f3n de c\u00f3mo se usa esta tecnolog\u00eda, pasaron de ser conversaciones de qu\u00e9 es la VR a conversaciones con compa\u00f1\u00edas de \u00abok, quiero hacer un plan ya. \u00bfC\u00f3mo incorporo ya esta tecnolog\u00eda para entrenar a mis empleados?\u00bb.&nbsp;<\/p>\n\n\n\n<p>Eso fue muy interesante. Yo, como futurista, veo las cosas de cierta manera. No soy dist\u00f3pica, no creo que todo es <a href=\"https:\/\/es.wikipedia.org\/wiki\/The_Terminator\" target=\"_blank\" rel=\"noreferrer noopener\">Terminator<\/a> y se va a acabar el mundo ya, y tampoco soy ut\u00f3pica en el sentido de que s\u00e9 que no son Unicornios solamente.<\/p>\n\n\n\n<p>Estoy como m\u00e1s en el medio, lo que se llama <a href=\"https:\/\/relathia.com\/blog\/2020\/7\/27\/protopia-como-actitud-progreso-ante-retos-siglo-xxi\" target=\"_blank\" rel=\"noreferrer noopener\">Protopia<\/a>, entiendes que la tecnolog\u00eda es algo que va a ayudarnos a mejorar como humanos, pero que tambi\u00e9n va a haber ciertos problemas con el uso de la tecnolog\u00eda.<\/p>\n\n\n\n<p>Creo que la verdad del futuro est\u00e1 en ese medio. S\u00ed hay cosas que me preocupan, como el cambio clim\u00e1tico, pero s\u00ed siento que la tecnolog\u00eda nos va a ayudar a resolver algunos de esos problemas lo mejor que sepamos, como seres humanos.<\/p>\n\n\n\n<p style=\"font-size:26px\"><strong>Uno de esos problemas (y entramos en el \u00e1mbito social y de la comunicaci\u00f3n) es que estamos pasando de las Fake News al Deep Fake. \u00bfHay alguna manera de resolverlo o viene y habr\u00e1 que lidiar con ello?<\/strong><\/p>\n\n\n\n<figure class=\"wp-block-embed is-type-video is-provider-youtube wp-block-embed-youtube wp-embed-aspect-16-9 wp-has-aspect-ratio\"><div class=\"wp-block-embed__wrapper\">\n<iframe loading=\"lazy\" title=\"Entrevista Cathy Hackl sobre medios sint\u00e9ticos\" width=\"750\" height=\"422\" src=\"https:\/\/www.youtube.com\/embed\/lvdVuG774Gw?feature=oembed\" frameborder=\"0\" allow=\"accelerometer; autoplay; clipboard-write; encrypted-media; gyroscope; picture-in-picture; web-share\" allowfullscreen><\/iframe>\n<\/div><\/figure>\n\n\n\n<p style=\"font-size:26px\"><strong>Otro de los problemas asociados a toda la AI es el tema de la revoluci\u00f3n del empleo. Se visualiza la p\u00e9rdida de muchos puestos de trabajo, aunque l\u00f3gicamente se van a crear otros nuevos. Pero en sociedades menos desarrolladas, como la costarricense u otras a\u00fan menos, el impacto en la mano de obra va a ser mayor. \u00bfC\u00f3mo debe de trabajar el pa\u00eds para disminuir ese impacto?<\/strong><\/p>\n\n\n\n<p>Hay que trabajar en el largo plazo. Por ejemplo EE UU no tiene esta mentalidad, pero si uno mira a los Emiratos o a ciertos pa\u00edses s\u00ed tienen un futurista que trabaja con ellos. S\u00e9 que en Costa Rica se est\u00e1 empezando a trabajar un poco este tema, empezar a tener como la vista a largo plazo y siento que eso nos falta mucho en Latinoam\u00e9rica.<\/p>\n\n\n\n<p>En EE UU pasa, digamos un Gobierno son 4-8 a\u00f1os y se acab\u00f3, pero siempre se entra con la mentalidad de qu\u00e9 vamos a hacer en cuatro a\u00f1os, cuando realmente ser\u00eda entender la mentalidad de qu\u00e9 vamos a hacer en los pr\u00f3ximos 25 a\u00f1os, 100 a\u00f1os, para d\u00f3nde va el pa\u00eds.&nbsp;<\/p>\n\n\n\n<p>Siento que algunos pa\u00edses asi\u00e1ticos han tenido ese tipo de mentalidad, hacia d\u00f3nde vamos en 100 a\u00f1os. \u00bfQu\u00e9 estamos creando hoy para impactar el mundo en 100 a\u00f1os? Y ah\u00ed es que yo siento que hay pa\u00edses -y no tiene que ser un pa\u00eds rico el que trabaje con futuristas- de todo tipo y tama\u00f1o que tratan de implementar m\u00e1s de esas ideas de pensar \u00ab\u00bfY qu\u00e9 pasar\u00eda si X sucede? o \u00bfC\u00f3mo nos preparamos? \u00bfCu\u00e1l es el plan a 100 a\u00f1os? \u00bfHacia d\u00f3nde va la ciudad en el 2050?\u00bb. Un plan que se entienda, que la poblaci\u00f3n lo pueda visualizar.<\/p>\n\n\n\n<p>Ah\u00ed tambi\u00e9n yo creo que la VR por ejemplo, en especial la VR, puede ayudar mucho con la creaci\u00f3n de leyes y de lo que se llama en EE UU <a href=\"https:\/\/policyvisuals.eu\/policy-design\/\" target=\"_blank\" rel=\"noreferrer noopener\"><em>&#8216;policy design&#8217;<\/em><\/a>, dise\u00f1o de leyes y de pol\u00edticas, para visualizar esas cosas.<\/p>\n\n\n\n<p>Un ejemplo, yo estoy trabajando ahora en un proyecto con el futurista de las Fuerzas A\u00e9reas, ellos trabajaron un reporte global del futuro, pensando c\u00f3mo va a ser en 2035 y lo que hicimos fue agarrar ese reporte, que es un PDF, y lo pasamos a VR. Entonces, ahora alguien en el Pent\u00e1gono se puede poner unas gafas de VR y visualizar esos cuatro futuros que salen en ese reporte. Cambia mucho la experiencia de yo lo le\u00ed a yo lo viv\u00ed. De ponerse las gafas y entrar en esos mundos, c\u00f3mo cambia la perspectiva, c\u00f3mo se prepara un Gobierno de manera distinta cuando pueden visualizar ese futuro.<\/p>\n\n\n\n<p style=\"font-size:26px\"><strong>Hablando de la realidad de distintos pa\u00edses y centr\u00e1ndonos en Costa Rica, para poder desarrollarse el pa\u00eds necesita cuidar a sus talentos. \u00bfLos cuida lo suficiente y puede retener a talentos como el tuyo?<\/strong><\/p>\n\n\n\n<p>Eso es muy interesante. S\u00ed siento que muchas de las personas con las que yo fui al colegio se han quedado en Costa Rica y son gente brillante, inteligent\u00edsima y que trabajan con multinacionales all\u00e1, est\u00e1n haciendo un excelente trabajo.<\/p>\n\n\n\n<p>Por ejemplo, tengo un amigo, \u00c1lvaro Cede\u00f1o, que est\u00e1 haciendo un trabajo muy interesante. Estoy tratando de colaborar con \u00e9l en algunos proyectos interesantes en Costa Rica.<\/p>\n\n\n\n<p>Creo que s\u00ed, m\u00e1s oportunidades, m\u00e1s visi\u00f3n. Todo eso es interesante e importante para los j\u00f3venes y para retener ese talento.<\/p>\n\n\n\n<p style=\"font-size:26px\"><strong>Su caso es algo singular porque es de Costa Rica y EE UU, su padre era diplom\u00e1tico, ha estado acostumbrada a vivir fuera del pa\u00eds. Pero \u00bfcu\u00e1ndo decidi\u00f3 no vivir en Costa Rica y hacerlo en Estados Unidos?<\/strong><\/p>\n\n\n\n<figure class=\"wp-block-embed is-type-video is-provider-youtube wp-block-embed-youtube wp-embed-aspect-16-9 wp-has-aspect-ratio\"><div class=\"wp-block-embed__wrapper\">\n<iframe loading=\"lazy\" title=\"Entrevista Cathy Hackl sobre su relaci\u00f3n con Costa Rica\" width=\"750\" height=\"422\" src=\"https:\/\/www.youtube.com\/embed\/ZAFsX4WFp7U?feature=oembed\" frameborder=\"0\" allow=\"accelerometer; autoplay; clipboard-write; encrypted-media; gyroscope; picture-in-picture; web-share\" allowfullscreen><\/iframe>\n<\/div><\/figure>\n\n\n\n<p style=\"font-size:26px\"><strong>\u00bfC\u00f3mo fue su infancia siendo hija de diplom\u00e1tico?<\/strong><\/p>\n\n\n\n<p>Yo nac\u00ed cuando mi pap\u00e1 era el Embajador de Costa Rica en Naciones Unidas, en Nueva York. Mis primeros tres o cuatro a\u00f1os vivimos all\u00e1.<\/p>\n\n\n\n<p>Me llamo Ana Catalina, pero nuestra vecina no pod\u00eda decirlo y me puso Cathy. Qued\u00e9 as\u00ed desde chiquitita. Viv\u00edamos en Nueva York, luego regresamos a Costa Rica, fue una experiencia muy bonita en el sentido de ser hija de diplom\u00e1tico, porque s\u00ed hay mucho viaje.<\/p>\n\n\n\n<p>Por ejemplo, cuando estaba chiquitita, mi pap\u00e1 se iba a Ginebra por tres meses (ten\u00eda un puesto all\u00e1 en la ONU) y viaj\u00e1bamos&nbsp; a visitarlo, pasamos mucho tiempo as\u00ed. Durante esos a\u00f1os mi pap\u00e1 tambi\u00e9n tuvo puestos en Colombia, no me mud\u00e9 porque ya estaba en la U, pero pas\u00e9 mucho tiempo all\u00ed con \u00e9l.<\/p>\n\n\n\n<p>Un tiempo estudi\u00e9 en Alemania, estuve tambi\u00e9n en Portugal&#8230; Tuve una infancia muy bonita, con much\u00edsimos viajes, much\u00edsima oportunidad de aprender idiomas, much\u00edsima oportunidad de conocer gente en las escuelas internacionales&#8230;<\/p>\n\n\n\n<p>En Costa Rica estudi\u00e9 primero en la Lincoln y luego al Metodista, de donde me gradu\u00e9, pero siempre con much\u00edsimo viaje, pasando muchas temporadas largas en el exterior. Era como muy fluido, una infancia de mucho viaje, de mucho descubrimiento, de mucha oportunidad de aprender idiomas. Me desenvuelvo mejor en ingl\u00e9s que en espa\u00f1ol, siempre ha sido as\u00ed.&nbsp;<\/p>\n\n\n\n<p>Mi pap\u00e1 nos inculc\u00f3 siempre los idiomas. Por ejemplo, el hecho de estudiar alem\u00e1n. Lo llegu\u00e9 a hablar casi perfecto (ya no, porque ya casi no lo hablo), portugu\u00e9s, sin haber vivido all\u00ed, pasando temporadas. Con el franc\u00e9s recuerdo un verano que mi pap\u00e1 quer\u00eda que lo aprendi\u00e9ramos y nos matricul\u00f3 en un campamento de verano en la Alianza Francesa en Costa Rica, como de 11 a 4 y ah\u00ed me rebel\u00e9, no quise estudiarlo.&nbsp;<\/p>\n\n\n\n<p>Era mucha conexi\u00f3n con los pa\u00edses, largas temporadas, todas las vacaciones&#8230; S\u00ed viv\u00ed en esos lugares, conoc\u00ed a muchas familias internacionales y debido a eso tengo a muchos amigos alrededor del mundo.<\/p>\n\n\n\n<p>Fue una infancia muy bonita. Mis pap\u00e1s no me criaron con limitantes por ser mujer. Tengo un hermano y no me dijeron: \u201cUsted no puede hacer esto por ser ni\u00f1a\u201d. Yo crec\u00ed con: \u201cUsted puede hacer lo que usted se proponga, y usted y su hermano pueden hacer las mismas cosas y lograr lo mismo\u201d. Es algo con lo que yo he crecido toda mi vida y que me ha ayudado a esforzarme y a llegar a los niveles que estoy.<\/p>\n\n\n\n<p style=\"font-size:26px\"><strong>\u00bfCu\u00e1les fueron sus principales referentes? \u00bfLe pon\u00edan de ejemplos mujeres ticas o extranjeras de diversas \u00e1reas?<\/strong><\/p>\n\n\n\n<p>A <a href=\"https:\/\/es.wikipedia.org\/wiki\/Franklin_Chang-D%C3%ADaz\" target=\"_blank\" rel=\"noreferrer noopener\">Franklin Chang<\/a> siempre lo mencionaban. No s\u00e9 por qu\u00e9, porque yo no iba a ser astronauta. Me acuerdo que <a href=\"https:\/\/es.wikipedia.org\/wiki\/Margaret_Thatcher\" target=\"_blank\" rel=\"noreferrer noopener\">Margaret Tatcher<\/a> era como un ejemplo de una mujer fuerte a la que mi pap\u00e1 admiraba mucho o <a href=\"https:\/\/es.wikipedia.org\/wiki\/Madeleine_Albright\" target=\"_blank\" rel=\"noreferrer noopener\">Madeline Albright<\/a>, por la parte diplom\u00e1tica, porque ese era su mundo.<\/p>\n\n\n\n<p>Yo no s\u00e9 si tuve referentes como tal, seguro que s\u00ed, pero no los recuerdo. Fue m\u00e1s como ver a mi mam\u00e1 y a mi pap\u00e1 ambos trabajando. En el mundo de la diplomacia tambi\u00e9n hab\u00eda muchas mujeres, en eventos con mi pap\u00e1 ve\u00eda embajadoras y presidentas.<\/p>\n\n\n\n<p>Mi mam\u00e1 fue abogada, trabaj\u00f3 en la Corte, fue jueza, alcaldesa de San Pedro&#8230; Siempre la vi trabajar, eso para m\u00ed fue clave. Tal vez porque siempre la vi triunfar no a\u00f1oraba tener una mam\u00e1 en casa que me estuviera chineando. Para m\u00ed fue muy lindo ver a mi mam\u00e1 surgir y tener mucho \u00e9xito.<\/p>\n\n\n\n<p style=\"font-size:26px\"><strong>Llegado este momento, \u00bfcu\u00e1les han sido sus principales apoyos para ser quien hoy es?<\/strong><\/p>\n\n\n\n<p>Tant\u00edsima gente&#8230; Obviamente, mis pap\u00e1s. Siempre gozo mucho porque nos criaron a mi hermano y a m\u00ed no como pensando \u00abusted no puede hacer eso porque es chiquita o solo \u00e9l puede hacer eso porque es chiquito\u00bb. Verdaderamente, la gran diferencia entre hombre y mujer en ese sentido profesional no la sent\u00ed hasta que entr\u00e9 a tecnolog\u00eda.<\/p>\n\n\n\n<p>Ah\u00ed not\u00e9 que se me apreciaba de manera distinta.<\/p>\n\n\n\n<p>Pero mis pap\u00e1s han sido un s\u00faper ejemplo y mucha gente en AR y VR que me han inspirado.<\/p>\n\n\n\n<p>Por ejemplo, mi coautor en mi segundo libro, <a href=\"https:\/\/twitter.com\/buzzxr\" target=\"_blank\" rel=\"noreferrer noopener\">John Buzzell<\/a>, trabaja para <a href=\"https:\/\/www.epicgames.com\/site\/es-ES\/home\" target=\"_blank\" rel=\"noreferrer noopener\">Epic Games (Fornite)<\/a> ha sido una persona que me ha empujado, que me ha ayudado, que s\u00e9 que siempre puedo contar con su apoyo, pero que siempre me dice la verdad.<\/p>\n\n\n\n<p>Eso no es siempre f\u00e1cil, hay veces que no lo quiero, pero s\u00ed ha sido una persona que me ha ayudado mucho y que siento que es una de las personas que dice que \u00e9l quiere ayudar al mundo a que haya m\u00e1s mujeres en Tech, de verdad tiene la intenci\u00f3n de hacerlo.<\/p>\n\n\n\n<p style=\"font-size:26px\"><strong>\u00bfY los momentos que considera clave para llegar al punto de la carrera en la que est\u00e1 y para convertirse en qui\u00e9n es? \u00bfEs ese punto de quiebre viendo esos videos que comentaba?<\/strong><\/p>\n\n\n\n<figure class=\"wp-block-embed is-type-video is-provider-youtube wp-block-embed-youtube wp-embed-aspect-16-9 wp-has-aspect-ratio\"><div class=\"wp-block-embed__wrapper\">\n<iframe loading=\"lazy\" title=\"Entrevista Cathy Hackl sobre su formaci\u00f3n\" width=\"750\" height=\"422\" src=\"https:\/\/www.youtube.com\/embed\/46CU0EBHS2k?feature=oembed\" frameborder=\"0\" allow=\"accelerometer; autoplay; clipboard-write; encrypted-media; gyroscope; picture-in-picture; web-share\" allowfullscreen><\/iframe>\n<\/div><\/figure>\n\n\n\n<p style=\"font-size:26px\"><strong>En TEDx Pura Vida habl\u00f3 de que la VR ha cambiado la manera contar historias. \u00bfLa ha cambiado ya para siempre o seguimos en ello?<\/strong><\/p>\n\n\n\n<p>Seguimos en proceso. Ha mejorado, creo que en los festivales de cine hay m\u00e1s y m\u00e1s propuestas de VR, hay m\u00e1s personas viendo a ver c\u00f3mo cuentan historias en VR, c\u00f3mo cambian el paradigma. Yo sigo creyendo que es el futuro pero todav\u00eda hay que crear mejor contenido y las gafas van mejorando. Iremos hacia all\u00e1. Es muy emocionante.<\/p>\n\n\n\n<p>Otro evento en Costa Rica que estuve poco antes de que iniciara la pandemia, el de <a href=\"https:\/\/www.su.org\/\" target=\"_blank\" rel=\"noreferrer noopener\">Singularity University<\/a>, fui una de las presentadoras principales, para m\u00ed fue un momento muy lindo.<\/p>\n\n\n\n<p>Eran como 200 muchachas de tecnolog\u00eda, de STEM, que iban a entrar en el auditorio corriendo, gritando, subir a la tarima. Apenas tres personas sab\u00edamos que esto iba a suceder y me acuerdo que antes de subir a la tarima ve\u00eda a estos muchachos corriendo, se sent\u00eda una alegr\u00eda&#8230; Casi lloro, brincaba para soltar la energ\u00eda y para m\u00ed fue un momento tan bonito, tan lindo, montarme en esa tarima y hablarles a ellas.<\/p>\n\n\n\n<p>Hay una parte de esa charla en mi canal de Youtube, le estaba hablando a ellas: esto lo pueden hacer ustedes, lo pueden lograr ustedes.<\/p>\n\n\n\n<p>Para m\u00ed fue una gran momento. Costa Rica siempre han habido eventos que me han marcado much\u00edsimo.<\/p>\n\n\n\n<figure class=\"wp-block-embed is-type-video is-provider-youtube wp-block-embed-youtube wp-embed-aspect-16-9 wp-has-aspect-ratio\"><div class=\"wp-block-embed__wrapper\">\n<iframe loading=\"lazy\" title=\"Como contaremos historias | Cathy Hackl | TEDxPuraVidaJoven\" width=\"750\" height=\"422\" src=\"https:\/\/www.youtube.com\/embed\/dM1YxPO_zTA?feature=oembed\" frameborder=\"0\" allow=\"accelerometer; autoplay; clipboard-write; encrypted-media; gyroscope; picture-in-picture; web-share\" allowfullscreen><\/iframe>\n<\/div><\/figure>\n","protected":false},"excerpt":{"rendered":"<p>Una costarricense est\u00e1 considerada como una de las \u2018futuristas\u2019 m\u00e1s importantes del mundo. Empresas y gobiernos contratan sus servicios para que les marque el camino de cara a las tendencias m\u00e1s importantes de la tecnolog\u00eda. Hoy es un referente de la Realidad Virtual (VR) y Aumentada (AR). Por: Daniel Zueras Hija de un diplom\u00e1tico, la [&hellip;]<\/p>\n","protected":false},"author":13,"featured_media":3029,"comment_status":"open","ping_status":"open","sticky":false,"template":"","format":"standard","meta":{"_links_to":"","_links_to_target":""},"categories":[392],"tags":[942,937,65,948,943,947,940,944,945,326,938,946,941],"yoast_head":"<!-- This site is optimized with the Yoast SEO plugin v20.2.1 - https:\/\/yoast.com\/wordpress\/plugins\/seo\/ -->\n<title>Viaje al futuro con Cathy Hackl - Ticas poderosas<\/title>\n<meta name=\"robots\" content=\"index, follow, max-snippet:-1, max-image-preview:large, max-video-preview:-1\" \/>\n<link rel=\"canonical\" href=\"http:\/\/ticaspoderosas.com\/index.php\/viaje-al-futuro-con-cathy-hackl\/\" \/>\n<meta property=\"og:locale\" content=\"es_ES\" \/>\n<meta property=\"og:type\" content=\"article\" \/>\n<meta property=\"og:title\" content=\"Viaje al futuro con Cathy Hackl - Ticas poderosas\" \/>\n<meta property=\"og:description\" content=\"Una costarricense est\u00e1 considerada como una de las \u2018futuristas\u2019 m\u00e1s importantes del mundo. Empresas y gobiernos contratan sus servicios para que les marque el camino de cara a las tendencias m\u00e1s importantes de la tecnolog\u00eda. Hoy es un referente de la Realidad Virtual (VR) y Aumentada (AR). Por: Daniel Zueras Hija de un diplom\u00e1tico, la [&hellip;]\" \/>\n<meta property=\"og:url\" content=\"http:\/\/ticaspoderosas.com\/index.php\/viaje-al-futuro-con-cathy-hackl\/\" \/>\n<meta property=\"og:site_name\" content=\"Ticas poderosas\" \/>\n<meta property=\"article:publisher\" content=\"https:\/\/www.facebook.com\/Ticas-Poderosas-117994322976683\" \/>\n<meta property=\"article:published_time\" content=\"2022-08-19T17:20:05+00:00\" \/>\n<meta property=\"article:modified_time\" content=\"2023-01-09T23:07:04+00:00\" \/>\n<meta property=\"og:image\" content=\"http:\/\/ticaspoderosas.com\/wp-content\/uploads\/2022\/08\/CATHY-HACKL.jpg\" \/>\n\t<meta property=\"og:image:width\" content=\"1271\" \/>\n\t<meta property=\"og:image:height\" content=\"900\" \/>\n\t<meta property=\"og:image:type\" content=\"image\/jpeg\" \/>\n<meta name=\"author\" content=\"Gustavo Arias\" \/>\n<meta name=\"twitter:card\" content=\"summary_large_image\" \/>\n<script type=\"application\/ld+json\" class=\"yoast-schema-graph\">{\"@context\":\"https:\/\/schema.org\",\"@graph\":[{\"@type\":\"Article\",\"@id\":\"http:\/\/ticaspoderosas.com\/index.php\/viaje-al-futuro-con-cathy-hackl\/#article\",\"isPartOf\":{\"@id\":\"http:\/\/ticaspoderosas.com\/index.php\/viaje-al-futuro-con-cathy-hackl\/\"},\"author\":{\"name\":\"Gustavo Arias\",\"@id\":\"http:\/\/ticaspoderosas.com\/#\/schema\/person\/229e533909640ee5255dd80f78c969af\"},\"headline\":\"Viaje al futuro con Cathy Hackl\",\"datePublished\":\"2022-08-19T17:20:05+00:00\",\"dateModified\":\"2023-01-09T23:07:04+00:00\",\"mainEntityOfPage\":{\"@id\":\"http:\/\/ticaspoderosas.com\/index.php\/viaje-al-futuro-con-cathy-hackl\/\"},\"wordCount\":4025,\"commentCount\":0,\"publisher\":{\"@id\":\"http:\/\/ticaspoderosas.com\/#organization\"},\"keywords\":[\"AR\",\"Cathy Hackl\",\"Costa Rica\",\"Decentreland\",\"Emmy\",\"HTC Vive\",\"Metaverso\",\"Nonny de la Pe\u00f1a\",\"Ready Player One\",\"Realidad Aumentada\",\"Realidad Virtual\",\"Steven Spielberg\",\"VR\"],\"articleSection\":[\"Entrevistas\"],\"inLanguage\":\"es\",\"potentialAction\":[{\"@type\":\"CommentAction\",\"name\":\"Comment\",\"target\":[\"http:\/\/ticaspoderosas.com\/index.php\/viaje-al-futuro-con-cathy-hackl\/#respond\"]}]},{\"@type\":\"WebPage\",\"@id\":\"http:\/\/ticaspoderosas.com\/index.php\/viaje-al-futuro-con-cathy-hackl\/\",\"url\":\"http:\/\/ticaspoderosas.com\/index.php\/viaje-al-futuro-con-cathy-hackl\/\",\"name\":\"Viaje al futuro con Cathy Hackl - Ticas poderosas\",\"isPartOf\":{\"@id\":\"http:\/\/ticaspoderosas.com\/#website\"},\"datePublished\":\"2022-08-19T17:20:05+00:00\",\"dateModified\":\"2023-01-09T23:07:04+00:00\",\"breadcrumb\":{\"@id\":\"http:\/\/ticaspoderosas.com\/index.php\/viaje-al-futuro-con-cathy-hackl\/#breadcrumb\"},\"inLanguage\":\"es\",\"potentialAction\":[{\"@type\":\"ReadAction\",\"target\":[\"http:\/\/ticaspoderosas.com\/index.php\/viaje-al-futuro-con-cathy-hackl\/\"]}]},{\"@type\":\"BreadcrumbList\",\"@id\":\"http:\/\/ticaspoderosas.com\/index.php\/viaje-al-futuro-con-cathy-hackl\/#breadcrumb\",\"itemListElement\":[{\"@type\":\"ListItem\",\"position\":1,\"name\":\"Portada\",\"item\":\"http:\/\/ticaspoderosas.com\/\"},{\"@type\":\"ListItem\",\"position\":2,\"name\":\"Viaje al futuro con Cathy Hackl\"}]},{\"@type\":\"WebSite\",\"@id\":\"http:\/\/ticaspoderosas.com\/#website\",\"url\":\"http:\/\/ticaspoderosas.com\/\",\"name\":\"Ticas Poderosas\",\"description\":\"Plataforma multimedia\",\"publisher\":{\"@id\":\"http:\/\/ticaspoderosas.com\/#organization\"},\"potentialAction\":[{\"@type\":\"SearchAction\",\"target\":{\"@type\":\"EntryPoint\",\"urlTemplate\":\"http:\/\/ticaspoderosas.com\/?s={search_term_string}\"},\"query-input\":\"required name=search_term_string\"}],\"inLanguage\":\"es\"},{\"@type\":\"Organization\",\"@id\":\"http:\/\/ticaspoderosas.com\/#organization\",\"name\":\"Ticas Poderosas\",\"url\":\"http:\/\/ticaspoderosas.com\/\",\"logo\":{\"@type\":\"ImageObject\",\"inLanguage\":\"es\",\"@id\":\"http:\/\/ticaspoderosas.com\/#\/schema\/logo\/image\/\",\"url\":\"http:\/\/ticaspoderosas.com\/wp-content\/uploads\/2016\/09\/ticas.png\",\"contentUrl\":\"http:\/\/ticaspoderosas.com\/wp-content\/uploads\/2016\/09\/ticas.png\",\"width\":180,\"height\":180,\"caption\":\"Ticas Poderosas\"},\"image\":{\"@id\":\"http:\/\/ticaspoderosas.com\/#\/schema\/logo\/image\/\"},\"sameAs\":[\"https:\/\/www.facebook.com\/Ticas-Poderosas-117994322976683\",\"https:\/\/www.instagram.com\/ticaspoderosas\/\"]},{\"@type\":\"Person\",\"@id\":\"http:\/\/ticaspoderosas.com\/#\/schema\/person\/229e533909640ee5255dd80f78c969af\",\"name\":\"Gustavo Arias\",\"image\":{\"@type\":\"ImageObject\",\"inLanguage\":\"es\",\"@id\":\"http:\/\/ticaspoderosas.com\/#\/schema\/person\/image\/\",\"url\":\"http:\/\/1.gravatar.com\/avatar\/741d3124c89fb458b3a98303915a0ec1?s=96&d=mm&r=g\",\"contentUrl\":\"http:\/\/1.gravatar.com\/avatar\/741d3124c89fb458b3a98303915a0ec1?s=96&d=mm&r=g\",\"caption\":\"Gustavo Arias\"}}]}<\/script>\n<!-- \/ Yoast SEO plugin. -->","yoast_head_json":{"title":"Viaje al futuro con Cathy Hackl - Ticas poderosas","robots":{"index":"index","follow":"follow","max-snippet":"max-snippet:-1","max-image-preview":"max-image-preview:large","max-video-preview":"max-video-preview:-1"},"canonical":"http:\/\/ticaspoderosas.com\/index.php\/viaje-al-futuro-con-cathy-hackl\/","og_locale":"es_ES","og_type":"article","og_title":"Viaje al futuro con Cathy Hackl - Ticas poderosas","og_description":"Una costarricense est\u00e1 considerada como una de las \u2018futuristas\u2019 m\u00e1s importantes del mundo. Empresas y gobiernos contratan sus servicios para que les marque el camino de cara a las tendencias m\u00e1s importantes de la tecnolog\u00eda. Hoy es un referente de la Realidad Virtual (VR) y Aumentada (AR). Por: Daniel Zueras Hija de un diplom\u00e1tico, la [&hellip;]","og_url":"http:\/\/ticaspoderosas.com\/index.php\/viaje-al-futuro-con-cathy-hackl\/","og_site_name":"Ticas poderosas","article_publisher":"https:\/\/www.facebook.com\/Ticas-Poderosas-117994322976683","article_published_time":"2022-08-19T17:20:05+00:00","article_modified_time":"2023-01-09T23:07:04+00:00","og_image":[{"width":1271,"height":900,"url":"http:\/\/ticaspoderosas.com\/wp-content\/uploads\/2022\/08\/CATHY-HACKL.jpg","type":"image\/jpeg"}],"author":"Gustavo Arias","twitter_card":"summary_large_image","schema":{"@context":"https:\/\/schema.org","@graph":[{"@type":"Article","@id":"http:\/\/ticaspoderosas.com\/index.php\/viaje-al-futuro-con-cathy-hackl\/#article","isPartOf":{"@id":"http:\/\/ticaspoderosas.com\/index.php\/viaje-al-futuro-con-cathy-hackl\/"},"author":{"name":"Gustavo Arias","@id":"http:\/\/ticaspoderosas.com\/#\/schema\/person\/229e533909640ee5255dd80f78c969af"},"headline":"Viaje al futuro con Cathy Hackl","datePublished":"2022-08-19T17:20:05+00:00","dateModified":"2023-01-09T23:07:04+00:00","mainEntityOfPage":{"@id":"http:\/\/ticaspoderosas.com\/index.php\/viaje-al-futuro-con-cathy-hackl\/"},"wordCount":4025,"commentCount":0,"publisher":{"@id":"http:\/\/ticaspoderosas.com\/#organization"},"keywords":["AR","Cathy Hackl","Costa Rica","Decentreland","Emmy","HTC Vive","Metaverso","Nonny de la Pe\u00f1a","Ready Player One","Realidad Aumentada","Realidad Virtual","Steven Spielberg","VR"],"articleSection":["Entrevistas"],"inLanguage":"es","potentialAction":[{"@type":"CommentAction","name":"Comment","target":["http:\/\/ticaspoderosas.com\/index.php\/viaje-al-futuro-con-cathy-hackl\/#respond"]}]},{"@type":"WebPage","@id":"http:\/\/ticaspoderosas.com\/index.php\/viaje-al-futuro-con-cathy-hackl\/","url":"http:\/\/ticaspoderosas.com\/index.php\/viaje-al-futuro-con-cathy-hackl\/","name":"Viaje al futuro con Cathy Hackl - Ticas poderosas","isPartOf":{"@id":"http:\/\/ticaspoderosas.com\/#website"},"datePublished":"2022-08-19T17:20:05+00:00","dateModified":"2023-01-09T23:07:04+00:00","breadcrumb":{"@id":"http:\/\/ticaspoderosas.com\/index.php\/viaje-al-futuro-con-cathy-hackl\/#breadcrumb"},"inLanguage":"es","potentialAction":[{"@type":"ReadAction","target":["http:\/\/ticaspoderosas.com\/index.php\/viaje-al-futuro-con-cathy-hackl\/"]}]},{"@type":"BreadcrumbList","@id":"http:\/\/ticaspoderosas.com\/index.php\/viaje-al-futuro-con-cathy-hackl\/#breadcrumb","itemListElement":[{"@type":"ListItem","position":1,"name":"Portada","item":"http:\/\/ticaspoderosas.com\/"},{"@type":"ListItem","position":2,"name":"Viaje al futuro con Cathy Hackl"}]},{"@type":"WebSite","@id":"http:\/\/ticaspoderosas.com\/#website","url":"http:\/\/ticaspoderosas.com\/","name":"Ticas Poderosas","description":"Plataforma multimedia","publisher":{"@id":"http:\/\/ticaspoderosas.com\/#organization"},"potentialAction":[{"@type":"SearchAction","target":{"@type":"EntryPoint","urlTemplate":"http:\/\/ticaspoderosas.com\/?s={search_term_string}"},"query-input":"required name=search_term_string"}],"inLanguage":"es"},{"@type":"Organization","@id":"http:\/\/ticaspoderosas.com\/#organization","name":"Ticas Poderosas","url":"http:\/\/ticaspoderosas.com\/","logo":{"@type":"ImageObject","inLanguage":"es","@id":"http:\/\/ticaspoderosas.com\/#\/schema\/logo\/image\/","url":"http:\/\/ticaspoderosas.com\/wp-content\/uploads\/2016\/09\/ticas.png","contentUrl":"http:\/\/ticaspoderosas.com\/wp-content\/uploads\/2016\/09\/ticas.png","width":180,"height":180,"caption":"Ticas Poderosas"},"image":{"@id":"http:\/\/ticaspoderosas.com\/#\/schema\/logo\/image\/"},"sameAs":["https:\/\/www.facebook.com\/Ticas-Poderosas-117994322976683","https:\/\/www.instagram.com\/ticaspoderosas\/"]},{"@type":"Person","@id":"http:\/\/ticaspoderosas.com\/#\/schema\/person\/229e533909640ee5255dd80f78c969af","name":"Gustavo Arias","image":{"@type":"ImageObject","inLanguage":"es","@id":"http:\/\/ticaspoderosas.com\/#\/schema\/person\/image\/","url":"http:\/\/1.gravatar.com\/avatar\/741d3124c89fb458b3a98303915a0ec1?s=96&d=mm&r=g","contentUrl":"http:\/\/1.gravatar.com\/avatar\/741d3124c89fb458b3a98303915a0ec1?s=96&d=mm&r=g","caption":"Gustavo Arias"}}]}},"_links":{"self":[{"href":"http:\/\/ticaspoderosas.com\/index.php\/wp-json\/wp\/v2\/posts\/3028"}],"collection":[{"href":"http:\/\/ticaspoderosas.com\/index.php\/wp-json\/wp\/v2\/posts"}],"about":[{"href":"http:\/\/ticaspoderosas.com\/index.php\/wp-json\/wp\/v2\/types\/post"}],"author":[{"embeddable":true,"href":"http:\/\/ticaspoderosas.com\/index.php\/wp-json\/wp\/v2\/users\/13"}],"replies":[{"embeddable":true,"href":"http:\/\/ticaspoderosas.com\/index.php\/wp-json\/wp\/v2\/comments?post=3028"}],"version-history":[{"count":5,"href":"http:\/\/ticaspoderosas.com\/index.php\/wp-json\/wp\/v2\/posts\/3028\/revisions"}],"predecessor-version":[{"id":3116,"href":"http:\/\/ticaspoderosas.com\/index.php\/wp-json\/wp\/v2\/posts\/3028\/revisions\/3116"}],"wp:featuredmedia":[{"embeddable":true,"href":"http:\/\/ticaspoderosas.com\/index.php\/wp-json\/wp\/v2\/media\/3029"}],"wp:attachment":[{"href":"http:\/\/ticaspoderosas.com\/index.php\/wp-json\/wp\/v2\/media?parent=3028"}],"wp:term":[{"taxonomy":"category","embeddable":true,"href":"http:\/\/ticaspoderosas.com\/index.php\/wp-json\/wp\/v2\/categories?post=3028"},{"taxonomy":"post_tag","embeddable":true,"href":"http:\/\/ticaspoderosas.com\/index.php\/wp-json\/wp\/v2\/tags?post=3028"}],"curies":[{"name":"wp","href":"https:\/\/api.w.org\/{rel}","templated":true}]}}