{"id":3040,"date":"2022-09-10T18:10:30","date_gmt":"2022-09-10T16:10:30","guid":{"rendered":"http:\/\/ticaspoderosas.com\/?p=3040"},"modified":"2022-09-10T18:15:02","modified_gmt":"2022-09-10T16:15:02","slug":"el-sueno-de-victoria-gonzalez-es-llegar-al-espacio","status":"publish","type":"post","link":"http:\/\/ticaspoderosas.com\/index.php\/el-sueno-de-victoria-gonzalez-es-llegar-al-espacio\/","title":{"rendered":"El sue\u00f1o de Victoria Gonz\u00e1lez es llegar al espacio"},"content":{"rendered":"\n<p>Victoria es una adolescente costarricense que ser\u00e1 parte de un Space Camp de la NASA. Ella ser\u00e1 la \u00fanica del grupo perteneciente a un colegio p\u00fablico, el Francisca Carrasco en Guadalupe de Cartago.<\/p>\n\n\n\n<p class=\"has-large-font-size\"><strong>Por Paola Barrera &#8211; Ticas Poderosas <\/strong><\/p>\n\n\n\n<p>Victoria Gonz\u00e1lez es una costarricense, de 14 a\u00f1os, que sue\u00f1a con el espacio y est\u00e1 cerca de poderlo lograr.<\/p>\n\n\n\n<p>Ella es parte de un Space Camp de la NASA, que incia este fin de semana en Alabama, Estados Unidos.<\/p>\n\n\n\n<p>\u201cSue\u00f1en todo lo que quieran, pero trabajen, en el sentido de que luchen y busquen la forma de obtener las cosas. Definitivamente si se puede, solo hay que tener paciencia y esperar\u201d, dijo la joven.<\/p>\n\n\n\n<p>Junto con un grupo de 60 j\u00f3venes vivir\u00e1 la experiencia de conocer m\u00e1s sobre el espacio y el funcionamiento de la NASA en el Space and Rocket Center de la organizaci\u00f3n.<\/p>\n\n\n\n<p class=\"has-medium-font-size\"><em><strong>Puede leer: 15 ni\u00f1as costarricenses con<\/strong> <a href=\"http:\/\/ticaspoderosas.com\/index.php\/15-ninas-costarricenses-con-oportunidad-de-viajar-al-space-center-de-la-nasa\/\" target=\"_blank\" rel=\"noreferrer noopener\">oportunidad de viajar al Space Center de la NASA<\/a><\/em><\/p>\n\n\n\n<p>Victoria ser\u00e1 la \u00fanica del grupo que pertenece a un colegio p\u00fablico, el Francisca Carrasco en Guadalupe de Cartago.<\/p>\n\n\n\n<p>La NASA hizo una excepci\u00f3n y le envi\u00f3 a Victoria el traje espacial que utilizar\u00e1 en el campamento, con la particularidad de tener la insignia con su nombre al rev\u00e9s, pues primero tiene que graduarse para ponerla correctamente.<\/p>\n\n\n\n<p class=\"has-medium-font-size\"><strong><em>Recomendamos: <\/em><\/strong><a href=\"http:\/\/ticaspoderosas.com\/index.php\/viaje-al-futuro-con-cathy-hackl\/\" target=\"_blank\" rel=\"noreferrer noopener\"><em>Viaje al futuro con Cathy Hackl<\/em><\/a><\/p>\n\n\n\n<p>Para incluirle m\u00e1s inspiraci\u00f3n, Grupo Monge, con su programa \u201cLas Buenas Acciones de Monge\u201d y en conjunto con su fundaci\u00f3n, logr\u00f3 poner en contacto a Victoria con Sandra Cauffman, la reconocida costarricense que ocupa un destacado cargo en la NASA, donde ha trabajado en proyectos relacionados con Marte, sat\u00e9lites geoestacionarios y recientemente en la Divisi\u00f3n de Ciencias Terrestres.<\/p>\n","protected":false},"excerpt":{"rendered":"<p>Victoria es una adolescente costarricense que ser\u00e1 parte de un Space Camp de la NASA. Ella ser\u00e1 la \u00fanica del grupo perteneciente a un colegio p\u00fablico, el Francisca Carrasco en Guadalupe de Cartago. Por Paola Barrera &#8211; Ticas Poderosas Victoria Gonz\u00e1lez es una costarricense, de 14 a\u00f1os, que sue\u00f1a con el espacio y est\u00e1 cerca [&hellip;]<\/p>\n","protected":false},"author":13,"featured_media":3041,"comment_status":"open","ping_status":"open","sticky":false,"template":"","format":"standard","meta":{"_links_to":"","_links_to_target":""},"categories":[393],"tags":[65,398,394,499,447],"yoast_head":"<!-- This site is optimized with the Yoast SEO plugin v20.2.1 - https:\/\/yoast.com\/wordpress\/plugins\/seo\/ -->\n<title>El sue\u00f1o de Victoria Gonz\u00e1lez es llegar al espacio - Ticas poderosas<\/title>\n<meta name=\"robots\" content=\"index, follow, max-snippet:-1, max-image-preview:large, max-video-preview:-1\" \/>\n<link rel=\"canonical\" href=\"http:\/\/ticaspoderosas.com\/index.php\/el-sueno-de-victoria-gonzalez-es-llegar-al-espacio\/\" \/>\n<meta property=\"og:locale\" content=\"es_ES\" \/>\n<meta property=\"og:type\" content=\"article\" \/>\n<meta property=\"og:title\" content=\"El sue\u00f1o de Victoria Gonz\u00e1lez es llegar al espacio - Ticas poderosas\" \/>\n<meta property=\"og:description\" content=\"Victoria es una adolescente costarricense que ser\u00e1 parte de un Space Camp de la NASA. Ella ser\u00e1 la \u00fanica del grupo perteneciente a un colegio p\u00fablico, el Francisca Carrasco en Guadalupe de Cartago. Por Paola Barrera &#8211; Ticas Poderosas Victoria Gonz\u00e1lez es una costarricense, de 14 a\u00f1os, que sue\u00f1a con el espacio y est\u00e1 cerca [&hellip;]\" \/>\n<meta property=\"og:url\" content=\"http:\/\/ticaspoderosas.com\/index.php\/el-sueno-de-victoria-gonzalez-es-llegar-al-espacio\/\" \/>\n<meta property=\"og:site_name\" content=\"Ticas poderosas\" \/>\n<meta property=\"article:publisher\" content=\"https:\/\/www.facebook.com\/Ticas-Poderosas-117994322976683\" \/>\n<meta property=\"article:published_time\" content=\"2022-09-10T16:10:30+00:00\" \/>\n<meta property=\"article:modified_time\" content=\"2022-09-10T16:15:02+00:00\" \/>\n<meta property=\"og:image\" content=\"http:\/\/ticaspoderosas.com\/wp-content\/uploads\/2022\/09\/victorianasa.jpg\" \/>\n\t<meta property=\"og:image:width\" content=\"989\" \/>\n\t<meta property=\"og:image:height\" content=\"693\" \/>\n\t<meta property=\"og:image:type\" content=\"image\/jpeg\" \/>\n<meta name=\"author\" content=\"Gustavo Arias\" \/>\n<meta name=\"twitter:card\" content=\"summary_large_image\" \/>\n<script type=\"application\/ld+json\" class=\"yoast-schema-graph\">{\"@context\":\"https:\/\/schema.org\",\"@graph\":[{\"@type\":\"Article\",\"@id\":\"http:\/\/ticaspoderosas.com\/index.php\/el-sueno-de-victoria-gonzalez-es-llegar-al-espacio\/#article\",\"isPartOf\":{\"@id\":\"http:\/\/ticaspoderosas.com\/index.php\/el-sueno-de-victoria-gonzalez-es-llegar-al-espacio\/\"},\"author\":{\"name\":\"Gustavo Arias\",\"@id\":\"http:\/\/ticaspoderosas.com\/#\/schema\/person\/229e533909640ee5255dd80f78c969af\"},\"headline\":\"El sue\u00f1o de Victoria Gonz\u00e1lez es llegar al espacio\",\"datePublished\":\"2022-09-10T16:10:30+00:00\",\"dateModified\":\"2022-09-10T16:15:02+00:00\",\"mainEntityOfPage\":{\"@id\":\"http:\/\/ticaspoderosas.com\/index.php\/el-sueno-de-victoria-gonzalez-es-llegar-al-espacio\/\"},\"wordCount\":306,\"commentCount\":0,\"publisher\":{\"@id\":\"http:\/\/ticaspoderosas.com\/#organization\"},\"keywords\":[\"Costa Rica\",\"igualdad\",\"Mujer\",\"STEM\",\"Ticas Poderosas\"],\"articleSection\":[\"Reportajes\"],\"inLanguage\":\"es\",\"potentialAction\":[{\"@type\":\"CommentAction\",\"name\":\"Comment\",\"target\":[\"http:\/\/ticaspoderosas.com\/index.php\/el-sueno-de-victoria-gonzalez-es-llegar-al-espacio\/#respond\"]}]},{\"@type\":\"WebPage\",\"@id\":\"http:\/\/ticaspoderosas.com\/index.php\/el-sueno-de-victoria-gonzalez-es-llegar-al-espacio\/\",\"url\":\"http:\/\/ticaspoderosas.com\/index.php\/el-sueno-de-victoria-gonzalez-es-llegar-al-espacio\/\",\"name\":\"El sue\u00f1o de Victoria Gonz\u00e1lez es llegar al espacio - Ticas poderosas\",\"isPartOf\":{\"@id\":\"http:\/\/ticaspoderosas.com\/#website\"},\"datePublished\":\"2022-09-10T16:10:30+00:00\",\"dateModified\":\"2022-09-10T16:15:02+00:00\",\"breadcrumb\":{\"@id\":\"http:\/\/ticaspoderosas.com\/index.php\/el-sueno-de-victoria-gonzalez-es-llegar-al-espacio\/#breadcrumb\"},\"inLanguage\":\"es\",\"potentialAction\":[{\"@type\":\"ReadAction\",\"target\":[\"http:\/\/ticaspoderosas.com\/index.php\/el-sueno-de-victoria-gonzalez-es-llegar-al-espacio\/\"]}]},{\"@type\":\"BreadcrumbList\",\"@id\":\"http:\/\/ticaspoderosas.com\/index.php\/el-sueno-de-victoria-gonzalez-es-llegar-al-espacio\/#breadcrumb\",\"itemListElement\":[{\"@type\":\"ListItem\",\"position\":1,\"name\":\"Portada\",\"item\":\"http:\/\/ticaspoderosas.com\/\"},{\"@type\":\"ListItem\",\"position\":2,\"name\":\"El sue\u00f1o de Victoria Gonz\u00e1lez es llegar al espacio\"}]},{\"@type\":\"WebSite\",\"@id\":\"http:\/\/ticaspoderosas.com\/#website\",\"url\":\"http:\/\/ticaspoderosas.com\/\",\"name\":\"Ticas Poderosas\",\"description\":\"Plataforma multimedia\",\"publisher\":{\"@id\":\"http:\/\/ticaspoderosas.com\/#organization\"},\"potentialAction\":[{\"@type\":\"SearchAction\",\"target\":{\"@type\":\"EntryPoint\",\"urlTemplate\":\"http:\/\/ticaspoderosas.com\/?s={search_term_string}\"},\"query-input\":\"required name=search_term_string\"}],\"inLanguage\":\"es\"},{\"@type\":\"Organization\",\"@id\":\"http:\/\/ticaspoderosas.com\/#organization\",\"name\":\"Ticas Poderosas\",\"url\":\"http:\/\/ticaspoderosas.com\/\",\"logo\":{\"@type\":\"ImageObject\",\"inLanguage\":\"es\",\"@id\":\"http:\/\/ticaspoderosas.com\/#\/schema\/logo\/image\/\",\"url\":\"http:\/\/ticaspoderosas.com\/wp-content\/uploads\/2016\/09\/ticas.png\",\"contentUrl\":\"http:\/\/ticaspoderosas.com\/wp-content\/uploads\/2016\/09\/ticas.png\",\"width\":180,\"height\":180,\"caption\":\"Ticas Poderosas\"},\"image\":{\"@id\":\"http:\/\/ticaspoderosas.com\/#\/schema\/logo\/image\/\"},\"sameAs\":[\"https:\/\/www.facebook.com\/Ticas-Poderosas-117994322976683\",\"https:\/\/www.instagram.com\/ticaspoderosas\/\"]},{\"@type\":\"Person\",\"@id\":\"http:\/\/ticaspoderosas.com\/#\/schema\/person\/229e533909640ee5255dd80f78c969af\",\"name\":\"Gustavo Arias\",\"image\":{\"@type\":\"ImageObject\",\"inLanguage\":\"es\",\"@id\":\"http:\/\/ticaspoderosas.com\/#\/schema\/person\/image\/\",\"url\":\"http:\/\/1.gravatar.com\/avatar\/741d3124c89fb458b3a98303915a0ec1?s=96&d=mm&r=g\",\"contentUrl\":\"http:\/\/1.gravatar.com\/avatar\/741d3124c89fb458b3a98303915a0ec1?s=96&d=mm&r=g\",\"caption\":\"Gustavo Arias\"}}]}<\/script>\n<!-- \/ Yoast SEO plugin. -->","yoast_head_json":{"title":"El sue\u00f1o de Victoria Gonz\u00e1lez es llegar al espacio - Ticas poderosas","robots":{"index":"index","follow":"follow","max-snippet":"max-snippet:-1","max-image-preview":"max-image-preview:large","max-video-preview":"max-video-preview:-1"},"canonical":"http:\/\/ticaspoderosas.com\/index.php\/el-sueno-de-victoria-gonzalez-es-llegar-al-espacio\/","og_locale":"es_ES","og_type":"article","og_title":"El sue\u00f1o de Victoria Gonz\u00e1lez es llegar al espacio - Ticas poderosas","og_description":"Victoria es una adolescente costarricense que ser\u00e1 parte de un Space Camp de la NASA. Ella ser\u00e1 la \u00fanica del grupo perteneciente a un colegio p\u00fablico, el Francisca Carrasco en Guadalupe de Cartago. Por Paola Barrera &#8211; Ticas Poderosas Victoria Gonz\u00e1lez es una costarricense, de 14 a\u00f1os, que sue\u00f1a con el espacio y est\u00e1 cerca [&hellip;]","og_url":"http:\/\/ticaspoderosas.com\/index.php\/el-sueno-de-victoria-gonzalez-es-llegar-al-espacio\/","og_site_name":"Ticas poderosas","article_publisher":"https:\/\/www.facebook.com\/Ticas-Poderosas-117994322976683","article_published_time":"2022-09-10T16:10:30+00:00","article_modified_time":"2022-09-10T16:15:02+00:00","og_image":[{"width":989,"height":693,"url":"http:\/\/ticaspoderosas.com\/wp-content\/uploads\/2022\/09\/victorianasa.jpg","type":"image\/jpeg"}],"author":"Gustavo Arias","twitter_card":"summary_large_image","schema":{"@context":"https:\/\/schema.org","@graph":[{"@type":"Article","@id":"http:\/\/ticaspoderosas.com\/index.php\/el-sueno-de-victoria-gonzalez-es-llegar-al-espacio\/#article","isPartOf":{"@id":"http:\/\/ticaspoderosas.com\/index.php\/el-sueno-de-victoria-gonzalez-es-llegar-al-espacio\/"},"author":{"name":"Gustavo Arias","@id":"http:\/\/ticaspoderosas.com\/#\/schema\/person\/229e533909640ee5255dd80f78c969af"},"headline":"El sue\u00f1o de Victoria Gonz\u00e1lez es llegar al espacio","datePublished":"2022-09-10T16:10:30+00:00","dateModified":"2022-09-10T16:15:02+00:00","mainEntityOfPage":{"@id":"http:\/\/ticaspoderosas.com\/index.php\/el-sueno-de-victoria-gonzalez-es-llegar-al-espacio\/"},"wordCount":306,"commentCount":0,"publisher":{"@id":"http:\/\/ticaspoderosas.com\/#organization"},"keywords":["Costa Rica","igualdad","Mujer","STEM","Ticas Poderosas"],"articleSection":["Reportajes"],"inLanguage":"es","potentialAction":[{"@type":"CommentAction","name":"Comment","target":["http:\/\/ticaspoderosas.com\/index.php\/el-sueno-de-victoria-gonzalez-es-llegar-al-espacio\/#respond"]}]},{"@type":"WebPage","@id":"http:\/\/ticaspoderosas.com\/index.php\/el-sueno-de-victoria-gonzalez-es-llegar-al-espacio\/","url":"http:\/\/ticaspoderosas.com\/index.php\/el-sueno-de-victoria-gonzalez-es-llegar-al-espacio\/","name":"El sue\u00f1o de Victoria Gonz\u00e1lez es llegar al espacio - Ticas poderosas","isPartOf":{"@id":"http:\/\/ticaspoderosas.com\/#website"},"datePublished":"2022-09-10T16:10:30+00:00","dateModified":"2022-09-10T16:15:02+00:00","breadcrumb":{"@id":"http:\/\/ticaspoderosas.com\/index.php\/el-sueno-de-victoria-gonzalez-es-llegar-al-espacio\/#breadcrumb"},"inLanguage":"es","potentialAction":[{"@type":"ReadAction","target":["http:\/\/ticaspoderosas.com\/index.php\/el-sueno-de-victoria-gonzalez-es-llegar-al-espacio\/"]}]},{"@type":"BreadcrumbList","@id":"http:\/\/ticaspoderosas.com\/index.php\/el-sueno-de-victoria-gonzalez-es-llegar-al-espacio\/#breadcrumb","itemListElement":[{"@type":"ListItem","position":1,"name":"Portada","item":"http:\/\/ticaspoderosas.com\/"},{"@type":"ListItem","position":2,"name":"El sue\u00f1o de Victoria Gonz\u00e1lez es llegar al espacio"}]},{"@type":"WebSite","@id":"http:\/\/ticaspoderosas.com\/#website","url":"http:\/\/ticaspoderosas.com\/","name":"Ticas Poderosas","description":"Plataforma multimedia","publisher":{"@id":"http:\/\/ticaspoderosas.com\/#organization"},"potentialAction":[{"@type":"SearchAction","target":{"@type":"EntryPoint","urlTemplate":"http:\/\/ticaspoderosas.com\/?s={search_term_string}"},"query-input":"required name=search_term_string"}],"inLanguage":"es"},{"@type":"Organization","@id":"http:\/\/ticaspoderosas.com\/#organization","name":"Ticas Poderosas","url":"http:\/\/ticaspoderosas.com\/","logo":{"@type":"ImageObject","inLanguage":"es","@id":"http:\/\/ticaspoderosas.com\/#\/schema\/logo\/image\/","url":"http:\/\/ticaspoderosas.com\/wp-content\/uploads\/2016\/09\/ticas.png","contentUrl":"http:\/\/ticaspoderosas.com\/wp-content\/uploads\/2016\/09\/ticas.png","width":180,"height":180,"caption":"Ticas Poderosas"},"image":{"@id":"http:\/\/ticaspoderosas.com\/#\/schema\/logo\/image\/"},"sameAs":["https:\/\/www.facebook.com\/Ticas-Poderosas-117994322976683","https:\/\/www.instagram.com\/ticaspoderosas\/"]},{"@type":"Person","@id":"http:\/\/ticaspoderosas.com\/#\/schema\/person\/229e533909640ee5255dd80f78c969af","name":"Gustavo Arias","image":{"@type":"ImageObject","inLanguage":"es","@id":"http:\/\/ticaspoderosas.com\/#\/schema\/person\/image\/","url":"http:\/\/1.gravatar.com\/avatar\/741d3124c89fb458b3a98303915a0ec1?s=96&d=mm&r=g","contentUrl":"http:\/\/1.gravatar.com\/avatar\/741d3124c89fb458b3a98303915a0ec1?s=96&d=mm&r=g","caption":"Gustavo Arias"}}]}},"_links":{"self":[{"href":"http:\/\/ticaspoderosas.com\/index.php\/wp-json\/wp\/v2\/posts\/3040"}],"collection":[{"href":"http:\/\/ticaspoderosas.com\/index.php\/wp-json\/wp\/v2\/posts"}],"about":[{"href":"http:\/\/ticaspoderosas.com\/index.php\/wp-json\/wp\/v2\/types\/post"}],"author":[{"embeddable":true,"href":"http:\/\/ticaspoderosas.com\/index.php\/wp-json\/wp\/v2\/users\/13"}],"replies":[{"embeddable":true,"href":"http:\/\/ticaspoderosas.com\/index.php\/wp-json\/wp\/v2\/comments?post=3040"}],"version-history":[{"count":2,"href":"http:\/\/ticaspoderosas.com\/index.php\/wp-json\/wp\/v2\/posts\/3040\/revisions"}],"predecessor-version":[{"id":3044,"href":"http:\/\/ticaspoderosas.com\/index.php\/wp-json\/wp\/v2\/posts\/3040\/revisions\/3044"}],"wp:featuredmedia":[{"embeddable":true,"href":"http:\/\/ticaspoderosas.com\/index.php\/wp-json\/wp\/v2\/media\/3041"}],"wp:attachment":[{"href":"http:\/\/ticaspoderosas.com\/index.php\/wp-json\/wp\/v2\/media?parent=3040"}],"wp:term":[{"taxonomy":"category","embeddable":true,"href":"http:\/\/ticaspoderosas.com\/index.php\/wp-json\/wp\/v2\/categories?post=3040"},{"taxonomy":"post_tag","embeddable":true,"href":"http:\/\/ticaspoderosas.com\/index.php\/wp-json\/wp\/v2\/tags?post=3040"}],"curies":[{"name":"wp","href":"https:\/\/api.w.org\/{rel}","templated":true}]}}