{"id":3266,"date":"2023-09-01T16:07:40","date_gmt":"2023-09-01T14:07:40","guid":{"rendered":"http:\/\/ticaspoderosas.com\/?p=3266"},"modified":"2023-09-01T16:07:42","modified_gmt":"2023-09-01T14:07:42","slug":"conoce-como-tratar-los-trastornos-alimentarios","status":"publish","type":"post","link":"http:\/\/ticaspoderosas.com\/index.php\/conoce-como-tratar-los-trastornos-alimentarios\/","title":{"rendered":"Conoc\u00e9 c\u00f3mo tratar los trastornos alimentarios"},"content":{"rendered":"\n<p><strong>D\u00eda a d\u00eda, muchos adolescentes (chicos y chicas) buscan ideales corporales y realizan dietas de adelgazamiento sin ning\u00fan control m\u00e9dico. Cuando estas fracasan, la frustraci\u00f3n y la baja autoestima pueden desencadenar un desorden alimentario.<\/strong><\/p>\n\n\n\n<p style=\"font-size:22px\"><strong>MSc Silvina Gimpelewicz*<\/strong><\/p>\n\n\n\n<p class=\"has-drop-cap\">En el caso de <strong>la anorexia<\/strong>, algunas\/os se acercan a un cuerpo extremadamente flaco, desnutrido, donde el l\u00edmite entre la salud y la enfermedad se desdibuja. En el caso de <strong>la bulimia, <\/strong>los afectados se dan atracones, vomitan, se purgan con diur\u00e9ticos y laxantes llegando a poner en peligro la vida.&nbsp;<\/p>\n\n\n\n<p>Hay otros trastornos como <strong>la ortorexia<\/strong>, que es la obsesi\u00f3n por la comida pura, org\u00e1nica, que lleva a evitar grasas, prote\u00ednas y vitaminas b\u00e1sicas para el organismo. Parad\u00f3jicamente, el af\u00e1n por \u00abcomer sano\u00bb termina en una mala nutrici\u00f3n, anemias, etc.<\/p>\n\n\n\n<p><strong>La vigorexia se <\/strong>enfoca, sobre todo, en la<strong> <\/strong>adicci\u00f3n al ejercicio. Personas que pueden estar horas en un gimnasio musculando, ingiriendo prote\u00ednas, escudri\u00f1\u00e1ndose en el espejo, con rituales nocivos. O <strong>la pregorexia<\/strong>, que es la anorexia durante el embarazo, afectando adem\u00e1s la vida del feto.<\/p>\n\n\n\n<p>Hay otros trastornos que son inespec\u00edficos, como los atracones compulsivos sin v\u00f3mitos, los comedores nocturnos.&nbsp;<\/p>\n\n\n\n<p>Todos tienen en com\u00fan una excesiva preocupaci\u00f3n por el peso, las largas horas de ejercicio para perderlo o compensar las sobre ingestas y baja autoestima reflejada en la mala relaci\u00f3n y rechazo al propio cuerpo.<\/p>\n\n\n\n<p>Quienes sufren los trastornos suelen tener alterada la percepci\u00f3n de su imagen corporal, llegando a verse en forma distorsionada. Expresan malestar y dicen que est\u00e1n gordas\/os, aunque no lo est\u00e9n. La balanza llega a ser el centro de sus vidas, as\u00ed como el constante recuento de calor\u00edas, los espejos.<\/p>\n\n\n\n<p>Los sentimientos que se esconden tras estos padecimientos son de vac\u00edo, carencia, depresi\u00f3n, miedo a madurar, problemas de comunicaci\u00f3n, los conflictos familiares, siendo la publicidad, la moda, los que en conjunto crean un terreno f\u00e9rtil para su desarrollo.&nbsp;<\/p>\n\n\n\n<p>Las consecuencias f\u00edsicas y emocionales de estos des\u00f3rdenes se relacionan con el aislamiento, negaci\u00f3n de la enfermedad, ideas obsesivas en torno a la comida, laceraciones estomacales producidas por los v\u00f3mitos, desnutrici\u00f3n y falta de la regla en la anorexia, p\u00e9rdida de cabello, extremidades fr\u00edas y moradas, ansiedad, problemas dentales, etc.<\/p>\n\n\n\n<p style=\"font-size:22px\"><strong>\u00bfY en nuestro pa\u00eds?<\/strong><\/p>\n\n\n\n<p>En Costa Rica, estas alteraciones psicol\u00f3gicas han estado invisibilizadas a pesar de que contin\u00faan aumentando y a\u00fan hay escasos especialistas que puedan dar respuestas asertivas ante los casos que suelen revestir complejidad&nbsp;<\/p>\n\n\n\n<p>Cuanto m\u00e1s se tarde en tratar, las posibilidades de mejora y remisi\u00f3n total son m\u00e1s escasas. El tratamiento es necesariamente largo y, por lo tanto, costoso, siendo un equipo de profesionales especializados quienes asumen los retos.&nbsp;<\/p>\n\n\n\n<p>En pa\u00edses donde hace a\u00f1os que se tratan, se ha calculado (estad\u00edsticamente) que para la remisi\u00f3n total se necesitan, al menos, cuatro a\u00f1os para asegurar que no se produzcan reca\u00eddas.&nbsp;<\/p>\n\n\n\n<p>En Costa Rica todav\u00eda no existen unidades hospitalarias p\u00fablicas especializadas&nbsp; que puedan recibir a los afectados en r\u00e9gimen de hospitales diurnos, donde los pacientes puedan permanecer varias horas cada d\u00eda internados, regresando a dormir a sus casas,&nbsp; recibiendo tratamiento interdisciplinar, incluyendo el control alimentario bajo la rigurosa supervisi\u00f3n y control profesional (para que no escondan los alimentos o utilicen otras estrategias que son parte de estas enfermedades).&nbsp;<\/p>\n\n\n\n<p>Entendiendo las repercusiones que traen, se hace imprescindible tomar conciencia y que dejen de ser un tema tab\u00fa e innombrable, pues muchos afectados los padecen hace a\u00f1os y sufren su estigma.<\/p>\n\n\n\n<p>No son un capricho, ni f\u00e1ciles de curar con un simple r\u00e9gimen alimentario. La alteraci\u00f3n alimentaria es solo la punta del iceberg y solo profundizando en sus causas psicol\u00f3gicas con el apoyo de la familia y los profesionales se podr\u00e1 lograr una buena recuperaci\u00f3n.<\/p>\n\n\n\n<p><em>*Licenciada en trabajo social con \u00e9nfasis en intervenci\u00f3n terap\u00e9utica.<\/em><\/p>\n\n\n\n<p><em>Experta en trastornos de la conducta alimentaria.<\/em><\/p>\n\n\n\n<p><a href=\"mailto:dcacostarica@gmail.com\">dcacostarica@gmail.com<\/a><\/p>\n\n\n\n<p><\/p>\n","protected":false},"excerpt":{"rendered":"<p>D\u00eda a d\u00eda, muchos adolescentes (chicos y chicas) buscan ideales corporales y realizan dietas de adelgazamiento sin ning\u00fan control m\u00e9dico. Cuando estas fracasan, la frustraci\u00f3n y la baja autoestima pueden desencadenar un desorden alimentario. MSc Silvina Gimpelewicz* En el caso de la anorexia, algunas\/os se acercan a un cuerpo extremadamente flaco, desnutrido, donde el l\u00edmite [&hellip;]<\/p>\n","protected":false},"author":14,"featured_media":3267,"comment_status":"open","ping_status":"open","sticky":false,"template":"","format":"standard","meta":{"_links_to":"","_links_to_target":""},"categories":[389],"tags":[1026,1028,1029,1031,1030,1027],"yoast_head":"<!-- This site is optimized with the Yoast SEO plugin v20.2.1 - https:\/\/yoast.com\/wordpress\/plugins\/seo\/ -->\n<title>Conoc\u00e9 c\u00f3mo tratar los trastornos alimentarios - Ticas poderosas<\/title>\n<meta name=\"robots\" content=\"index, follow, max-snippet:-1, max-image-preview:large, max-video-preview:-1\" \/>\n<link rel=\"canonical\" href=\"http:\/\/ticaspoderosas.com\/index.php\/conoce-como-tratar-los-trastornos-alimentarios\/\" \/>\n<meta property=\"og:locale\" content=\"es_ES\" \/>\n<meta property=\"og:type\" content=\"article\" \/>\n<meta property=\"og:title\" content=\"Conoc\u00e9 c\u00f3mo tratar los trastornos alimentarios - Ticas poderosas\" \/>\n<meta property=\"og:description\" content=\"D\u00eda a d\u00eda, muchos adolescentes (chicos y chicas) buscan ideales corporales y realizan dietas de adelgazamiento sin ning\u00fan control m\u00e9dico. Cuando estas fracasan, la frustraci\u00f3n y la baja autoestima pueden desencadenar un desorden alimentario. MSc Silvina Gimpelewicz* En el caso de la anorexia, algunas\/os se acercan a un cuerpo extremadamente flaco, desnutrido, donde el l\u00edmite [&hellip;]\" \/>\n<meta property=\"og:url\" content=\"http:\/\/ticaspoderosas.com\/index.php\/conoce-como-tratar-los-trastornos-alimentarios\/\" \/>\n<meta property=\"og:site_name\" content=\"Ticas poderosas\" \/>\n<meta property=\"article:publisher\" content=\"https:\/\/www.facebook.com\/Ticas-Poderosas-117994322976683\" \/>\n<meta property=\"article:published_time\" content=\"2023-09-01T14:07:40+00:00\" \/>\n<meta property=\"article:modified_time\" content=\"2023-09-01T14:07:42+00:00\" \/>\n<meta property=\"og:image\" content=\"http:\/\/ticaspoderosas.com\/wp-content\/uploads\/2023\/09\/BASCULA.jpg\" \/>\n\t<meta property=\"og:image:width\" content=\"1200\" \/>\n\t<meta property=\"og:image:height\" content=\"798\" \/>\n\t<meta property=\"og:image:type\" content=\"image\/jpeg\" \/>\n<meta name=\"author\" content=\"Daniel Zueras\" \/>\n<meta name=\"twitter:card\" content=\"summary_large_image\" \/>\n<script type=\"application\/ld+json\" class=\"yoast-schema-graph\">{\"@context\":\"https:\/\/schema.org\",\"@graph\":[{\"@type\":\"Article\",\"@id\":\"http:\/\/ticaspoderosas.com\/index.php\/conoce-como-tratar-los-trastornos-alimentarios\/#article\",\"isPartOf\":{\"@id\":\"http:\/\/ticaspoderosas.com\/index.php\/conoce-como-tratar-los-trastornos-alimentarios\/\"},\"author\":{\"name\":\"Daniel Zueras\",\"@id\":\"http:\/\/ticaspoderosas.com\/#\/schema\/person\/05764d71e232275bacd288ddf8ac998a\"},\"headline\":\"Conoc\u00e9 c\u00f3mo tratar los trastornos alimentarios\",\"datePublished\":\"2023-09-01T14:07:40+00:00\",\"dateModified\":\"2023-09-01T14:07:42+00:00\",\"mainEntityOfPage\":{\"@id\":\"http:\/\/ticaspoderosas.com\/index.php\/conoce-como-tratar-los-trastornos-alimentarios\/\"},\"wordCount\":705,\"commentCount\":0,\"publisher\":{\"@id\":\"http:\/\/ticaspoderosas.com\/#organization\"},\"keywords\":[\"Anorexia\",\"Bulimia\",\"Ortorexia\",\"pregorexia\",\"Trastornos alimentarios\",\"Vigorexia\"],\"articleSection\":[\"Columnas\"],\"inLanguage\":\"es\",\"potentialAction\":[{\"@type\":\"CommentAction\",\"name\":\"Comment\",\"target\":[\"http:\/\/ticaspoderosas.com\/index.php\/conoce-como-tratar-los-trastornos-alimentarios\/#respond\"]}]},{\"@type\":\"WebPage\",\"@id\":\"http:\/\/ticaspoderosas.com\/index.php\/conoce-como-tratar-los-trastornos-alimentarios\/\",\"url\":\"http:\/\/ticaspoderosas.com\/index.php\/conoce-como-tratar-los-trastornos-alimentarios\/\",\"name\":\"Conoc\u00e9 c\u00f3mo tratar los trastornos alimentarios - Ticas poderosas\",\"isPartOf\":{\"@id\":\"http:\/\/ticaspoderosas.com\/#website\"},\"datePublished\":\"2023-09-01T14:07:40+00:00\",\"dateModified\":\"2023-09-01T14:07:42+00:00\",\"breadcrumb\":{\"@id\":\"http:\/\/ticaspoderosas.com\/index.php\/conoce-como-tratar-los-trastornos-alimentarios\/#breadcrumb\"},\"inLanguage\":\"es\",\"potentialAction\":[{\"@type\":\"ReadAction\",\"target\":[\"http:\/\/ticaspoderosas.com\/index.php\/conoce-como-tratar-los-trastornos-alimentarios\/\"]}]},{\"@type\":\"BreadcrumbList\",\"@id\":\"http:\/\/ticaspoderosas.com\/index.php\/conoce-como-tratar-los-trastornos-alimentarios\/#breadcrumb\",\"itemListElement\":[{\"@type\":\"ListItem\",\"position\":1,\"name\":\"Portada\",\"item\":\"http:\/\/ticaspoderosas.com\/\"},{\"@type\":\"ListItem\",\"position\":2,\"name\":\"Conoc\u00e9 c\u00f3mo tratar los trastornos alimentarios\"}]},{\"@type\":\"WebSite\",\"@id\":\"http:\/\/ticaspoderosas.com\/#website\",\"url\":\"http:\/\/ticaspoderosas.com\/\",\"name\":\"Ticas Poderosas\",\"description\":\"Plataforma multimedia\",\"publisher\":{\"@id\":\"http:\/\/ticaspoderosas.com\/#organization\"},\"potentialAction\":[{\"@type\":\"SearchAction\",\"target\":{\"@type\":\"EntryPoint\",\"urlTemplate\":\"http:\/\/ticaspoderosas.com\/?s={search_term_string}\"},\"query-input\":\"required name=search_term_string\"}],\"inLanguage\":\"es\"},{\"@type\":\"Organization\",\"@id\":\"http:\/\/ticaspoderosas.com\/#organization\",\"name\":\"Ticas Poderosas\",\"url\":\"http:\/\/ticaspoderosas.com\/\",\"logo\":{\"@type\":\"ImageObject\",\"inLanguage\":\"es\",\"@id\":\"http:\/\/ticaspoderosas.com\/#\/schema\/logo\/image\/\",\"url\":\"http:\/\/ticaspoderosas.com\/wp-content\/uploads\/2016\/09\/ticas.png\",\"contentUrl\":\"http:\/\/ticaspoderosas.com\/wp-content\/uploads\/2016\/09\/ticas.png\",\"width\":180,\"height\":180,\"caption\":\"Ticas Poderosas\"},\"image\":{\"@id\":\"http:\/\/ticaspoderosas.com\/#\/schema\/logo\/image\/\"},\"sameAs\":[\"https:\/\/www.facebook.com\/Ticas-Poderosas-117994322976683\",\"https:\/\/www.instagram.com\/ticaspoderosas\/\"]},{\"@type\":\"Person\",\"@id\":\"http:\/\/ticaspoderosas.com\/#\/schema\/person\/05764d71e232275bacd288ddf8ac998a\",\"name\":\"Daniel Zueras\",\"image\":{\"@type\":\"ImageObject\",\"inLanguage\":\"es\",\"@id\":\"http:\/\/ticaspoderosas.com\/#\/schema\/person\/image\/\",\"url\":\"http:\/\/1.gravatar.com\/avatar\/d7569af2a0c42c7d90d2cbde7849f3d2?s=96&d=mm&r=g\",\"contentUrl\":\"http:\/\/1.gravatar.com\/avatar\/d7569af2a0c42c7d90d2cbde7849f3d2?s=96&d=mm&r=g\",\"caption\":\"Daniel Zueras\"}}]}<\/script>\n<!-- \/ Yoast SEO plugin. -->","yoast_head_json":{"title":"Conoc\u00e9 c\u00f3mo tratar los trastornos alimentarios - Ticas poderosas","robots":{"index":"index","follow":"follow","max-snippet":"max-snippet:-1","max-image-preview":"max-image-preview:large","max-video-preview":"max-video-preview:-1"},"canonical":"http:\/\/ticaspoderosas.com\/index.php\/conoce-como-tratar-los-trastornos-alimentarios\/","og_locale":"es_ES","og_type":"article","og_title":"Conoc\u00e9 c\u00f3mo tratar los trastornos alimentarios - Ticas poderosas","og_description":"D\u00eda a d\u00eda, muchos adolescentes (chicos y chicas) buscan ideales corporales y realizan dietas de adelgazamiento sin ning\u00fan control m\u00e9dico. Cuando estas fracasan, la frustraci\u00f3n y la baja autoestima pueden desencadenar un desorden alimentario. MSc Silvina Gimpelewicz* En el caso de la anorexia, algunas\/os se acercan a un cuerpo extremadamente flaco, desnutrido, donde el l\u00edmite [&hellip;]","og_url":"http:\/\/ticaspoderosas.com\/index.php\/conoce-como-tratar-los-trastornos-alimentarios\/","og_site_name":"Ticas poderosas","article_publisher":"https:\/\/www.facebook.com\/Ticas-Poderosas-117994322976683","article_published_time":"2023-09-01T14:07:40+00:00","article_modified_time":"2023-09-01T14:07:42+00:00","og_image":[{"width":1200,"height":798,"url":"http:\/\/ticaspoderosas.com\/wp-content\/uploads\/2023\/09\/BASCULA.jpg","type":"image\/jpeg"}],"author":"Daniel Zueras","twitter_card":"summary_large_image","schema":{"@context":"https:\/\/schema.org","@graph":[{"@type":"Article","@id":"http:\/\/ticaspoderosas.com\/index.php\/conoce-como-tratar-los-trastornos-alimentarios\/#article","isPartOf":{"@id":"http:\/\/ticaspoderosas.com\/index.php\/conoce-como-tratar-los-trastornos-alimentarios\/"},"author":{"name":"Daniel Zueras","@id":"http:\/\/ticaspoderosas.com\/#\/schema\/person\/05764d71e232275bacd288ddf8ac998a"},"headline":"Conoc\u00e9 c\u00f3mo tratar los trastornos alimentarios","datePublished":"2023-09-01T14:07:40+00:00","dateModified":"2023-09-01T14:07:42+00:00","mainEntityOfPage":{"@id":"http:\/\/ticaspoderosas.com\/index.php\/conoce-como-tratar-los-trastornos-alimentarios\/"},"wordCount":705,"commentCount":0,"publisher":{"@id":"http:\/\/ticaspoderosas.com\/#organization"},"keywords":["Anorexia","Bulimia","Ortorexia","pregorexia","Trastornos alimentarios","Vigorexia"],"articleSection":["Columnas"],"inLanguage":"es","potentialAction":[{"@type":"CommentAction","name":"Comment","target":["http:\/\/ticaspoderosas.com\/index.php\/conoce-como-tratar-los-trastornos-alimentarios\/#respond"]}]},{"@type":"WebPage","@id":"http:\/\/ticaspoderosas.com\/index.php\/conoce-como-tratar-los-trastornos-alimentarios\/","url":"http:\/\/ticaspoderosas.com\/index.php\/conoce-como-tratar-los-trastornos-alimentarios\/","name":"Conoc\u00e9 c\u00f3mo tratar los trastornos alimentarios - Ticas poderosas","isPartOf":{"@id":"http:\/\/ticaspoderosas.com\/#website"},"datePublished":"2023-09-01T14:07:40+00:00","dateModified":"2023-09-01T14:07:42+00:00","breadcrumb":{"@id":"http:\/\/ticaspoderosas.com\/index.php\/conoce-como-tratar-los-trastornos-alimentarios\/#breadcrumb"},"inLanguage":"es","potentialAction":[{"@type":"ReadAction","target":["http:\/\/ticaspoderosas.com\/index.php\/conoce-como-tratar-los-trastornos-alimentarios\/"]}]},{"@type":"BreadcrumbList","@id":"http:\/\/ticaspoderosas.com\/index.php\/conoce-como-tratar-los-trastornos-alimentarios\/#breadcrumb","itemListElement":[{"@type":"ListItem","position":1,"name":"Portada","item":"http:\/\/ticaspoderosas.com\/"},{"@type":"ListItem","position":2,"name":"Conoc\u00e9 c\u00f3mo tratar los trastornos alimentarios"}]},{"@type":"WebSite","@id":"http:\/\/ticaspoderosas.com\/#website","url":"http:\/\/ticaspoderosas.com\/","name":"Ticas Poderosas","description":"Plataforma multimedia","publisher":{"@id":"http:\/\/ticaspoderosas.com\/#organization"},"potentialAction":[{"@type":"SearchAction","target":{"@type":"EntryPoint","urlTemplate":"http:\/\/ticaspoderosas.com\/?s={search_term_string}"},"query-input":"required name=search_term_string"}],"inLanguage":"es"},{"@type":"Organization","@id":"http:\/\/ticaspoderosas.com\/#organization","name":"Ticas Poderosas","url":"http:\/\/ticaspoderosas.com\/","logo":{"@type":"ImageObject","inLanguage":"es","@id":"http:\/\/ticaspoderosas.com\/#\/schema\/logo\/image\/","url":"http:\/\/ticaspoderosas.com\/wp-content\/uploads\/2016\/09\/ticas.png","contentUrl":"http:\/\/ticaspoderosas.com\/wp-content\/uploads\/2016\/09\/ticas.png","width":180,"height":180,"caption":"Ticas Poderosas"},"image":{"@id":"http:\/\/ticaspoderosas.com\/#\/schema\/logo\/image\/"},"sameAs":["https:\/\/www.facebook.com\/Ticas-Poderosas-117994322976683","https:\/\/www.instagram.com\/ticaspoderosas\/"]},{"@type":"Person","@id":"http:\/\/ticaspoderosas.com\/#\/schema\/person\/05764d71e232275bacd288ddf8ac998a","name":"Daniel Zueras","image":{"@type":"ImageObject","inLanguage":"es","@id":"http:\/\/ticaspoderosas.com\/#\/schema\/person\/image\/","url":"http:\/\/1.gravatar.com\/avatar\/d7569af2a0c42c7d90d2cbde7849f3d2?s=96&d=mm&r=g","contentUrl":"http:\/\/1.gravatar.com\/avatar\/d7569af2a0c42c7d90d2cbde7849f3d2?s=96&d=mm&r=g","caption":"Daniel Zueras"}}]}},"_links":{"self":[{"href":"http:\/\/ticaspoderosas.com\/index.php\/wp-json\/wp\/v2\/posts\/3266"}],"collection":[{"href":"http:\/\/ticaspoderosas.com\/index.php\/wp-json\/wp\/v2\/posts"}],"about":[{"href":"http:\/\/ticaspoderosas.com\/index.php\/wp-json\/wp\/v2\/types\/post"}],"author":[{"embeddable":true,"href":"http:\/\/ticaspoderosas.com\/index.php\/wp-json\/wp\/v2\/users\/14"}],"replies":[{"embeddable":true,"href":"http:\/\/ticaspoderosas.com\/index.php\/wp-json\/wp\/v2\/comments?post=3266"}],"version-history":[{"count":1,"href":"http:\/\/ticaspoderosas.com\/index.php\/wp-json\/wp\/v2\/posts\/3266\/revisions"}],"predecessor-version":[{"id":3268,"href":"http:\/\/ticaspoderosas.com\/index.php\/wp-json\/wp\/v2\/posts\/3266\/revisions\/3268"}],"wp:featuredmedia":[{"embeddable":true,"href":"http:\/\/ticaspoderosas.com\/index.php\/wp-json\/wp\/v2\/media\/3267"}],"wp:attachment":[{"href":"http:\/\/ticaspoderosas.com\/index.php\/wp-json\/wp\/v2\/media?parent=3266"}],"wp:term":[{"taxonomy":"category","embeddable":true,"href":"http:\/\/ticaspoderosas.com\/index.php\/wp-json\/wp\/v2\/categories?post=3266"},{"taxonomy":"post_tag","embeddable":true,"href":"http:\/\/ticaspoderosas.com\/index.php\/wp-json\/wp\/v2\/tags?post=3266"}],"curies":[{"name":"wp","href":"https:\/\/api.w.org\/{rel}","templated":true}]}}