{"id":3317,"date":"2024-01-05T00:00:09","date_gmt":"2024-01-04T22:00:09","guid":{"rendered":"http:\/\/ticaspoderosas.com\/?p=3317"},"modified":"2024-03-06T03:01:35","modified_gmt":"2024-03-06T01:01:35","slug":"silvia-chacon","status":"publish","type":"post","link":"http:\/\/ticaspoderosas.com\/index.php\/silvia-chacon\/","title":{"rendered":"Silvia Chac\u00f3n"},"content":{"rendered":"\n<p class=\"has-drop-cap\">Silvia Chac\u00f3n creci\u00f3 entre dos familias. Viv\u00eda sobre todo en casa de la mam\u00e1, matem\u00e1tica; y pasaba uno o dos d\u00edas con su pap\u00e1, qu\u00edmico. Y compart\u00eda el tiempo con todos sus hermanos. En ambas familias se hablaba mucho de ciencia, en una de qu\u00edmica y en la otra de matem\u00e1ticas.&nbsp;<\/p>\n\n\n\n<p>Ahora es toda experta en tsunamis y cree que el inter\u00e9s por ellos puede venir de un sue\u00f1o recurrente que ten\u00eda cuando era ni\u00f1a: se ve\u00eda a s\u00ed misma huyendo de una gran ola, saltando cercas y atravesando los campos de Guanacaste (donde sol\u00eda ir con su abuelo) para ponerse a salvo.<\/p>\n\n\n\n<p>Pese a la formaci\u00f3n familiar, le inscribieron en el Conservatorio Castella, un instituto centrado en las artes. Silvia no sabe por qu\u00e9, pero est\u00e1 muy agradecida porque cree que esto le brind\u00f3 la oportunidad para explorar la imaginaci\u00f3n, expresarse a trav\u00e9s del arte y disfrutar.&nbsp;<\/p>\n\n\n\n<p>Despu\u00e9s fue a la universidad y comenz\u00f3 Arquitectura, pero no le gustaba y la dej\u00f3. Entonces entr\u00f3 a Ingenier\u00eda Civil, que tampoco le convenci\u00f3, aunque ah\u00ed dio un curso de F\u00edsica y vio que eso s\u00ed que le apasionaba. As\u00ed que se cambi\u00f3 a estudiar la carrera de F\u00edsica (que inclu\u00eda meteorolog\u00eda), su verdadera vocaci\u00f3n.<\/p>\n\n\n\n<p>Al terminar la U, trabaj\u00f3 en la Universidad Nacional, pero entonces descubri\u00f3 de la existencia de la Oceanograf\u00eda en la UNA y decidi\u00f3 estudiar un posgrado fuera del pa\u00eds, primero en M\u00e9xico y m\u00e1s tarde en Alemania. Aprender sobre el oc\u00e9ano, que siempre le trajo felicidad, fue lo m\u00e1ximo para ella. Desde que comenz\u00f3 a saber m\u00e1s sobre \u00e9l, nunca jam\u00e1s volvi\u00f3 a tener la pesadilla.<\/p>\n\n\n\n<p>Silvia fue la m\u00e1xima impulsora y presidenta del Sistema de Alerta Temprana contra Tsunamis de Costa Rica, la mayor experta en el pa\u00eds. Con su trabajo, ha organizado a las comunidades costeras para mejorar su preparaci\u00f3n ante un mar embravecido.<\/p>\n\n\n\n<p><strong>\u00bfC\u00f3mo fue tu crianza?<\/strong><\/p>\n\n\n\n<p>Mi familia es bastante diferente a lo habitual. Mis padres se divorciaron cuando era muy peque\u00f1a. Cada uno volvi\u00f3 a casarse y tuvieron tres hijos m\u00e1s. Crec\u00ed entre dos familias, pasando la mayor parte del tiempo con mi mam\u00e1 y visitando a mi pap\u00e1 uno o dos d\u00edas a la semana. Siempre compart\u00eda con todos mis hermanos.<\/p>\n\n\n\n<p>En ambas familias se hablaba mucho de ciencia, \u00bfcierto? Mi pap\u00e1 hablaba cotidianamente sobre elementos qu\u00edmicos, como \u00abese rojo es tal elemento, el azul es otro\u00bb. Mi mam\u00e1 tambi\u00e9n hablaba mucho sobre matem\u00e1ticas. Ambos eran acad\u00e9micos universitarios, ya est\u00e1n jubilados. Se mencionaba con admiraci\u00f3n a las personas con doctorados, algo no tan com\u00fan en ese entonces. Hab\u00eda mucha referencia a la academia desde temprano en mi vida.<\/p>\n\n\n\n<p>Me inscribieron en el Castella, aunque desconozco la raz\u00f3n, pero estoy muy agradecida. Tuve una infancia feliz en el \u00e1mbito familiar. Los domingos nos reun\u00edamos en casa de mis abuelos maternos con primos y t\u00edos para jugar y compartir. Del lado paterno, tambi\u00e9n disfrut\u00e1bamos de reuniones familiares, ya que a mi abuelo le gustaba mucho ir al campo.<\/p>\n\n\n\n<p>Estar en el Castella me brind\u00f3 muchas oportunidades para explorar la imaginaci\u00f3n, expresarme a trav\u00e9s del arte y disfrutar. Creo que esa formaci\u00f3n art\u00edstica influy\u00f3 significativamente en quien soy y en las cosas que hago hoy en d\u00eda.<\/p>\n\n\n\n<p>Por ejemplo, para m\u00ed no resulta dif\u00edcil pararme frente a un auditorio lleno de gente y dar una charla. No tengo miedo esc\u00e9nico, \u00bfverdad? O es muy leve, no es algo que me dificulte. La m\u00fasica y la educaci\u00f3n musical que recib\u00ed est\u00e1n muy relacionadas con la l\u00f3gica matem\u00e1tica tambi\u00e9n, \u00bfcierto? Ha contribuido enormemente a mi vida profesional.<\/p>\n\n\n\n<p><strong>Despu\u00e9s del Castella, \u00bfpasaste por varias carreras en la universidad, cierto? Arquitectura, ingenier\u00eda civil, antes de decidirte por la f\u00edsica y dedicarte a la oceanograf\u00eda. \u00bfPor qu\u00e9 este camino?&nbsp;<\/strong><\/p>\n\n\n\n<figure class=\"wp-block-embed is-type-video is-provider-youtube wp-block-embed-youtube wp-embed-aspect-16-9 wp-has-aspect-ratio\"><div class=\"wp-block-embed__wrapper\">\n<iframe loading=\"lazy\" title=\"Silvia Chac\u00f3n, del Castella a la U (y su paso por distintas carreras)\" width=\"750\" height=\"422\" src=\"https:\/\/www.youtube.com\/embed\/BvOdmNr3DaE?feature=oembed\" frameborder=\"0\" allow=\"accelerometer; autoplay; clipboard-write; encrypted-media; gyroscope; picture-in-picture; web-share\" allowfullscreen><\/iframe>\n<\/div><\/figure>\n\n\n\n<p><strong>\u00bfC\u00f3mo fue ese cambio? \u00bfFue el definitivo?&nbsp;<\/strong><\/p>\n\n\n\n<figure class=\"wp-block-embed is-type-video is-provider-youtube wp-block-embed-youtube wp-embed-aspect-16-9 wp-has-aspect-ratio\"><div class=\"wp-block-embed__wrapper\">\n<iframe loading=\"lazy\" title=\"Silvia Chac\u00f3n, descubriendo su pasi\u00f3n\" width=\"750\" height=\"422\" src=\"https:\/\/www.youtube.com\/embed\/w9K2zKz6zFc?feature=oembed\" frameborder=\"0\" allow=\"accelerometer; autoplay; clipboard-write; encrypted-media; gyroscope; picture-in-picture; web-share\" allowfullscreen><\/iframe>\n<\/div><\/figure>\n\n\n\n<p><strong>\u00bfQu\u00e9 fue lo que te inspir\u00f3? He le\u00eddo que ten\u00edas un sue\u00f1o, una pesadilla recurrente con un tsunami desde peque\u00f1a. Me gustar\u00eda que me comentaras un poco sobre esto.<\/strong><\/p>\n\n\n\n<p>Claro, quiero decir que me \u00abconvirtieron\u00bb en la oceanograf\u00eda y no fue muy dif\u00edcil para ellos, \u00bfverdad? Realmente, llegu\u00e9 aqu\u00ed y descubr\u00ed que la oceanograf\u00eda era una opci\u00f3n. Ellos obviamente me hablaban sobre la oceanograf\u00eda y no tuvieron mucha dificultad en convencerme. Como mencion\u00e9 antes, en mi familia materna \u00e9ramos muy unidos y seguimos si\u00e9ndolo. Nos reun\u00edamos todos los domingos en casa de mi abuelita, celebr\u00e1bamos todos los cumplea\u00f1os con alguna fiesta y tambi\u00e9n ten\u00edamos la costumbre de ir una o dos veces al a\u00f1o a la playa todos juntos. A mi abuelo materno, que en paz descanse, le encantaba el mar. Era un apasionado del mar, as\u00ed que nos llevaba a toda la familia. En la familia siempre estuvimos acostumbrados a ir a la playa, y para m\u00ed es algo maravilloso y encantador. Siempre he disfrutado mucho del mar.&nbsp;<\/p>\n\n\n\n<p>Entonces, cuando descubr\u00ed que pod\u00eda estudiar oceanograf\u00eda despu\u00e9s de haber estudiado f\u00edsica, que pod\u00eda estudiar oceanograf\u00eda f\u00edsica, fue como encontrar una maravilla. Quiero decir, yo pod\u00eda estudiar algo que siempre me hab\u00eda encantado: el oc\u00e9ano, algo que siempre me hab\u00eda fascinado, algo que siempre me hab\u00eda tra\u00eddo felicidad. Pod\u00eda acercarme a eso. Entonces, no tuve que pensarlo mucho, no tuvieron que convencerme mucho.<\/p>\n\n\n\n<p>Me fui a M\u00e9xico a hacer la maestr\u00eda, inici\u00e9 la maestr\u00eda y en el curso de introducci\u00f3n a la oceanograf\u00eda f\u00edsica que llev\u00e9 en el primer trimestre, un profesor habl\u00f3 sobre tsunamis. En esa clase, otra vez sent\u00ed como si se abriera el cielo y recibiera una se\u00f1al divina. Pens\u00e9: \u00abEsto es lo que quiero hacer, esto es, esto es\u00bb. Y record\u00e9 que hab\u00eda tenido un sue\u00f1o recurrente durante toda mi vida, una memoria que siempre estuvo presente: est\u00e1bamos en la playa y de pronto ven\u00edan tsunamis. Yo corr\u00eda y corr\u00eda, como en esos sue\u00f1os en los que uno corre y corre y corre, \u00bfsabes? Hab\u00eda variaciones en el sue\u00f1o: una cerca que deb\u00eda brincar, toros, perros, pero siempre la constante era el tsunami y yo corriendo para alejarme de la playa. Cuando decid\u00ed estudiar eso y aproximadamente en el segundo a\u00f1o empec\u00e9 a trabajar en la tesis o m\u00e1s bien, comenc\u00e9 a trabajar en el anteproyecto de tesis de la maestr\u00eda relacionado con tsunamis, ese sue\u00f1o desapareci\u00f3. No he vuelto a tener ese sue\u00f1o desde hace 20 a\u00f1os.<\/p>\n\n\n\n<p><strong>Desde que lo conoces m\u00e1s en profundidad, \u00bfse te quit\u00f3 m\u00e1s el susto?&nbsp;<\/strong><\/p>\n\n\n\n<p>No s\u00e9 si era un susto o como un mensaje subliminal sobre a lo que yo ten\u00eda que dedicarme en la vida. Una vez que lo decid\u00ed, ya se cumpli\u00f3 el sue\u00f1o.<\/p>\n\n\n\n<p>A mi abuelo le encantaba Guanacaste, especialmente las playas de Carrillo, del Cant\u00f3n de Carrillo, playa del Coco, playa Hermosa, playa Panam\u00e1. Esas eran sus playas preferidas. Durante los \u00faltimos a\u00f1os que \u00e9l estuvo vivo, alquil\u00e1bamos una casa en playa Hermosa y nos \u00edbamos toda una semana. A veces visit\u00e1bamos otras playas cercanas, como Flamingo o Tamarindo, pero pas\u00e1bamos la mayor parte del tiempo en Guanacaste. A veces, por cuestiones de tiempo, \u00edbamos a Contarenas o al Pac\u00edfico Central, pero generalmente era Guanacaste.<\/p>\n\n\n\n<p><strong>\u00bfHas enfrentado barreras espec\u00edficas por ser mujer? \u00bfHas sentido alg\u00fan tipo de discriminaci\u00f3n?<\/strong><\/p>\n\n\n\n<figure class=\"wp-block-embed is-type-video is-provider-youtube wp-block-embed-youtube wp-embed-aspect-16-9 wp-has-aspect-ratio\"><div class=\"wp-block-embed__wrapper\">\n<iframe loading=\"lazy\" title=\"Silvia Chac\u00f3n, \u00bfMachismo en la ciencia?\" width=\"750\" height=\"422\" src=\"https:\/\/www.youtube.com\/embed\/cQu4P8lLO_o?feature=oembed\" frameborder=\"0\" allow=\"accelerometer; autoplay; clipboard-write; encrypted-media; gyroscope; picture-in-picture; web-share\" allowfullscreen><\/iframe>\n<\/div><\/figure>\n\n\n\n<p><strong>Hablando de estudios y de chicas, \u00bfqu\u00e9 consejo dar\u00edas a las chicas j\u00f3venes interesadas en seguir una carrera en ciencias marinas?&nbsp;<\/strong><\/p>\n\n\n\n<figure class=\"wp-block-embed is-type-video is-provider-youtube wp-block-embed-youtube wp-embed-aspect-16-9 wp-has-aspect-ratio\"><div class=\"wp-block-embed__wrapper\">\n<iframe loading=\"lazy\" title=\"Silvia Chac\u00f3n, un consejo: perseverar\" width=\"750\" height=\"422\" src=\"https:\/\/www.youtube.com\/embed\/3TkL4NcsLD0?feature=oembed\" frameborder=\"0\" allow=\"accelerometer; autoplay; clipboard-write; encrypted-media; gyroscope; picture-in-picture; web-share\" allowfullscreen><\/iframe>\n<\/div><\/figure>\n\n\n\n<p><strong>Sobre tu especialidad, <\/strong>\u00bf<strong>estamos en una regi\u00f3n propensa a sufrir un tsunami devastador?&nbsp;<\/strong><\/p>\n\n\n\n<p>Bueno, lo primero que debo decir al respecto es que los desastres nunca son naturales. Son una combinaci\u00f3n de eventos naturales y una falta de preparaci\u00f3n humana para afrontarlos. Entonces, \u00bfpodr\u00edamos enfrentar un tsunami catastr\u00f3fico en el Caribe, en Centroam\u00e9rica, en Costa Rica? Claro que s\u00ed. Si no estamos preparados y no sabemos qu\u00e9 hacer, un tsunami de tama\u00f1o moderado podr\u00eda tener consecuencias devastadoras en nuestra regi\u00f3n. Ahora, si nos preguntamos si podr\u00edamos tener tsunamis tan grandes como los de Chile, Jap\u00f3n o Indonesia en nuestra regi\u00f3n, esa es una cuesti\u00f3n diferente. En algunas partes del Caribe podr\u00edan ocurrir terremotos lo suficientemente fuertes o erupciones volc\u00e1nicas o derrumbes submarinos que causen tsunamis de esa magnitud. En Centroam\u00e9rica, el potencial s\u00edsmico es m\u00e1s moderado, al igual que en Costa Rica. El tsunami m\u00e1s grande que ha afectado a Centroam\u00e9rica tuvo una altura de 10 metros, lo que es significativo, pero no alcanza los 50 metros de Indonesia o los 40 metros de Jap\u00f3n. En Costa Rica, espec\u00edficamente, el potencial s\u00edsmico es a\u00fan m\u00e1s reducido, \u00bfverdad? Los tsunamis que hemos experimentado aqu\u00ed han tenido alturas m\u00e1ximas de pocos metros.<\/p>\n\n\n\n<p>Sin embargo, tenemos registros de tres personas fallecidas debido al tsunami causado por el terremoto de Lim\u00f3n en 1991, y estamos seguros de que hubo m\u00e1s v\u00edctimas. Simplemente no se llev\u00f3 un buen registro de las personas afectadas, ni siquiera se sabe cu\u00e1ntas murieron espec\u00edficamente a causa del tsunami o cu\u00e1ntas por el terremoto.<\/p>\n\n\n\n<p>Adem\u00e1s, la mayor\u00eda de estos tsunamis que han afectado a Costa Rica ocurrieron hace muchos a\u00f1os, en \u00e9pocas en que nuestras costas no estaban tan pobladas ni visitadas como lo est\u00e1n ahora. Algunos de esos tsunamis que ocurrieron en 1950, en 1941 e incluso en 1992, podr\u00edan haber tenido consecuencias mucho m\u00e1s graves en la actualidad, especialmente en fechas en las que las playas est\u00e1n llenas de turistas. La buena noticia es que, dado que nuestro potencial es moderado, la posibilidad de tener tsunamis enormes es baja, \u00bfverdad? Podemos mejorar nuestra preparaci\u00f3n y eso puede ayudar a evitar o reducir las posibilidades de tsunamis catastr\u00f3ficos en nuestro pa\u00eds.<\/p>\n\n\n\n<p>Entonces, \u00bfqu\u00e9 tenemos que hacer? Como comunidades costeras, debemos organizarnos y conocer nuestro mapa de evacuaci\u00f3n por tsunami, crear un plan de preparativos y respuesta comunitaria. A nivel de municipalidades costeras, es esencial tener un plan de acci\u00f3n en caso de tsunamis y mantener una buena comunicaci\u00f3n con los comit\u00e9s de emergencia costeros. Las instituciones, tanto p\u00fablicas como privadas con presencia en la costa, tambi\u00e9n deben tener sus propios planes de preparaci\u00f3n y respuesta. Y para nosotros, que vivimos en el Valle Central pero disfrutamos yendo a la playa siempre que podemos, es importante estar preparados, \u00bfverdad? Estas medidas son muy sencillas. Por ejemplo, si pasamos el d\u00eda en la playa, dejemos el autom\u00f3vil estacionado en una posici\u00f3n de salida y tracemos un plan con las personas con las que vamos, para que todos sepan qu\u00e9 hacer si ocurre un sismo. Esto evitar\u00e1 que pierdan tiempo busc\u00e1ndose mutuamente y sabr\u00e1n d\u00f3nde reunirse en caso de emergencia.<\/p>\n\n\n\n<p>Entonces, si ocurre un temblor, \u00bfqu\u00e9 vamos a hacer? \u00bfD\u00f3nde nos reuniremos? Nadie perder\u00e1 tiempo buscando a los dem\u00e1s, ya que acordamos de antemano un punto de encuentro en la pulper\u00eda que est\u00e1 fuera del \u00e1rea de inundaci\u00f3n. Todos nos dirigiremos hacia all\u00ed. Si alquilamos una casa o nos hospedamos en un hotel con familiares o amigos, haremos lo mismo. Verificaremos si est\u00e1 dentro del \u00e1rea de inundaci\u00f3n. En caso afirmativo, elaboraremos un plan: \u00bfQu\u00e9 haremos si hay un temblor? \u00bfC\u00f3mo reaccionaremos ante una alerta de tsunami? \u00bfA d\u00f3nde iremos? Son medidas muy sencillas que no nos quitar\u00e1n tiempo ni dinero, pero que podr\u00edan salvar nuestras vidas y las de nuestros seres queridos en caso de un tsunami.<\/p>\n\n\n\n<p><strong>\u00bfC\u00f3mo consideras que tu trabajo contribuye al bienestar de los habitantes de las costas costarricenses y a la conservaci\u00f3n de los oc\u00e9anos?<\/strong><\/p>\n\n\n\n<p>Bueno, creo que solo el hecho de que mi trabajo implique la concienciaci\u00f3n sobre la posibilidad de un tsunami ya es una contribuci\u00f3n al bienestar, ya que las personas son conscientes de esta posibilidad y buscan c\u00f3mo prepararse o deber\u00edan buscar c\u00f3mo hacerlo. Adem\u00e1s, considero que lo que hemos logrado con el programa CINAMOD al trabajar con las comunidades costeras y el p\u00fablico en general para mejorar la preparaci\u00f3n ante tsunamis ha sido una gran contribuci\u00f3n. Hemos establecido un centro de alerta de tsunamis y estamos vigilantes ante cualquier amenaza que pueda venir desde lejos, ya que aunque no tengamos la capacidad de generar un tsunami grande en nuestro territorio, podr\u00edamos ser afectados por tsunamis provenientes de otros lugares como Colombia, Nueva Zelanda o Jap\u00f3n, que podr\u00edan tener alturas mucho mayores que aquellos originados en nuestro pa\u00eds.<\/p>\n\n\n\n<p><strong>\u00bfExisten se\u00f1ales de advertencia de un tsunami inminente? \u00bfSe pueden predecir de alg\u00fan modo? \u00bfCu\u00e1nto tiempo de anticipaci\u00f3n podemos tener antes de que ocurran? \u00bfC\u00f3mo pueden las comunidades costeras, aunque ya lo has mencionado bastante, prepararse mejor para un tsunami?<\/strong><\/p>\n\n\n\n<p>S\u00ed, hay se\u00f1ales naturales de un tsunami que son, como mencion\u00e9, un terremoto muy fuerte o muy prolongado, uno que sea tan intenso que todas las personas lo sientan. No me refiero a alguien caminando que no lo perciba; si est\u00e1 caminando, tambi\u00e9n lo sentir\u00e1. Se\u00f1ales como la ca\u00edda de adornos debido al movimiento del terremoto, la dificultad para mantenerse en pie son indicativos de un terremoto fuerte, y ante esta situaci\u00f3n es necesario evacuar de inmediato. Tambi\u00e9n, un terremoto que dure m\u00e1s de un minuto y sea lo suficientemente intenso es motivo de alerta.<\/p>\n\n\n\n<p>Adem\u00e1s de los terremotos, existen otras se\u00f1ales naturales de un tsunami. Por ejemplo, si estamos en la playa y observamos que el mar se retira de manera repentina o vemos olas an\u00f3malas que crecen de forma sospechosa, debemos evacuar de inmediato. No se debe perder tiempo verificando en redes sociales o esperar confirmaciones externas, ya que si lo estamos presenciando, es porque ya est\u00e1 sucediendo. Tambi\u00e9n, si escuchamos un rugido proveniente del mar, puede ser indicativo de tsunamis causados por derrumbes submarinos, de rocas, o de glaciares. En tales casos, la evacuaci\u00f3n inmediata es crucial, incluso si no se ha activado un sistema de alerta por terremoto. Ante una alerta oficial de la comisi\u00f3n de emergencias, tambi\u00e9n es esencial evacuar de inmediato. Sin embargo, es importante buscar siempre informaci\u00f3n oficial y confiable, evitando cadenas de mensajes en WhatsApp o rumores en redes sociales, optando por informaci\u00f3n oficial para tomar decisiones.<\/p>\n\n\n\n<p><strong>\u00bfEl cambio clim\u00e1tico tambi\u00e9n incide en la frecuencia y la intensidad de los tsunamis o no tiene nada que ver?<\/strong><\/p>\n\n\n\n<p>El cambio clim\u00e1tico podr\u00eda afectar indirectamente el impacto de un tsunami, pero no de manera directa. \u00bfA qu\u00e9 me refiero? Bueno, el cambio clim\u00e1tico puede provocar erosi\u00f3n costera, reduciendo as\u00ed la extensi\u00f3n de las playas. Si un tsunami ocurre en este escenario, podr\u00eda encontrarse con las casas m\u00e1s cercanas debido a la erosi\u00f3n, ya que la costa se ha reducido. Del mismo modo, el aumento del nivel del mar, consecuencia del cambio clim\u00e1tico, podr\u00eda implicar que, al ocurrir un tsunami, las viviendas est\u00e9n m\u00e1s expuestas al peligro al encontrarse m\u00e1s cercanas al mar de lo que estaban antes.<\/p>\n\n\n\n<p>En latitudes polares, el cambio clim\u00e1tico puede causar colapsos y desprendimientos de glaciares que podr\u00edan generar tsunamis de manera directa. Sin embargo, este no es el caso en nuestras latitudes. Eso ser\u00eda todo al respecto.<\/p>\n","protected":false},"excerpt":{"rendered":"<p>Silvia Chac\u00f3n creci\u00f3 entre dos familias. Viv\u00eda sobre todo en casa de la mam\u00e1, matem\u00e1tica; y pasaba uno o dos d\u00edas con su pap\u00e1, qu\u00edmico. Y compart\u00eda el tiempo con todos sus hermanos. En ambas familias se hablaba mucho de ciencia, en una de qu\u00edmica y en la otra de matem\u00e1ticas.&nbsp; Ahora es toda experta [&hellip;]<\/p>\n","protected":false},"author":14,"featured_media":3318,"comment_status":"open","ping_status":"open","sticky":false,"template":"","format":"standard","meta":{"_links_to":"","_links_to_target":""},"categories":[392],"tags":[65,1089,1087,1090,447,1042,1088],"yoast_head":"<!-- This site is optimized with the Yoast SEO plugin v20.2.1 - https:\/\/yoast.com\/wordpress\/plugins\/seo\/ -->\n<title>Silvia Chac\u00f3n - Ticas poderosas<\/title>\n<meta name=\"robots\" content=\"index, follow, max-snippet:-1, max-image-preview:large, max-video-preview:-1\" \/>\n<link rel=\"canonical\" href=\"http:\/\/ticaspoderosas.com\/index.php\/silvia-chacon\/\" \/>\n<meta property=\"og:locale\" content=\"es_ES\" \/>\n<meta property=\"og:type\" content=\"article\" \/>\n<meta property=\"og:title\" content=\"Silvia Chac\u00f3n - Ticas poderosas\" \/>\n<meta property=\"og:description\" content=\"Silvia Chac\u00f3n creci\u00f3 entre dos familias. Viv\u00eda sobre todo en casa de la mam\u00e1, matem\u00e1tica; y pasaba uno o dos d\u00edas con su pap\u00e1, qu\u00edmico. Y compart\u00eda el tiempo con todos sus hermanos. En ambas familias se hablaba mucho de ciencia, en una de qu\u00edmica y en la otra de matem\u00e1ticas.&nbsp; Ahora es toda experta [&hellip;]\" \/>\n<meta property=\"og:url\" content=\"http:\/\/ticaspoderosas.com\/index.php\/silvia-chacon\/\" \/>\n<meta property=\"og:site_name\" content=\"Ticas poderosas\" \/>\n<meta property=\"article:publisher\" content=\"https:\/\/www.facebook.com\/Ticas-Poderosas-117994322976683\" \/>\n<meta property=\"article:published_time\" content=\"2024-01-04T22:00:09+00:00\" \/>\n<meta property=\"article:modified_time\" content=\"2024-03-06T01:01:35+00:00\" \/>\n<meta property=\"og:image\" content=\"http:\/\/ticaspoderosas.com\/wp-content\/uploads\/2024\/01\/WEB-SILVIA-CHACON.jpg\" \/>\n\t<meta property=\"og:image:width\" content=\"893\" \/>\n\t<meta property=\"og:image:height\" content=\"470\" \/>\n\t<meta property=\"og:image:type\" content=\"image\/jpeg\" \/>\n<meta name=\"author\" content=\"Daniel Zueras\" \/>\n<meta name=\"twitter:card\" content=\"summary_large_image\" \/>\n<script type=\"application\/ld+json\" class=\"yoast-schema-graph\">{\"@context\":\"https:\/\/schema.org\",\"@graph\":[{\"@type\":\"Article\",\"@id\":\"http:\/\/ticaspoderosas.com\/index.php\/silvia-chacon\/#article\",\"isPartOf\":{\"@id\":\"http:\/\/ticaspoderosas.com\/index.php\/silvia-chacon\/\"},\"author\":{\"name\":\"Daniel Zueras\",\"@id\":\"http:\/\/ticaspoderosas.com\/#\/schema\/person\/05764d71e232275bacd288ddf8ac998a\"},\"headline\":\"Silvia Chac\u00f3n\",\"datePublished\":\"2024-01-04T22:00:09+00:00\",\"dateModified\":\"2024-03-06T01:01:35+00:00\",\"mainEntityOfPage\":{\"@id\":\"http:\/\/ticaspoderosas.com\/index.php\/silvia-chacon\/\"},\"wordCount\":2731,\"commentCount\":0,\"publisher\":{\"@id\":\"http:\/\/ticaspoderosas.com\/#organization\"},\"keywords\":[\"Costa Rica\",\"oceanograf\u00eda\",\"Silvia Chac\u00f3n\",\"Sistema de Alerta Temprana contra Tsunamis\",\"Ticas Poderosas\",\"Ticas Poderosas 3\",\"tsunamis\"],\"articleSection\":[\"Entrevistas\"],\"inLanguage\":\"es\",\"potentialAction\":[{\"@type\":\"CommentAction\",\"name\":\"Comment\",\"target\":[\"http:\/\/ticaspoderosas.com\/index.php\/silvia-chacon\/#respond\"]}]},{\"@type\":\"WebPage\",\"@id\":\"http:\/\/ticaspoderosas.com\/index.php\/silvia-chacon\/\",\"url\":\"http:\/\/ticaspoderosas.com\/index.php\/silvia-chacon\/\",\"name\":\"Silvia Chac\u00f3n - Ticas poderosas\",\"isPartOf\":{\"@id\":\"http:\/\/ticaspoderosas.com\/#website\"},\"datePublished\":\"2024-01-04T22:00:09+00:00\",\"dateModified\":\"2024-03-06T01:01:35+00:00\",\"breadcrumb\":{\"@id\":\"http:\/\/ticaspoderosas.com\/index.php\/silvia-chacon\/#breadcrumb\"},\"inLanguage\":\"es\",\"potentialAction\":[{\"@type\":\"ReadAction\",\"target\":[\"http:\/\/ticaspoderosas.com\/index.php\/silvia-chacon\/\"]}]},{\"@type\":\"BreadcrumbList\",\"@id\":\"http:\/\/ticaspoderosas.com\/index.php\/silvia-chacon\/#breadcrumb\",\"itemListElement\":[{\"@type\":\"ListItem\",\"position\":1,\"name\":\"Portada\",\"item\":\"http:\/\/ticaspoderosas.com\/\"},{\"@type\":\"ListItem\",\"position\":2,\"name\":\"Silvia Chac\u00f3n\"}]},{\"@type\":\"WebSite\",\"@id\":\"http:\/\/ticaspoderosas.com\/#website\",\"url\":\"http:\/\/ticaspoderosas.com\/\",\"name\":\"Ticas Poderosas\",\"description\":\"Plataforma multimedia\",\"publisher\":{\"@id\":\"http:\/\/ticaspoderosas.com\/#organization\"},\"potentialAction\":[{\"@type\":\"SearchAction\",\"target\":{\"@type\":\"EntryPoint\",\"urlTemplate\":\"http:\/\/ticaspoderosas.com\/?s={search_term_string}\"},\"query-input\":\"required name=search_term_string\"}],\"inLanguage\":\"es\"},{\"@type\":\"Organization\",\"@id\":\"http:\/\/ticaspoderosas.com\/#organization\",\"name\":\"Ticas Poderosas\",\"url\":\"http:\/\/ticaspoderosas.com\/\",\"logo\":{\"@type\":\"ImageObject\",\"inLanguage\":\"es\",\"@id\":\"http:\/\/ticaspoderosas.com\/#\/schema\/logo\/image\/\",\"url\":\"http:\/\/ticaspoderosas.com\/wp-content\/uploads\/2016\/09\/ticas.png\",\"contentUrl\":\"http:\/\/ticaspoderosas.com\/wp-content\/uploads\/2016\/09\/ticas.png\",\"width\":180,\"height\":180,\"caption\":\"Ticas Poderosas\"},\"image\":{\"@id\":\"http:\/\/ticaspoderosas.com\/#\/schema\/logo\/image\/\"},\"sameAs\":[\"https:\/\/www.facebook.com\/Ticas-Poderosas-117994322976683\",\"https:\/\/www.instagram.com\/ticaspoderosas\/\"]},{\"@type\":\"Person\",\"@id\":\"http:\/\/ticaspoderosas.com\/#\/schema\/person\/05764d71e232275bacd288ddf8ac998a\",\"name\":\"Daniel Zueras\",\"image\":{\"@type\":\"ImageObject\",\"inLanguage\":\"es\",\"@id\":\"http:\/\/ticaspoderosas.com\/#\/schema\/person\/image\/\",\"url\":\"http:\/\/1.gravatar.com\/avatar\/d7569af2a0c42c7d90d2cbde7849f3d2?s=96&d=mm&r=g\",\"contentUrl\":\"http:\/\/1.gravatar.com\/avatar\/d7569af2a0c42c7d90d2cbde7849f3d2?s=96&d=mm&r=g\",\"caption\":\"Daniel Zueras\"}}]}<\/script>\n<!-- \/ Yoast SEO plugin. -->","yoast_head_json":{"title":"Silvia Chac\u00f3n - Ticas poderosas","robots":{"index":"index","follow":"follow","max-snippet":"max-snippet:-1","max-image-preview":"max-image-preview:large","max-video-preview":"max-video-preview:-1"},"canonical":"http:\/\/ticaspoderosas.com\/index.php\/silvia-chacon\/","og_locale":"es_ES","og_type":"article","og_title":"Silvia Chac\u00f3n - Ticas poderosas","og_description":"Silvia Chac\u00f3n creci\u00f3 entre dos familias. Viv\u00eda sobre todo en casa de la mam\u00e1, matem\u00e1tica; y pasaba uno o dos d\u00edas con su pap\u00e1, qu\u00edmico. Y compart\u00eda el tiempo con todos sus hermanos. En ambas familias se hablaba mucho de ciencia, en una de qu\u00edmica y en la otra de matem\u00e1ticas.&nbsp; Ahora es toda experta [&hellip;]","og_url":"http:\/\/ticaspoderosas.com\/index.php\/silvia-chacon\/","og_site_name":"Ticas poderosas","article_publisher":"https:\/\/www.facebook.com\/Ticas-Poderosas-117994322976683","article_published_time":"2024-01-04T22:00:09+00:00","article_modified_time":"2024-03-06T01:01:35+00:00","og_image":[{"width":893,"height":470,"url":"http:\/\/ticaspoderosas.com\/wp-content\/uploads\/2024\/01\/WEB-SILVIA-CHACON.jpg","type":"image\/jpeg"}],"author":"Daniel Zueras","twitter_card":"summary_large_image","schema":{"@context":"https:\/\/schema.org","@graph":[{"@type":"Article","@id":"http:\/\/ticaspoderosas.com\/index.php\/silvia-chacon\/#article","isPartOf":{"@id":"http:\/\/ticaspoderosas.com\/index.php\/silvia-chacon\/"},"author":{"name":"Daniel Zueras","@id":"http:\/\/ticaspoderosas.com\/#\/schema\/person\/05764d71e232275bacd288ddf8ac998a"},"headline":"Silvia Chac\u00f3n","datePublished":"2024-01-04T22:00:09+00:00","dateModified":"2024-03-06T01:01:35+00:00","mainEntityOfPage":{"@id":"http:\/\/ticaspoderosas.com\/index.php\/silvia-chacon\/"},"wordCount":2731,"commentCount":0,"publisher":{"@id":"http:\/\/ticaspoderosas.com\/#organization"},"keywords":["Costa Rica","oceanograf\u00eda","Silvia Chac\u00f3n","Sistema de Alerta Temprana contra Tsunamis","Ticas Poderosas","Ticas Poderosas 3","tsunamis"],"articleSection":["Entrevistas"],"inLanguage":"es","potentialAction":[{"@type":"CommentAction","name":"Comment","target":["http:\/\/ticaspoderosas.com\/index.php\/silvia-chacon\/#respond"]}]},{"@type":"WebPage","@id":"http:\/\/ticaspoderosas.com\/index.php\/silvia-chacon\/","url":"http:\/\/ticaspoderosas.com\/index.php\/silvia-chacon\/","name":"Silvia Chac\u00f3n - Ticas poderosas","isPartOf":{"@id":"http:\/\/ticaspoderosas.com\/#website"},"datePublished":"2024-01-04T22:00:09+00:00","dateModified":"2024-03-06T01:01:35+00:00","breadcrumb":{"@id":"http:\/\/ticaspoderosas.com\/index.php\/silvia-chacon\/#breadcrumb"},"inLanguage":"es","potentialAction":[{"@type":"ReadAction","target":["http:\/\/ticaspoderosas.com\/index.php\/silvia-chacon\/"]}]},{"@type":"BreadcrumbList","@id":"http:\/\/ticaspoderosas.com\/index.php\/silvia-chacon\/#breadcrumb","itemListElement":[{"@type":"ListItem","position":1,"name":"Portada","item":"http:\/\/ticaspoderosas.com\/"},{"@type":"ListItem","position":2,"name":"Silvia Chac\u00f3n"}]},{"@type":"WebSite","@id":"http:\/\/ticaspoderosas.com\/#website","url":"http:\/\/ticaspoderosas.com\/","name":"Ticas Poderosas","description":"Plataforma multimedia","publisher":{"@id":"http:\/\/ticaspoderosas.com\/#organization"},"potentialAction":[{"@type":"SearchAction","target":{"@type":"EntryPoint","urlTemplate":"http:\/\/ticaspoderosas.com\/?s={search_term_string}"},"query-input":"required name=search_term_string"}],"inLanguage":"es"},{"@type":"Organization","@id":"http:\/\/ticaspoderosas.com\/#organization","name":"Ticas Poderosas","url":"http:\/\/ticaspoderosas.com\/","logo":{"@type":"ImageObject","inLanguage":"es","@id":"http:\/\/ticaspoderosas.com\/#\/schema\/logo\/image\/","url":"http:\/\/ticaspoderosas.com\/wp-content\/uploads\/2016\/09\/ticas.png","contentUrl":"http:\/\/ticaspoderosas.com\/wp-content\/uploads\/2016\/09\/ticas.png","width":180,"height":180,"caption":"Ticas Poderosas"},"image":{"@id":"http:\/\/ticaspoderosas.com\/#\/schema\/logo\/image\/"},"sameAs":["https:\/\/www.facebook.com\/Ticas-Poderosas-117994322976683","https:\/\/www.instagram.com\/ticaspoderosas\/"]},{"@type":"Person","@id":"http:\/\/ticaspoderosas.com\/#\/schema\/person\/05764d71e232275bacd288ddf8ac998a","name":"Daniel Zueras","image":{"@type":"ImageObject","inLanguage":"es","@id":"http:\/\/ticaspoderosas.com\/#\/schema\/person\/image\/","url":"http:\/\/1.gravatar.com\/avatar\/d7569af2a0c42c7d90d2cbde7849f3d2?s=96&d=mm&r=g","contentUrl":"http:\/\/1.gravatar.com\/avatar\/d7569af2a0c42c7d90d2cbde7849f3d2?s=96&d=mm&r=g","caption":"Daniel Zueras"}}]}},"_links":{"self":[{"href":"http:\/\/ticaspoderosas.com\/index.php\/wp-json\/wp\/v2\/posts\/3317"}],"collection":[{"href":"http:\/\/ticaspoderosas.com\/index.php\/wp-json\/wp\/v2\/posts"}],"about":[{"href":"http:\/\/ticaspoderosas.com\/index.php\/wp-json\/wp\/v2\/types\/post"}],"author":[{"embeddable":true,"href":"http:\/\/ticaspoderosas.com\/index.php\/wp-json\/wp\/v2\/users\/14"}],"replies":[{"embeddable":true,"href":"http:\/\/ticaspoderosas.com\/index.php\/wp-json\/wp\/v2\/comments?post=3317"}],"version-history":[{"count":2,"href":"http:\/\/ticaspoderosas.com\/index.php\/wp-json\/wp\/v2\/posts\/3317\/revisions"}],"predecessor-version":[{"id":3355,"href":"http:\/\/ticaspoderosas.com\/index.php\/wp-json\/wp\/v2\/posts\/3317\/revisions\/3355"}],"wp:featuredmedia":[{"embeddable":true,"href":"http:\/\/ticaspoderosas.com\/index.php\/wp-json\/wp\/v2\/media\/3318"}],"wp:attachment":[{"href":"http:\/\/ticaspoderosas.com\/index.php\/wp-json\/wp\/v2\/media?parent=3317"}],"wp:term":[{"taxonomy":"category","embeddable":true,"href":"http:\/\/ticaspoderosas.com\/index.php\/wp-json\/wp\/v2\/categories?post=3317"},{"taxonomy":"post_tag","embeddable":true,"href":"http:\/\/ticaspoderosas.com\/index.php\/wp-json\/wp\/v2\/tags?post=3317"}],"curies":[{"name":"wp","href":"https:\/\/api.w.org\/{rel}","templated":true}]}}