{"id":3384,"date":"2025-02-01T21:20:06","date_gmt":"2025-02-01T19:20:06","guid":{"rendered":"http:\/\/ticaspoderosas.com\/?p=3384"},"modified":"2025-03-03T01:20:54","modified_gmt":"2025-03-02T23:20:54","slug":"catalina-devandas","status":"publish","type":"post","link":"http:\/\/ticaspoderosas.com\/index.php\/catalina-devandas\/","title":{"rendered":"Catalina Devandas &#8211; Por las personas con discapacidad"},"content":{"rendered":"\n<p>Catalina creci\u00f3 en el popular barrio de Calle Blancos, rodeada de libros, m\u00fasica y cultura. Desde muy peque\u00f1a, su pap\u00e1, sindicalista y economista, y su mam\u00e1, ama de casa, fomentaron en ella la curiosidad intelectual y la sensibilidad por la justicia.<\/p>\n\n\n\n<p>Catalina naci\u00f3 con mielomeningocele. Con apenas tres a\u00f1os, explicaba a los curiosos qu\u00e9 significaba su discapacidad: \u201ccuando estaba en el vientre de mi mam\u00e1, no se form\u00f3 bien mi columna vertebral, que lleva las conexiones nerviosas del cerebro al resto del cuerpo y genera las conexiones. Por lo tanto, camino diferente o me muevo diferente\u201d. En la escuela, aunque los recreos eran un desaf\u00edo, encontr\u00f3 en las obras de teatro organizadas por su pap\u00e1 una forma de integrarse y brillar, cuando no se hablaba de la educaci\u00f3n inclusiva en Costa Rica.<\/p>\n\n\n\n<p>Catalina est\u00e1 muy agradecida al sistema educativo y sanitario p\u00fablico de Costa Rica, ya que gracias a ellos pudo tener una educaci\u00f3n de primera y una mayor calidad de vida, gracias a las operaciones que le hicieron en la CCSS.<\/p>\n\n\n\n<p>Con 18 a\u00f1os aterriz\u00f3 en la ciudad de Gante (B\u00e9lgica) en un intercambio estudiantil, donde aprendi\u00f3 flamenco (el idioma) mientras asist\u00eda a un colegio de monjas exclusivo para mujeres. En un viaje a Roma organizado por el colegio, sus compa\u00f1eras la empujaban en una silla de ruedas, la primera vez en la vida que utiliz\u00f3 una, transformando lo que podr\u00eda haber sido un desaf\u00edo en un juego lleno de alegr\u00eda.<\/p>\n\n\n\n<p>De regreso en Costa Rica, Catalina estudi\u00f3 Derecho en la UCR. Su vida universitaria estuvo marcada por el activismo, liderando movimientos estudiantiles y defendiendo causas justas. Pero no todo era f\u00e1cil: una vez, en su barrio, lider\u00f3 una protesta para que el autob\u00fas de la universidad no fuera eliminado. Cuando un vecino dijo que el bus solo era necesario por ella, llor\u00f3 en privado, pero no se rindi\u00f3. Gracias a su perseverancia, el autob\u00fas se qued\u00f3.<\/p>\n\n\n\n<p>El destino de Catalina la llev\u00f3 a trabajar en el Banco Mundial y luego en Naciones Unidas (ONU), donde dej\u00f3 huella como la primera relatora especial sobre los derechos de las personas con discapacidad. En una ocasi\u00f3n, logr\u00f3 algo hist\u00f3rico: visitar Corea del Norte, un pa\u00eds casi inaccesible. Despu\u00e9s fue representante de Costa Rica ante Naciones Unidas y en la actualidad trabaja en la Organizaci\u00f3n Internacional para las Migraciones, trabajos que siempre buscan ayudar a los que m\u00e1s lo necesitan.<\/p>\n\n\n\n<p><strong>\u00bfC\u00f3mo fue su infancia y su juventud en Costa Rica?<\/strong><\/p>\n\n\n\n<p>Crec\u00ed en un barrio popular en Calle Blancos, en Goicochea, con mi familia. Tanto mi familia nuclear (pap\u00e1, mam\u00e1, mis dos hermanas) como tambi\u00e9n muy cerca de la familia extendida. Sobre todo, muy cerca geogr\u00e1ficamente de la familia materna, que est\u00e1bamos todos cerquita en Calle Blancos. Tambi\u00e9n con mucha cercan\u00eda con la familia paterna, que tambi\u00e9n estaba en San Jos\u00e9. Tuve una infancia muy tranquila. Creo que soy un producto de la seguridad social, de la protecci\u00f3n social costarricense, porque fui a una escuela peque\u00f1a y p\u00fablica, la Santa Eufrasia Pelletier, y luego al colegio Napole\u00f3n Quesada Salazar en el centro de Guadalupe.<\/p>\n\n\n\n<p>No hab\u00eda muchas oportunidades diferentes, yo no ten\u00eda cursos adicionales o clases especiales. Era un poco la vivencia regular de una ni\u00f1a y un adolescente en esa zona en Costa Rica, sin acceso a cursos de idiomas, por ejemplo. Eso lo aprend\u00ed mucho m\u00e1s grande y por iniciativa propia.<\/p>\n\n\n\n<p>Nac\u00ed con una discapacidad. Mi pap\u00e1 me ense\u00f1\u00f3 desde muy peque\u00f1a, creo que yo ten\u00eda tres a\u00f1os cuando ya dec\u00eda que ten\u00eda mielomelingocele. Era una forma de protecci\u00f3n, porque cuando la gente me ve\u00eda caminar diferente, inevitablemente hab\u00eda miradas y preguntas, algunas veces m\u00e1s o menos sensibles. Cuando uno es tan peque\u00f1ito, es bueno tener una l\u00ednea de defensa. Yo pod\u00eda defenderme diciendo que nac\u00ed con mielomelingocele y explicaba c\u00f3mo, cuando estaba en el vientre de mi mam\u00e1, no se form\u00f3 bien mi columna vertebral, que lleva las conexiones nerviosas del cerebro al resto del cuerpo y genera las conexiones. Por lo tanto, camino diferente o me muevo diferente.<\/p>\n\n\n\n<p>Eso marc\u00f3 mi infancia, con muchos desaf\u00edos, sobre todo en la escuela primaria, donde la socializaci\u00f3n no era f\u00e1cil. Ten\u00eda compa\u00f1eros maravillosos dentro del sal\u00f3n, pero en los recreos todos se iban a correr y jugar, y hab\u00eda la percepci\u00f3n de que yo no pod\u00eda participar en esos juegos. Los recreos fueron dif\u00edciles, pero eso se corrigi\u00f3. Quiero resaltar el papel que jug\u00f3 mi pap\u00e1, buscando formas de incluirme en actividades escolares. Llevaba obras de teatro para que las hici\u00e9ramos en las presentaciones escolares, con la condici\u00f3n de que yo participara. Buscaba formas de incluirme y hacerme sentir incluida en la vida escolar. Eso era muy visionario de mi pap\u00e1 en un momento en el que no exist\u00eda una noci\u00f3n de educaci\u00f3n inclusiva en Costa Rica. Nunca tuve ning\u00fan otro tipo de acompa\u00f1amiento pedag\u00f3gico ni ajustes, era sobrevivir con lo que uno ten\u00eda.<\/p>\n\n\n\n<p>Y crec\u00ed con dos hermanas. Una hermana mayor y una hermana menor, y la mayor tambi\u00e9n era una persona con discapacidad. Cuando era peque\u00f1a, tuvo una operaci\u00f3n significativa por un c\u00e1ncer, un tumor cerebral. Esto tambi\u00e9n marc\u00f3 la vida familiar. Mi hermana falleci\u00f3 30 a\u00f1os despu\u00e9s de esa primera operaci\u00f3n. Ella tuvo una situaci\u00f3n de salud complicada que impact\u00f3 a la familia, significando muchos ajustes. Nos hizo ser m\u00e1s sensibles a las diferencias y la exclusi\u00f3n. Yo pude mantenerme incluida en la educaci\u00f3n regular p\u00fablica costarricense, pero mi hermana no tuvo esa oportunidad. Cuando termin\u00f3 la escuela primaria, no pudo continuar porque no hab\u00eda ajustes para que participara. Creo que ahora eso no ser\u00eda posible en Costa Rica, espero. Pero hace 30 o 40 a\u00f1os, fue un desaf\u00edo importante para la familia.<\/p>\n\n\n\n<p><strong>\u00bfTuvo todas las oportunidades?<\/strong><\/p>\n\n\n\n<figure class=\"wp-block-embed is-type-video is-provider-youtube wp-block-embed-youtube wp-embed-aspect-16-9 wp-has-aspect-ratio\"><div class=\"wp-block-embed__wrapper\">\n<iframe loading=\"lazy\" title=\"Catalina Devandas: \u00bfTuvo todas las oportunidades?\" width=\"750\" height=\"422\" src=\"https:\/\/www.youtube.com\/embed\/TnDfpV76FUI?feature=oembed\" frameborder=\"0\" allow=\"accelerometer; autoplay; clipboard-write; encrypted-media; gyroscope; picture-in-picture; web-share\" referrerpolicy=\"strict-origin-when-cross-origin\" allowfullscreen><\/iframe>\n<\/div><\/figure>\n\n\n\n<p><strong>\u00bfEn B\u00e9lgica?<\/strong><\/p>\n\n\n\n<p>S\u00ed, en B\u00e9lgica. Y bueno, aprend\u00ed a hablar flamenco. Ahora, despu\u00e9s de tantos a\u00f1os, pero en ese momento era muy divertido porque era fluida en flamenco y fue mi primer idioma despu\u00e9s del espa\u00f1ol. Y bueno, esa experiencia fue maravillosa. Creo que me demostr\u00f3 que pod\u00eda vivir sola, conocer, sobrevivir. Esa experiencia de intercambio marc\u00f3 para m\u00ed un antes y un despu\u00e9s en entender las diferencias culturales. Viv\u00ed con una familia diametralmente opuesta a la m\u00eda: todos alt\u00edsimos, rubios, con bastantes recursos econ\u00f3micos, y con una posici\u00f3n pol\u00edtica completamente diferente a la que yo viv\u00eda. Viv\u00ed con ellos un a\u00f1o y se convirtieron en mi familia. Fue una experiencia de apertura intercultural maravillosa.<\/p>\n\n\n\n<p><strong>\u00bfEn qu\u00e9 ciudad estaba?<\/strong><\/p>\n\n\n\n<p>En Gante. Iba a una escuela de mujeres, solo de mujeres, lo cual para m\u00ed era extra\u00f1\u00edsimo. En Costa Rica creo que solo exist\u00eda el Colegio de Se\u00f1oritas, y ya era algo muy desfasado tener colegios solo de mujeres. Entonces, fue una experiencia muy divertida en un colegio de monjas, de mujeres.<\/p>\n\n\n\n<p><strong>\u00bfY volvi\u00f3 a Costa Rica para estudiar Derecho, no?<\/strong><\/p>\n\n\n\n<p>Exacto, s\u00ed, para la frustraci\u00f3n de mi pap\u00e1, que quer\u00eda que estudi\u00e1ramos ciencias. Dec\u00eda que las ciencias sociales no ten\u00edan futuro. Pero s\u00ed, volv\u00ed. Me gustaba mucho la filosof\u00eda y tuve profesores maravillosos en el colegio Napole\u00f3n Quesada: el profesor de castellano, el profesor de filosof\u00eda, don Victoriano. Le dije que quer\u00eda estudiar filosof\u00eda y \u00e9l me dijo: \u00abNo, no, usted no estudie filosof\u00eda, estudie Derecho. Ah\u00ed encontrar\u00e1 toda la filosof\u00eda que quiera, pero tambi\u00e9n se va a poder ganar la vida\u00bb. Entonces s\u00ed, as\u00ed empec\u00e9 a estudiar Derecho.<\/p>\n\n\n\n<p><strong>\u00bfEn ning\u00fan momento, los problemas de movilidad afectaron su viaje a B\u00e9lgica, siendo la verdad que adem\u00e1s sal\u00eda del pa\u00eds sola, etc\u00e9tera, pero despu\u00e9s tambi\u00e9n en el colegio, en la universidad?<\/strong><\/p>\n\n\n\n<figure class=\"wp-block-embed is-type-video is-provider-youtube wp-block-embed-youtube wp-embed-aspect-16-9 wp-has-aspect-ratio\"><div class=\"wp-block-embed__wrapper\">\n<iframe loading=\"lazy\" title=\"Catalina Devandas: \u00bfC\u00f3mo le afectaron los problemas de movilidad?\" width=\"750\" height=\"422\" src=\"https:\/\/www.youtube.com\/embed\/sFY1FGrLADs?feature=oembed\" frameborder=\"0\" allow=\"accelerometer; autoplay; clipboard-write; encrypted-media; gyroscope; picture-in-picture; web-share\" referrerpolicy=\"strict-origin-when-cross-origin\" allowfullscreen><\/iframe>\n<\/div><\/figure>\n\n\n\n<p><strong>Tras terminar la universidad, \u00bftrabaj\u00f3 en la empresa privada en Costa Rica?<\/strong><\/p>\n\n\n\n<p>No, en la universidad fui parte del Consejo Universitario, miembro del gobierno estudiantil y muy activa en la Federaci\u00f3n del Combo. Empec\u00e9 a trabajar en FUNDEVI, la fundaci\u00f3n de la Universidad de Costa Rica. Aunque era privado, siempre estaba muy vinculado. De ah\u00ed me fui al Banco Mundial en 2004.<\/p>\n\n\n\n<p><strong>Y luego en 2014 en Naciones Unidas. \u00bfQu\u00e9 supuso para usted ser la primera relatora especial de Naciones Unidas sobre los derechos de las personas con discapacidad?<\/strong><\/p>\n\n\n\n<figure class=\"wp-block-embed is-type-video is-provider-youtube wp-block-embed-youtube wp-embed-aspect-16-9 wp-has-aspect-ratio\"><div class=\"wp-block-embed__wrapper\">\n<iframe loading=\"lazy\" title=\"Catalina Devandas: \u00bfSer la primera relatora sobre los derechos de las personas con discapacidad?\" width=\"750\" height=\"422\" src=\"https:\/\/www.youtube.com\/embed\/PSJ7-0mvKLU?feature=oembed\" frameborder=\"0\" allow=\"accelerometer; autoplay; clipboard-write; encrypted-media; gyroscope; picture-in-picture; web-share\" referrerpolicy=\"strict-origin-when-cross-origin\" allowfullscreen><\/iframe>\n<\/div><\/figure>\n\n\n\n<p><strong>Claro, ya como relatora fue incluso la primera miembro de Naciones Unidas que pudo viajar oficialmente a Corea del Norte. \u00bfC\u00f3mo surgi\u00f3 ese viaje y le facilitaron la labor, porque lo que se suele hablar de Corea del Norte es que no facilitan estos trabajos?<\/strong><\/p>\n\n\n\n<p>Eso fue bastante interesante porque cuando era relatora, el relator de Corea del Norte, a quien nunca le permit\u00edan acceso, hizo un informe y recomend\u00f3 que la relatora visite el pa\u00eds, sugiriendo que hab\u00eda desarrollos importantes en el tema de las personas con discapacidad. Yo convers\u00e9 con \u00e9l y varios gobiernos se me acercaron, me preguntaron si vi la recomendaci\u00f3n, y yo dije que s\u00ed. Era un momento complicado, con alta tensi\u00f3n con Corea del Norte, como un a\u00f1o antes de que el presidente Trump decidiera acercarse al pa\u00eds. Hab\u00eda tensiones alt\u00edsimas, tanto que Naciones Unidas estaba evacuando. Tomamos la decisi\u00f3n con el equipo de preguntar y ver si hab\u00eda alg\u00fan tipo de apertura. La primera vez que nos acercamos a un delegado de Corea del Norte, hubo un silencio de varios meses y de repente nos lleg\u00f3 la noticia de que el pa\u00eds hab\u00eda ratificado la convenci\u00f3n sobre los derechos de las personas con discapacidad. Me sent\u00ed bastante satisfecha porque la pregunta gener\u00f3 la ratificaci\u00f3n y luego me invitaron. La visita fue monitoreada, poco acceso, pero el gobierno facilit\u00f3 la visita. Hicieron accesibles los lugares a los que iba con rampas. No me hicieron visitar lugares no accesibles. Lo m\u00e1s interesante es que la experiencia de discriminaci\u00f3n que enfrentan las personas con discapacidad es tan universal que la conexi\u00f3n con las comunidades de personas con discapacidad ah\u00ed era directa, incluso con los censores que trataban de controlar lo que se dec\u00eda.&nbsp;<\/p>\n\n\n\n<p>Entonces, cuando una persona llegaba y me dec\u00eda: \u00abYo, por ejemplo, como en este pa\u00eds tengo acceso a la educaci\u00f3n, pero solo puedo mover la mano. Entonces, a m\u00ed me dijeron que ten\u00eda que ser poeta.\u00bb Entonces, contaba: \u00abA m\u00ed me llegaban a dar clases, sub\u00edan a darme clases y despu\u00e9s lo correg\u00edan y dec\u00edan &#8216;No, no, \u00e9l viv\u00eda en un primer piso y, por supuesto, pod\u00eda ir a la escuela&#8217;, pero ya la traducci\u00f3n hab\u00eda salido, \u00bfno?\u00bb Porque para los traductores eso no era tan importante, \u00bfno?<\/p>\n\n\n\n<p>Cosas interesantes tambi\u00e9n, como en el mundo entero, a muy pocos pa\u00edses se preocupan por la lengua de se\u00f1as. En Corea del Norte, gracias a la Federaci\u00f3n Mundial de Sordos, los sordos tienen acceso a su propia lengua de se\u00f1as. Es el \u00fanico estado en el que he visto que el gobierno tambi\u00e9n sabe hablar lengua de se\u00f1as porque tienen que controlar c\u00f3mo se comunican las personas sordas. Desaf\u00edos como ese, y otros desaf\u00edos como hace 60 a\u00f1os en t\u00e9rminos de metodolog\u00eda. Yo no puedo decir que uno hizo una apuesta por tratar de buscar el di\u00e1logo en lugar del conflicto. Hubo algunas cosas que pasaron despu\u00e9s de eso, adem\u00e1s de la ratificaci\u00f3n de la convenci\u00f3n, pero fue una visita muy dif\u00edcil a nivel personal porque el control es muy fuerte y se siente. Uno sabe que en la habitaci\u00f3n del hotel te est\u00e1n oyendo lo que est\u00e1s diciendo, que en el restaurante te est\u00e1n oyendo, que en el carro te est\u00e1n oyendo, y se siente. Ya al tercer, cuarto d\u00eda uno empieza a tener una experiencia muy diferente. Pero lo hicimos y fue una incre\u00edble experiencia. Por lo menos creo que algunas de las recomendaciones, en alg\u00fan momento discut\u00edamos y yo t\u00e9cnicamente me negaba a ceder, dec\u00eda: \u00abNo, esta es una negociaci\u00f3n t\u00e9cnica y no voy a entrar en una discusi\u00f3n de si podemos cambiar el lenguaje o no. Esto es lo que es.\u00bb Creo que esa libertad solo una persona que discute los derechos de las personas con discapacidad lo puede tener en ese pa\u00eds. Fue muy emocionante ver a algunos l\u00edderes que se emocionaban mucho y gente que me agradec\u00eda porque hab\u00eda planeado algunas otras visitas en el pasado, pero al final la gente no iba. Pero la situaci\u00f3n es muy lamentable para la poblaci\u00f3n y ojal\u00e1 que alg\u00fan d\u00eda cambie.<\/p>\n\n\n\n<p><strong>Sali\u00f3 de la relator\u00eda y sigui\u00f3 en Naciones Unidas, pero como representante permanente de Costa Rica ante la ONU. \u00bfC\u00f3mo fue representar a su pa\u00eds ante un organismo que ya conoc\u00eda bien?<\/strong><\/p>\n\n\n\n<p>Nuevamente, un gran honor. Para m\u00ed, volver a conectar con Costa Rica despu\u00e9s de muchos a\u00f1os fuera, no tener tanto contacto directo con el pa\u00eds fue realmente importante porque las iniciativas que Costa Rica estaba llevando en los diferentes espacios, las diferentes organizaciones, en la Organizaci\u00f3n Mundial de la Salud, en el Consejo de Derechos Humanos, eran iniciativas muy importantes y muy progresistas con respecto a los derechos humanos.&nbsp;<\/p>\n\n\n\n<p>Sin embargo, fue muy interesante para m\u00ed, viviendo en la misma ciudad e interactuando con la misma gente, cambiar de rol. Cambiar mi papel fue tambi\u00e9n descubrir una nueva ciudad. Cuando iba como relatora, todo se acomodaba, la gente sab\u00eda. Pero cuando iba como embajadora, todo cambiaba un poco. La gente no sab\u00eda mucho al principio qu\u00e9 hacer.&nbsp;<\/p>\n\n\n\n<p>Me acuerdo que tuve un encuentro porque uno hace visitas de cortes\u00eda a los diferentes embajadores y a los l\u00edderes de las agencias internacionales. Un l\u00edder de una agencia me recibe, viene por el pasillo y me ve en la silla de ruedas y dice: \u00abEmbajadora, \u00bfqu\u00e9 le pas\u00f3?\u00bb Me acuerdo que yo me volv\u00ed a ver y dije: \u00ab\u00bfTengo espagueti en la camisa?\u00bb Est\u00e1bamos los dos en diferentes canales. Mi experta estaba enojada porque dec\u00eda c\u00f3mo es posible que no le hayan avisado. Yo no hab\u00eda cambiado, estaba muy bien. Lo que quiero decir es el contraste: la misma ciudad, las mismas personas, pero diferentes expectativas. Era una embajadora muy visible y, con buenas ideas gestionadas desde la canciller\u00eda, ten\u00eda una plataforma muy rica. Cuando estuvimos en la misi\u00f3n, Costa Rica lider\u00f3 el proceso que llev\u00f3 al reconocimiento del derecho al ambiente sano. La comunidad internacional pas\u00f3 m\u00e1s de 50 a\u00f1os tratando de que el derecho al ambiente se reconociera como un derecho humano. Lo logramos, logramos que el Consejo de Derechos Humanos lo hiciera, fue un proceso intenso y emocionante. Para m\u00ed, fue una gran responsabilidad representar a un pa\u00eds del que me siento profundamente orgullosa. Estoy preocupada de ver c\u00f3mo estamos perdiendo muchos de los espacios y las conquistas sociales que se lograron. Tener la oportunidad de hablar y defender lo que el pa\u00eds hac\u00eda fue un honor. Mi equipo, con un compa\u00f1ero peruano, una compa\u00f1era suiza y un compa\u00f1ero argentino, me dec\u00eda que a veces ten\u00eda un \u00abmomento costarricense\u00bb porque no entend\u00eda c\u00f3mo ciertas cosas pod\u00edan pasar cuando en Costa Rica tenemos instituciones s\u00f3lidas. Cuando pas\u00e9 a ser embajadora, pude decir que las cosas en Costa Rica se pueden hacer diferentes. Fue una gran oportunidad y honor. Se hicieron cosas muy importantes.<\/p>\n\n\n\n<p><strong>\u00bfQu\u00e9 tan concienciada est\u00e1 la gente, especialmente en Costa Rica, sobre los derechos de las personas con discapacidad? \u00bfHemos avanzado?<\/strong><\/p>\n\n\n\n<p>S\u00ed, mira, Costa Rica ha avanzado mucho, pero no lo suficiente. El tema m\u00e1s atrasado es el del transporte p\u00fablico. Es una barbaridad que las personas con discapacidad f\u00edsica no tengan acceso al transporte p\u00fablico. Sin embargo, en otras \u00e1reas se ha avanzado mucho. Hay mayor acceso f\u00edsico, se ven entradas y rampas, tambi\u00e9n en el tema educativo. La experiencia de mi hermana y las experiencias ahora muestran avances en ajustes curriculares y centros de apoyo. Eso no quiere decir que no haya desaf\u00edos, sobre todo para personas con mayores necesidades de apoyo, pero se ha avanzado mucho en los \u00faltimos 30 a\u00f1os. Costa Rica fue el primer pa\u00eds en aprobar una ley que reconoc\u00eda plenamente la capacidad jur\u00eddica de las personas con discapacidad, lo que fue un cambio paradigm\u00e1tico. Costa Rica tambi\u00e9n tiene una pol\u00edtica importante sobre los asistentes personales, aunque hay un tema de recursos porque no se est\u00e1 pagando por esos asistentes, y para las personas que necesitan asistentes para vivir, es fundamental.<\/p>\n\n\n\n<p>Y luego tenemos grandes desaf\u00edos en el \u00e1rea de instituciones. Mire, por ejemplo, cuando Mar\u00eda Elena Chac\u00f3n fue vicepresidenta de la Rep\u00fablica, el cierre de los hospitales psiqui\u00e1tricos de larga estancia fue un triunfo important\u00edsimo en Costa Rica. Pero aparejado a eso, ahora tenemos un mont\u00f3n de instituciones en donde hay personas con discapacidad que est\u00e1n en estado de abandono, donde sufren violencia, donde arriesgan su vida y se toman decisiones arbitrarias como cerrar esos lugares sin generar planes adecuados para permitir la integraci\u00f3n y la inclusi\u00f3n de esas personas. Entonces, bueno, es un proceso. Yo no puedo decir que estamos bien, pero s\u00ed se ha avanzado. Y desde luego, con respecto a los \u00faltimos 30 a\u00f1os y despu\u00e9s de la adopci\u00f3n de la convenci\u00f3n, se ha avanzado. Falta, falta much\u00edsimo. Hay mucha discriminaci\u00f3n todav\u00eda para personas ciegas, en acceso a los sectores bancarios, por ejemplo, al uso de las plataformas, internet, etc\u00e9tera. Pero bueno, alvieros somos y en el camino andamos.<\/p>\n\n\n\n<p><strong>\u00bfY hay una visi\u00f3n integral en la sociedad y en el gobierno de Costa Rica ante los principales problemas que sufren las personas con discapacidad?<\/strong><\/p>\n\n\n\n<p>No estoy actualizada en este momento con respecto a las pol\u00edticas nacionales, pero usted sabr\u00e1 que hace poco hubo la revisi\u00f3n por el comit\u00e9 de expertos de la convenci\u00f3n a Costa Rica y no nos fue bien, \u00bfverdad? Creo que uno de los principales problemas es que no se est\u00e1n designando los recursos necesarios para la inversi\u00f3n que har\u00eda la diferencia. Se ha empezado a disminuir significativamente el apoyo al CONAPDIS, que adem\u00e1s nunca fue una instituci\u00f3n demasiado grande, debi\u00f3 haber sido una instituci\u00f3n much\u00edsimo m\u00e1s grande y tampoco hay una respuesta integral. S\u00ed ha habido muchos esfuerzos y planes, pero yo siento que en los \u00faltimos a\u00f1os ha habido un retroceso.<\/p>\n\n\n\n<p><strong>Desde hace unos pocos meses est\u00e1 trabajando en la Organizaci\u00f3n Internacional para las Migraciones, en el momento de la historia en el que m\u00e1s se migra. Sin embargo, est\u00e1 habiendo una reacci\u00f3n muy fuerte en muchos pa\u00edses contra los migrantes. \u00bfVivimos un ambiente conservador en este sentido, atacando a los migrantes, culpabiliz\u00e1ndolos de todo?<\/strong><\/p>\n\n\n\n<figure class=\"wp-block-embed is-type-video is-provider-youtube wp-block-embed-youtube wp-embed-aspect-16-9 wp-has-aspect-ratio\"><div class=\"wp-block-embed__wrapper\">\n<iframe loading=\"lazy\" title=\"Catalina Devandas: Ahora en la OIM. \u00bfVivimos una reacci\u00f3n global contra los migrantes?\" width=\"750\" height=\"422\" src=\"https:\/\/www.youtube.com\/embed\/tzah8mEQv3k?feature=oembed\" frameborder=\"0\" allow=\"accelerometer; autoplay; clipboard-write; encrypted-media; gyroscope; picture-in-picture; web-share\" referrerpolicy=\"strict-origin-when-cross-origin\" allowfullscreen><\/iframe>\n<\/div><\/figure>\n\n\n\n<p><strong>Costa Rica, como bien ha comentado, ha sido tradicionalmente un pa\u00eds de acogida, pero en estos \u00faltimos a\u00f1os lamentablemente ese tipo de discursos xenof\u00f3bicos, populistas, parece que est\u00e1n calando un poco m\u00e1s hondo, sobre todo con el tema de la crisis venezolana, tambi\u00e9n el tema de Nicaragua que se ha puesto m\u00e1s exponencial en los \u00faltimos a\u00f1os. \u00bfSe est\u00e1 volviendo Costa Rica un pa\u00eds m\u00e1s xen\u00f3fobo o cree que es algo circunstancial lo que est\u00e1 pasando?<\/strong><\/p>\n\n\n\n<figure class=\"wp-block-embed is-type-video is-provider-youtube wp-block-embed-youtube wp-embed-aspect-16-9 wp-has-aspect-ratio\"><div class=\"wp-block-embed__wrapper\">\n<iframe loading=\"lazy\" title=\"Catalina Devandas: \u00bfEst\u00e1 ocurriendo en Costa Rica? \u00bfSomos ahora m\u00e1s xen\u00f3fobos?\" width=\"750\" height=\"422\" src=\"https:\/\/www.youtube.com\/embed\/ntMq8sa11wo?feature=oembed\" frameborder=\"0\" allow=\"accelerometer; autoplay; clipboard-write; encrypted-media; gyroscope; picture-in-picture; web-share\" referrerpolicy=\"strict-origin-when-cross-origin\" allowfullscreen><\/iframe>\n<\/div><\/figure>\n\n\n\n<figure class=\"wp-block-image size-full\"><img decoding=\"async\" loading=\"lazy\" width=\"900\" height=\"900\" src=\"http:\/\/ticaspoderosas.com\/wp-content\/uploads\/2025\/02\/catalina-devandas-web.jpg\" alt=\"\" class=\"wp-image-3386\" srcset=\"http:\/\/ticaspoderosas.com\/wp-content\/uploads\/2025\/02\/catalina-devandas-web.jpg 900w, http:\/\/ticaspoderosas.com\/wp-content\/uploads\/2025\/02\/catalina-devandas-web-300x300.jpg 300w, http:\/\/ticaspoderosas.com\/wp-content\/uploads\/2025\/02\/catalina-devandas-web-150x150.jpg 150w, http:\/\/ticaspoderosas.com\/wp-content\/uploads\/2025\/02\/catalina-devandas-web-768x768.jpg 768w, http:\/\/ticaspoderosas.com\/wp-content\/uploads\/2025\/02\/catalina-devandas-web-200x200.jpg 200w, http:\/\/ticaspoderosas.com\/wp-content\/uploads\/2025\/02\/catalina-devandas-web-400x400.jpg 400w\" sizes=\"(max-width: 900px) 100vw, 900px\" \/><figcaption class=\"wp-element-caption\">Ilustraciones: Noelia Audisio.\u00a0<a href=\"https:\/\/www.instagram.com\/noeaudisio.art\/\" target=\"_blank\" rel=\"noreferrer noopener\">Visita su Instagram<\/a><\/figcaption><\/figure>\n","protected":false},"excerpt":{"rendered":"<p>Catalina creci\u00f3 en el popular barrio de Calle Blancos, rodeada de libros, m\u00fasica y cultura. Desde muy peque\u00f1a, su pap\u00e1, sindicalista y economista, y su mam\u00e1, ama de casa, fomentaron en ella la curiosidad intelectual y la sensibilidad por la justicia. Catalina naci\u00f3 con mielomeningocele. Con apenas tres a\u00f1os, explicaba a los curiosos qu\u00e9 significaba [&hellip;]<\/p>\n","protected":false},"author":14,"featured_media":3385,"comment_status":"open","ping_status":"open","sticky":false,"template":"","format":"standard","meta":{"_links_to":"","_links_to_target":""},"categories":[392],"tags":[1134,65,891,398,967,394,136,1151,447,1137],"yoast_head":"<!-- This site is optimized with the Yoast SEO plugin v20.2.1 - https:\/\/yoast.com\/wordpress\/plugins\/seo\/ -->\n<title>Catalina Devandas - Por las personas con discapacidad - Ticas poderosas<\/title>\n<meta name=\"robots\" content=\"index, follow, max-snippet:-1, max-image-preview:large, max-video-preview:-1\" \/>\n<link rel=\"canonical\" href=\"http:\/\/ticaspoderosas.com\/index.php\/catalina-devandas\/\" \/>\n<meta property=\"og:locale\" content=\"es_ES\" \/>\n<meta property=\"og:type\" content=\"article\" \/>\n<meta property=\"og:title\" content=\"Catalina Devandas - Por las personas con discapacidad - Ticas poderosas\" \/>\n<meta property=\"og:description\" content=\"Catalina creci\u00f3 en el popular barrio de Calle Blancos, rodeada de libros, m\u00fasica y cultura. Desde muy peque\u00f1a, su pap\u00e1, sindicalista y economista, y su mam\u00e1, ama de casa, fomentaron en ella la curiosidad intelectual y la sensibilidad por la justicia. Catalina naci\u00f3 con mielomeningocele. Con apenas tres a\u00f1os, explicaba a los curiosos qu\u00e9 significaba [&hellip;]\" \/>\n<meta property=\"og:url\" content=\"http:\/\/ticaspoderosas.com\/index.php\/catalina-devandas\/\" \/>\n<meta property=\"og:site_name\" content=\"Ticas poderosas\" \/>\n<meta property=\"article:publisher\" content=\"https:\/\/www.facebook.com\/Ticas-Poderosas-117994322976683\" \/>\n<meta property=\"article:published_time\" content=\"2025-02-01T19:20:06+00:00\" \/>\n<meta property=\"article:modified_time\" content=\"2025-03-02T23:20:54+00:00\" \/>\n<meta property=\"og:image\" content=\"http:\/\/ticaspoderosas.com\/wp-content\/uploads\/2025\/02\/CATALINA-DEVANDAS.jpg\" \/>\n\t<meta property=\"og:image:width\" content=\"1306\" \/>\n\t<meta property=\"og:image:height\" content=\"749\" \/>\n\t<meta property=\"og:image:type\" content=\"image\/jpeg\" \/>\n<meta name=\"author\" content=\"Daniel Zueras\" \/>\n<meta name=\"twitter:card\" content=\"summary_large_image\" \/>\n<script type=\"application\/ld+json\" class=\"yoast-schema-graph\">{\"@context\":\"https:\/\/schema.org\",\"@graph\":[{\"@type\":\"Article\",\"@id\":\"http:\/\/ticaspoderosas.com\/index.php\/catalina-devandas\/#article\",\"isPartOf\":{\"@id\":\"http:\/\/ticaspoderosas.com\/index.php\/catalina-devandas\/\"},\"author\":{\"name\":\"Daniel Zueras\",\"@id\":\"http:\/\/ticaspoderosas.com\/#\/schema\/person\/05764d71e232275bacd288ddf8ac998a\"},\"headline\":\"Catalina Devandas &#8211; Por las personas con discapacidad\",\"datePublished\":\"2025-02-01T19:20:06+00:00\",\"dateModified\":\"2025-03-02T23:20:54+00:00\",\"mainEntityOfPage\":{\"@id\":\"http:\/\/ticaspoderosas.com\/index.php\/catalina-devandas\/\"},\"wordCount\":3435,\"commentCount\":0,\"publisher\":{\"@id\":\"http:\/\/ticaspoderosas.com\/#organization\"},\"keywords\":[\"Catalina Devandas\",\"Costa Rica\",\"Cuentos para so\u00f1ar\",\"igualdad\",\"Libro Ticas Poderosas\",\"Mujer\",\"Naciones Unidas\",\"OIM\",\"Ticas Poderosas\",\"Ticas Poderosas 4\"],\"articleSection\":[\"Entrevistas\"],\"inLanguage\":\"es\",\"potentialAction\":[{\"@type\":\"CommentAction\",\"name\":\"Comment\",\"target\":[\"http:\/\/ticaspoderosas.com\/index.php\/catalina-devandas\/#respond\"]}]},{\"@type\":\"WebPage\",\"@id\":\"http:\/\/ticaspoderosas.com\/index.php\/catalina-devandas\/\",\"url\":\"http:\/\/ticaspoderosas.com\/index.php\/catalina-devandas\/\",\"name\":\"Catalina Devandas - Por las personas con discapacidad - Ticas poderosas\",\"isPartOf\":{\"@id\":\"http:\/\/ticaspoderosas.com\/#website\"},\"datePublished\":\"2025-02-01T19:20:06+00:00\",\"dateModified\":\"2025-03-02T23:20:54+00:00\",\"breadcrumb\":{\"@id\":\"http:\/\/ticaspoderosas.com\/index.php\/catalina-devandas\/#breadcrumb\"},\"inLanguage\":\"es\",\"potentialAction\":[{\"@type\":\"ReadAction\",\"target\":[\"http:\/\/ticaspoderosas.com\/index.php\/catalina-devandas\/\"]}]},{\"@type\":\"BreadcrumbList\",\"@id\":\"http:\/\/ticaspoderosas.com\/index.php\/catalina-devandas\/#breadcrumb\",\"itemListElement\":[{\"@type\":\"ListItem\",\"position\":1,\"name\":\"Portada\",\"item\":\"http:\/\/ticaspoderosas.com\/\"},{\"@type\":\"ListItem\",\"position\":2,\"name\":\"Catalina Devandas &#8211; Por las personas con discapacidad\"}]},{\"@type\":\"WebSite\",\"@id\":\"http:\/\/ticaspoderosas.com\/#website\",\"url\":\"http:\/\/ticaspoderosas.com\/\",\"name\":\"Ticas Poderosas\",\"description\":\"Plataforma multimedia\",\"publisher\":{\"@id\":\"http:\/\/ticaspoderosas.com\/#organization\"},\"potentialAction\":[{\"@type\":\"SearchAction\",\"target\":{\"@type\":\"EntryPoint\",\"urlTemplate\":\"http:\/\/ticaspoderosas.com\/?s={search_term_string}\"},\"query-input\":\"required name=search_term_string\"}],\"inLanguage\":\"es\"},{\"@type\":\"Organization\",\"@id\":\"http:\/\/ticaspoderosas.com\/#organization\",\"name\":\"Ticas Poderosas\",\"url\":\"http:\/\/ticaspoderosas.com\/\",\"logo\":{\"@type\":\"ImageObject\",\"inLanguage\":\"es\",\"@id\":\"http:\/\/ticaspoderosas.com\/#\/schema\/logo\/image\/\",\"url\":\"http:\/\/ticaspoderosas.com\/wp-content\/uploads\/2016\/09\/ticas.png\",\"contentUrl\":\"http:\/\/ticaspoderosas.com\/wp-content\/uploads\/2016\/09\/ticas.png\",\"width\":180,\"height\":180,\"caption\":\"Ticas Poderosas\"},\"image\":{\"@id\":\"http:\/\/ticaspoderosas.com\/#\/schema\/logo\/image\/\"},\"sameAs\":[\"https:\/\/www.facebook.com\/Ticas-Poderosas-117994322976683\",\"https:\/\/www.instagram.com\/ticaspoderosas\/\"]},{\"@type\":\"Person\",\"@id\":\"http:\/\/ticaspoderosas.com\/#\/schema\/person\/05764d71e232275bacd288ddf8ac998a\",\"name\":\"Daniel Zueras\",\"image\":{\"@type\":\"ImageObject\",\"inLanguage\":\"es\",\"@id\":\"http:\/\/ticaspoderosas.com\/#\/schema\/person\/image\/\",\"url\":\"http:\/\/1.gravatar.com\/avatar\/d7569af2a0c42c7d90d2cbde7849f3d2?s=96&d=mm&r=g\",\"contentUrl\":\"http:\/\/1.gravatar.com\/avatar\/d7569af2a0c42c7d90d2cbde7849f3d2?s=96&d=mm&r=g\",\"caption\":\"Daniel Zueras\"}}]}<\/script>\n<!-- \/ Yoast SEO plugin. -->","yoast_head_json":{"title":"Catalina Devandas - Por las personas con discapacidad - Ticas poderosas","robots":{"index":"index","follow":"follow","max-snippet":"max-snippet:-1","max-image-preview":"max-image-preview:large","max-video-preview":"max-video-preview:-1"},"canonical":"http:\/\/ticaspoderosas.com\/index.php\/catalina-devandas\/","og_locale":"es_ES","og_type":"article","og_title":"Catalina Devandas - Por las personas con discapacidad - Ticas poderosas","og_description":"Catalina creci\u00f3 en el popular barrio de Calle Blancos, rodeada de libros, m\u00fasica y cultura. Desde muy peque\u00f1a, su pap\u00e1, sindicalista y economista, y su mam\u00e1, ama de casa, fomentaron en ella la curiosidad intelectual y la sensibilidad por la justicia. Catalina naci\u00f3 con mielomeningocele. Con apenas tres a\u00f1os, explicaba a los curiosos qu\u00e9 significaba [&hellip;]","og_url":"http:\/\/ticaspoderosas.com\/index.php\/catalina-devandas\/","og_site_name":"Ticas poderosas","article_publisher":"https:\/\/www.facebook.com\/Ticas-Poderosas-117994322976683","article_published_time":"2025-02-01T19:20:06+00:00","article_modified_time":"2025-03-02T23:20:54+00:00","og_image":[{"width":1306,"height":749,"url":"http:\/\/ticaspoderosas.com\/wp-content\/uploads\/2025\/02\/CATALINA-DEVANDAS.jpg","type":"image\/jpeg"}],"author":"Daniel Zueras","twitter_card":"summary_large_image","schema":{"@context":"https:\/\/schema.org","@graph":[{"@type":"Article","@id":"http:\/\/ticaspoderosas.com\/index.php\/catalina-devandas\/#article","isPartOf":{"@id":"http:\/\/ticaspoderosas.com\/index.php\/catalina-devandas\/"},"author":{"name":"Daniel Zueras","@id":"http:\/\/ticaspoderosas.com\/#\/schema\/person\/05764d71e232275bacd288ddf8ac998a"},"headline":"Catalina Devandas &#8211; Por las personas con discapacidad","datePublished":"2025-02-01T19:20:06+00:00","dateModified":"2025-03-02T23:20:54+00:00","mainEntityOfPage":{"@id":"http:\/\/ticaspoderosas.com\/index.php\/catalina-devandas\/"},"wordCount":3435,"commentCount":0,"publisher":{"@id":"http:\/\/ticaspoderosas.com\/#organization"},"keywords":["Catalina Devandas","Costa Rica","Cuentos para so\u00f1ar","igualdad","Libro Ticas Poderosas","Mujer","Naciones Unidas","OIM","Ticas Poderosas","Ticas Poderosas 4"],"articleSection":["Entrevistas"],"inLanguage":"es","potentialAction":[{"@type":"CommentAction","name":"Comment","target":["http:\/\/ticaspoderosas.com\/index.php\/catalina-devandas\/#respond"]}]},{"@type":"WebPage","@id":"http:\/\/ticaspoderosas.com\/index.php\/catalina-devandas\/","url":"http:\/\/ticaspoderosas.com\/index.php\/catalina-devandas\/","name":"Catalina Devandas - Por las personas con discapacidad - Ticas poderosas","isPartOf":{"@id":"http:\/\/ticaspoderosas.com\/#website"},"datePublished":"2025-02-01T19:20:06+00:00","dateModified":"2025-03-02T23:20:54+00:00","breadcrumb":{"@id":"http:\/\/ticaspoderosas.com\/index.php\/catalina-devandas\/#breadcrumb"},"inLanguage":"es","potentialAction":[{"@type":"ReadAction","target":["http:\/\/ticaspoderosas.com\/index.php\/catalina-devandas\/"]}]},{"@type":"BreadcrumbList","@id":"http:\/\/ticaspoderosas.com\/index.php\/catalina-devandas\/#breadcrumb","itemListElement":[{"@type":"ListItem","position":1,"name":"Portada","item":"http:\/\/ticaspoderosas.com\/"},{"@type":"ListItem","position":2,"name":"Catalina Devandas &#8211; Por las personas con discapacidad"}]},{"@type":"WebSite","@id":"http:\/\/ticaspoderosas.com\/#website","url":"http:\/\/ticaspoderosas.com\/","name":"Ticas Poderosas","description":"Plataforma multimedia","publisher":{"@id":"http:\/\/ticaspoderosas.com\/#organization"},"potentialAction":[{"@type":"SearchAction","target":{"@type":"EntryPoint","urlTemplate":"http:\/\/ticaspoderosas.com\/?s={search_term_string}"},"query-input":"required name=search_term_string"}],"inLanguage":"es"},{"@type":"Organization","@id":"http:\/\/ticaspoderosas.com\/#organization","name":"Ticas Poderosas","url":"http:\/\/ticaspoderosas.com\/","logo":{"@type":"ImageObject","inLanguage":"es","@id":"http:\/\/ticaspoderosas.com\/#\/schema\/logo\/image\/","url":"http:\/\/ticaspoderosas.com\/wp-content\/uploads\/2016\/09\/ticas.png","contentUrl":"http:\/\/ticaspoderosas.com\/wp-content\/uploads\/2016\/09\/ticas.png","width":180,"height":180,"caption":"Ticas Poderosas"},"image":{"@id":"http:\/\/ticaspoderosas.com\/#\/schema\/logo\/image\/"},"sameAs":["https:\/\/www.facebook.com\/Ticas-Poderosas-117994322976683","https:\/\/www.instagram.com\/ticaspoderosas\/"]},{"@type":"Person","@id":"http:\/\/ticaspoderosas.com\/#\/schema\/person\/05764d71e232275bacd288ddf8ac998a","name":"Daniel Zueras","image":{"@type":"ImageObject","inLanguage":"es","@id":"http:\/\/ticaspoderosas.com\/#\/schema\/person\/image\/","url":"http:\/\/1.gravatar.com\/avatar\/d7569af2a0c42c7d90d2cbde7849f3d2?s=96&d=mm&r=g","contentUrl":"http:\/\/1.gravatar.com\/avatar\/d7569af2a0c42c7d90d2cbde7849f3d2?s=96&d=mm&r=g","caption":"Daniel Zueras"}}]}},"_links":{"self":[{"href":"http:\/\/ticaspoderosas.com\/index.php\/wp-json\/wp\/v2\/posts\/3384"}],"collection":[{"href":"http:\/\/ticaspoderosas.com\/index.php\/wp-json\/wp\/v2\/posts"}],"about":[{"href":"http:\/\/ticaspoderosas.com\/index.php\/wp-json\/wp\/v2\/types\/post"}],"author":[{"embeddable":true,"href":"http:\/\/ticaspoderosas.com\/index.php\/wp-json\/wp\/v2\/users\/14"}],"replies":[{"embeddable":true,"href":"http:\/\/ticaspoderosas.com\/index.php\/wp-json\/wp\/v2\/comments?post=3384"}],"version-history":[{"count":3,"href":"http:\/\/ticaspoderosas.com\/index.php\/wp-json\/wp\/v2\/posts\/3384\/revisions"}],"predecessor-version":[{"id":3455,"href":"http:\/\/ticaspoderosas.com\/index.php\/wp-json\/wp\/v2\/posts\/3384\/revisions\/3455"}],"wp:featuredmedia":[{"embeddable":true,"href":"http:\/\/ticaspoderosas.com\/index.php\/wp-json\/wp\/v2\/media\/3385"}],"wp:attachment":[{"href":"http:\/\/ticaspoderosas.com\/index.php\/wp-json\/wp\/v2\/media?parent=3384"}],"wp:term":[{"taxonomy":"category","embeddable":true,"href":"http:\/\/ticaspoderosas.com\/index.php\/wp-json\/wp\/v2\/categories?post=3384"},{"taxonomy":"post_tag","embeddable":true,"href":"http:\/\/ticaspoderosas.com\/index.php\/wp-json\/wp\/v2\/tags?post=3384"}],"curies":[{"name":"wp","href":"https:\/\/api.w.org\/{rel}","templated":true}]}}