{"id":3395,"date":"2025-02-01T21:37:47","date_gmt":"2025-02-01T19:37:47","guid":{"rendered":"http:\/\/ticaspoderosas.com\/?p=3395"},"modified":"2025-03-03T01:37:02","modified_gmt":"2025-03-02T23:37:02","slug":"victoria-garron","status":"publish","type":"post","link":"http:\/\/ticaspoderosas.com\/index.php\/victoria-garron\/","title":{"rendered":"Victoria Garr\u00f3n &#8211; Vicepresidenta por la igualdad"},"content":{"rendered":"\n<p>Victoria Garr\u00f3n Orozco fue la primera mujer vicepresidenta de la Rep\u00fablica en Costa Rica y tambi\u00e9n en toda Centroam\u00e9rica y Norteam\u00e9rica.&nbsp;<\/p>\n\n\n\n<p>La joven Victoria estudi\u00f3 en sus primeros a\u00f1os en la escuela Julia Lang (el Edificio Met\u00e1lico) y Secundaria en el Colegio Superior de Se\u00f1oritas. Se gradu\u00f3 en la Escuela Normal Superior en Heredia y se licenci\u00f3 en Letras y Filosof\u00eda en la Universidad de Costa Rica (UCR).&nbsp;<\/p>\n\n\n\n<p>Al salir de la Universidad se dedic\u00f3 de lleno a la ense\u00f1anza. Fue profesora de espa\u00f1ol en la Escuela Normal de Heredia y en el Colegio Superior de Se\u00f1oritas; y de franc\u00e9s en el Liceo Anastasio Alfaro, donde tambi\u00e9n fue directora. En la UCR fue profesora en la Escuela de Filosof\u00eda y Letras.<\/p>\n\n\n\n<p>Victoria fue la primera mujer costarricense becada por UNICEF tras terminar la Segunda Guerra Mundial y se fue a estudiar un posgrado en Pediatr\u00eda Social a Francia, pa\u00eds del que era su abuelo.<\/p>\n\n\n\n<p>Fue una destacada escritora de poes\u00eda, cuentos y escribi\u00f3 las vidas de grandes figuras costarricenses.&nbsp;<\/p>\n\n\n\n<p>Como vicepresidenta de la Rep\u00fablica en el gobierno de Oscar Arias (1986-1990) ocup\u00f3 la presidencia 14 veces, durante los viajes de Arias al extranjero. En este cargo fue muy importante en grandes proyectos, como la Ley de Igualdad Real de la Mujer y el Centro Mujer y Familia.<\/p>\n\n\n\n<p>Tambi\u00e9n fue secretaria de la Uni\u00f3n Mundial de Mujeres L\u00edderes Pol\u00edticas y presidenta de la Asociaci\u00f3n Costarricense de Mujeres Universitarias.<\/p>\n\n\n\n<figure class=\"wp-block-image size-full\"><img decoding=\"async\" loading=\"lazy\" width=\"900\" height=\"900\" src=\"http:\/\/ticaspoderosas.com\/wp-content\/uploads\/2025\/02\/VICTORIA-GARRON-PANEL4.png\" alt=\"\" class=\"wp-image-3396\" srcset=\"http:\/\/ticaspoderosas.com\/wp-content\/uploads\/2025\/02\/VICTORIA-GARRON-PANEL4.png 900w, http:\/\/ticaspoderosas.com\/wp-content\/uploads\/2025\/02\/VICTORIA-GARRON-PANEL4-300x300.png 300w, http:\/\/ticaspoderosas.com\/wp-content\/uploads\/2025\/02\/VICTORIA-GARRON-PANEL4-150x150.png 150w, http:\/\/ticaspoderosas.com\/wp-content\/uploads\/2025\/02\/VICTORIA-GARRON-PANEL4-768x768.png 768w, http:\/\/ticaspoderosas.com\/wp-content\/uploads\/2025\/02\/VICTORIA-GARRON-PANEL4-200x200.png 200w, http:\/\/ticaspoderosas.com\/wp-content\/uploads\/2025\/02\/VICTORIA-GARRON-PANEL4-400x400.png 400w\" sizes=\"(max-width: 900px) 100vw, 900px\" \/><figcaption class=\"wp-element-caption\">Ilustraciones: Manu Mairena.\u00a0<a href=\"https:\/\/www.instagram.com\/manumairena\/\" target=\"_blank\" rel=\"noreferrer noopener\">Visita su Instagram<\/a><\/figcaption><\/figure>\n","protected":false},"excerpt":{"rendered":"<p>Victoria Garr\u00f3n Orozco fue la primera mujer vicepresidenta de la Rep\u00fablica en Costa Rica y tambi\u00e9n en toda Centroam\u00e9rica y Norteam\u00e9rica.&nbsp; La joven Victoria estudi\u00f3 en sus primeros a\u00f1os en la escuela Julia Lang (el Edificio Met\u00e1lico) y Secundaria en el Colegio Superior de Se\u00f1oritas. Se gradu\u00f3 en la Escuela Normal Superior en Heredia y [&hellip;]<\/p>\n","protected":false},"author":14,"featured_media":3397,"comment_status":"open","ping_status":"open","sticky":false,"template":"","format":"standard","meta":{"_links_to":"","_links_to_target":""},"categories":[392],"tags":[65,967,394,1157,447,1137,1158,1156],"yoast_head":"<!-- This site is optimized with the Yoast SEO plugin v20.2.1 - https:\/\/yoast.com\/wordpress\/plugins\/seo\/ -->\n<title>Victoria Garr\u00f3n - Vicepresidenta por la igualdad - Ticas poderosas<\/title>\n<meta name=\"robots\" content=\"index, follow, max-snippet:-1, max-image-preview:large, max-video-preview:-1\" \/>\n<link rel=\"canonical\" href=\"http:\/\/ticaspoderosas.com\/index.php\/victoria-garron\/\" \/>\n<meta property=\"og:locale\" content=\"es_ES\" \/>\n<meta property=\"og:type\" content=\"article\" \/>\n<meta property=\"og:title\" content=\"Victoria Garr\u00f3n - Vicepresidenta por la igualdad - Ticas poderosas\" \/>\n<meta property=\"og:description\" content=\"Victoria Garr\u00f3n Orozco fue la primera mujer vicepresidenta de la Rep\u00fablica en Costa Rica y tambi\u00e9n en toda Centroam\u00e9rica y Norteam\u00e9rica.&nbsp; La joven Victoria estudi\u00f3 en sus primeros a\u00f1os en la escuela Julia Lang (el Edificio Met\u00e1lico) y Secundaria en el Colegio Superior de Se\u00f1oritas. Se gradu\u00f3 en la Escuela Normal Superior en Heredia y [&hellip;]\" \/>\n<meta property=\"og:url\" content=\"http:\/\/ticaspoderosas.com\/index.php\/victoria-garron\/\" \/>\n<meta property=\"og:site_name\" content=\"Ticas poderosas\" \/>\n<meta property=\"article:publisher\" content=\"https:\/\/www.facebook.com\/Ticas-Poderosas-117994322976683\" \/>\n<meta property=\"article:published_time\" content=\"2025-02-01T19:37:47+00:00\" \/>\n<meta property=\"article:modified_time\" content=\"2025-03-02T23:37:02+00:00\" \/>\n<meta property=\"og:image\" content=\"http:\/\/ticaspoderosas.com\/wp-content\/uploads\/2025\/02\/VICTORIA-GARRON-PANEL5.png\" \/>\n\t<meta property=\"og:image:width\" content=\"900\" \/>\n\t<meta property=\"og:image:height\" content=\"900\" \/>\n\t<meta property=\"og:image:type\" content=\"image\/png\" \/>\n<meta name=\"author\" content=\"Daniel Zueras\" \/>\n<meta name=\"twitter:card\" content=\"summary_large_image\" \/>\n<script type=\"application\/ld+json\" class=\"yoast-schema-graph\">{\"@context\":\"https:\/\/schema.org\",\"@graph\":[{\"@type\":\"Article\",\"@id\":\"http:\/\/ticaspoderosas.com\/index.php\/victoria-garron\/#article\",\"isPartOf\":{\"@id\":\"http:\/\/ticaspoderosas.com\/index.php\/victoria-garron\/\"},\"author\":{\"name\":\"Daniel Zueras\",\"@id\":\"http:\/\/ticaspoderosas.com\/#\/schema\/person\/05764d71e232275bacd288ddf8ac998a\"},\"headline\":\"Victoria Garr\u00f3n &#8211; Vicepresidenta por la igualdad\",\"datePublished\":\"2025-02-01T19:37:47+00:00\",\"dateModified\":\"2025-03-02T23:37:02+00:00\",\"mainEntityOfPage\":{\"@id\":\"http:\/\/ticaspoderosas.com\/index.php\/victoria-garron\/\"},\"wordCount\":277,\"commentCount\":0,\"publisher\":{\"@id\":\"http:\/\/ticaspoderosas.com\/#organization\"},\"keywords\":[\"Costa Rica\",\"Libro Ticas Poderosas\",\"Mujer\",\"\u00d3scar Arias\",\"Ticas Poderosas\",\"Ticas Poderosas 4\",\"Vicepresidenta\",\"Victoria Garr\u00f3n\"],\"articleSection\":[\"Entrevistas\"],\"inLanguage\":\"es\",\"potentialAction\":[{\"@type\":\"CommentAction\",\"name\":\"Comment\",\"target\":[\"http:\/\/ticaspoderosas.com\/index.php\/victoria-garron\/#respond\"]}]},{\"@type\":\"WebPage\",\"@id\":\"http:\/\/ticaspoderosas.com\/index.php\/victoria-garron\/\",\"url\":\"http:\/\/ticaspoderosas.com\/index.php\/victoria-garron\/\",\"name\":\"Victoria Garr\u00f3n - Vicepresidenta por la igualdad - Ticas poderosas\",\"isPartOf\":{\"@id\":\"http:\/\/ticaspoderosas.com\/#website\"},\"datePublished\":\"2025-02-01T19:37:47+00:00\",\"dateModified\":\"2025-03-02T23:37:02+00:00\",\"breadcrumb\":{\"@id\":\"http:\/\/ticaspoderosas.com\/index.php\/victoria-garron\/#breadcrumb\"},\"inLanguage\":\"es\",\"potentialAction\":[{\"@type\":\"ReadAction\",\"target\":[\"http:\/\/ticaspoderosas.com\/index.php\/victoria-garron\/\"]}]},{\"@type\":\"BreadcrumbList\",\"@id\":\"http:\/\/ticaspoderosas.com\/index.php\/victoria-garron\/#breadcrumb\",\"itemListElement\":[{\"@type\":\"ListItem\",\"position\":1,\"name\":\"Portada\",\"item\":\"http:\/\/ticaspoderosas.com\/\"},{\"@type\":\"ListItem\",\"position\":2,\"name\":\"Victoria Garr\u00f3n &#8211; Vicepresidenta por la igualdad\"}]},{\"@type\":\"WebSite\",\"@id\":\"http:\/\/ticaspoderosas.com\/#website\",\"url\":\"http:\/\/ticaspoderosas.com\/\",\"name\":\"Ticas Poderosas\",\"description\":\"Plataforma multimedia\",\"publisher\":{\"@id\":\"http:\/\/ticaspoderosas.com\/#organization\"},\"potentialAction\":[{\"@type\":\"SearchAction\",\"target\":{\"@type\":\"EntryPoint\",\"urlTemplate\":\"http:\/\/ticaspoderosas.com\/?s={search_term_string}\"},\"query-input\":\"required name=search_term_string\"}],\"inLanguage\":\"es\"},{\"@type\":\"Organization\",\"@id\":\"http:\/\/ticaspoderosas.com\/#organization\",\"name\":\"Ticas Poderosas\",\"url\":\"http:\/\/ticaspoderosas.com\/\",\"logo\":{\"@type\":\"ImageObject\",\"inLanguage\":\"es\",\"@id\":\"http:\/\/ticaspoderosas.com\/#\/schema\/logo\/image\/\",\"url\":\"http:\/\/ticaspoderosas.com\/wp-content\/uploads\/2016\/09\/ticas.png\",\"contentUrl\":\"http:\/\/ticaspoderosas.com\/wp-content\/uploads\/2016\/09\/ticas.png\",\"width\":180,\"height\":180,\"caption\":\"Ticas Poderosas\"},\"image\":{\"@id\":\"http:\/\/ticaspoderosas.com\/#\/schema\/logo\/image\/\"},\"sameAs\":[\"https:\/\/www.facebook.com\/Ticas-Poderosas-117994322976683\",\"https:\/\/www.instagram.com\/ticaspoderosas\/\"]},{\"@type\":\"Person\",\"@id\":\"http:\/\/ticaspoderosas.com\/#\/schema\/person\/05764d71e232275bacd288ddf8ac998a\",\"name\":\"Daniel Zueras\",\"image\":{\"@type\":\"ImageObject\",\"inLanguage\":\"es\",\"@id\":\"http:\/\/ticaspoderosas.com\/#\/schema\/person\/image\/\",\"url\":\"http:\/\/1.gravatar.com\/avatar\/d7569af2a0c42c7d90d2cbde7849f3d2?s=96&d=mm&r=g\",\"contentUrl\":\"http:\/\/1.gravatar.com\/avatar\/d7569af2a0c42c7d90d2cbde7849f3d2?s=96&d=mm&r=g\",\"caption\":\"Daniel Zueras\"}}]}<\/script>\n<!-- \/ Yoast SEO plugin. -->","yoast_head_json":{"title":"Victoria Garr\u00f3n - Vicepresidenta por la igualdad - Ticas poderosas","robots":{"index":"index","follow":"follow","max-snippet":"max-snippet:-1","max-image-preview":"max-image-preview:large","max-video-preview":"max-video-preview:-1"},"canonical":"http:\/\/ticaspoderosas.com\/index.php\/victoria-garron\/","og_locale":"es_ES","og_type":"article","og_title":"Victoria Garr\u00f3n - Vicepresidenta por la igualdad - Ticas poderosas","og_description":"Victoria Garr\u00f3n Orozco fue la primera mujer vicepresidenta de la Rep\u00fablica en Costa Rica y tambi\u00e9n en toda Centroam\u00e9rica y Norteam\u00e9rica.&nbsp; La joven Victoria estudi\u00f3 en sus primeros a\u00f1os en la escuela Julia Lang (el Edificio Met\u00e1lico) y Secundaria en el Colegio Superior de Se\u00f1oritas. Se gradu\u00f3 en la Escuela Normal Superior en Heredia y [&hellip;]","og_url":"http:\/\/ticaspoderosas.com\/index.php\/victoria-garron\/","og_site_name":"Ticas poderosas","article_publisher":"https:\/\/www.facebook.com\/Ticas-Poderosas-117994322976683","article_published_time":"2025-02-01T19:37:47+00:00","article_modified_time":"2025-03-02T23:37:02+00:00","og_image":[{"width":900,"height":900,"url":"http:\/\/ticaspoderosas.com\/wp-content\/uploads\/2025\/02\/VICTORIA-GARRON-PANEL5.png","type":"image\/png"}],"author":"Daniel Zueras","twitter_card":"summary_large_image","schema":{"@context":"https:\/\/schema.org","@graph":[{"@type":"Article","@id":"http:\/\/ticaspoderosas.com\/index.php\/victoria-garron\/#article","isPartOf":{"@id":"http:\/\/ticaspoderosas.com\/index.php\/victoria-garron\/"},"author":{"name":"Daniel Zueras","@id":"http:\/\/ticaspoderosas.com\/#\/schema\/person\/05764d71e232275bacd288ddf8ac998a"},"headline":"Victoria Garr\u00f3n &#8211; Vicepresidenta por la igualdad","datePublished":"2025-02-01T19:37:47+00:00","dateModified":"2025-03-02T23:37:02+00:00","mainEntityOfPage":{"@id":"http:\/\/ticaspoderosas.com\/index.php\/victoria-garron\/"},"wordCount":277,"commentCount":0,"publisher":{"@id":"http:\/\/ticaspoderosas.com\/#organization"},"keywords":["Costa Rica","Libro Ticas Poderosas","Mujer","\u00d3scar Arias","Ticas Poderosas","Ticas Poderosas 4","Vicepresidenta","Victoria Garr\u00f3n"],"articleSection":["Entrevistas"],"inLanguage":"es","potentialAction":[{"@type":"CommentAction","name":"Comment","target":["http:\/\/ticaspoderosas.com\/index.php\/victoria-garron\/#respond"]}]},{"@type":"WebPage","@id":"http:\/\/ticaspoderosas.com\/index.php\/victoria-garron\/","url":"http:\/\/ticaspoderosas.com\/index.php\/victoria-garron\/","name":"Victoria Garr\u00f3n - Vicepresidenta por la igualdad - Ticas poderosas","isPartOf":{"@id":"http:\/\/ticaspoderosas.com\/#website"},"datePublished":"2025-02-01T19:37:47+00:00","dateModified":"2025-03-02T23:37:02+00:00","breadcrumb":{"@id":"http:\/\/ticaspoderosas.com\/index.php\/victoria-garron\/#breadcrumb"},"inLanguage":"es","potentialAction":[{"@type":"ReadAction","target":["http:\/\/ticaspoderosas.com\/index.php\/victoria-garron\/"]}]},{"@type":"BreadcrumbList","@id":"http:\/\/ticaspoderosas.com\/index.php\/victoria-garron\/#breadcrumb","itemListElement":[{"@type":"ListItem","position":1,"name":"Portada","item":"http:\/\/ticaspoderosas.com\/"},{"@type":"ListItem","position":2,"name":"Victoria Garr\u00f3n &#8211; Vicepresidenta por la igualdad"}]},{"@type":"WebSite","@id":"http:\/\/ticaspoderosas.com\/#website","url":"http:\/\/ticaspoderosas.com\/","name":"Ticas Poderosas","description":"Plataforma multimedia","publisher":{"@id":"http:\/\/ticaspoderosas.com\/#organization"},"potentialAction":[{"@type":"SearchAction","target":{"@type":"EntryPoint","urlTemplate":"http:\/\/ticaspoderosas.com\/?s={search_term_string}"},"query-input":"required name=search_term_string"}],"inLanguage":"es"},{"@type":"Organization","@id":"http:\/\/ticaspoderosas.com\/#organization","name":"Ticas Poderosas","url":"http:\/\/ticaspoderosas.com\/","logo":{"@type":"ImageObject","inLanguage":"es","@id":"http:\/\/ticaspoderosas.com\/#\/schema\/logo\/image\/","url":"http:\/\/ticaspoderosas.com\/wp-content\/uploads\/2016\/09\/ticas.png","contentUrl":"http:\/\/ticaspoderosas.com\/wp-content\/uploads\/2016\/09\/ticas.png","width":180,"height":180,"caption":"Ticas Poderosas"},"image":{"@id":"http:\/\/ticaspoderosas.com\/#\/schema\/logo\/image\/"},"sameAs":["https:\/\/www.facebook.com\/Ticas-Poderosas-117994322976683","https:\/\/www.instagram.com\/ticaspoderosas\/"]},{"@type":"Person","@id":"http:\/\/ticaspoderosas.com\/#\/schema\/person\/05764d71e232275bacd288ddf8ac998a","name":"Daniel Zueras","image":{"@type":"ImageObject","inLanguage":"es","@id":"http:\/\/ticaspoderosas.com\/#\/schema\/person\/image\/","url":"http:\/\/1.gravatar.com\/avatar\/d7569af2a0c42c7d90d2cbde7849f3d2?s=96&d=mm&r=g","contentUrl":"http:\/\/1.gravatar.com\/avatar\/d7569af2a0c42c7d90d2cbde7849f3d2?s=96&d=mm&r=g","caption":"Daniel Zueras"}}]}},"_links":{"self":[{"href":"http:\/\/ticaspoderosas.com\/index.php\/wp-json\/wp\/v2\/posts\/3395"}],"collection":[{"href":"http:\/\/ticaspoderosas.com\/index.php\/wp-json\/wp\/v2\/posts"}],"about":[{"href":"http:\/\/ticaspoderosas.com\/index.php\/wp-json\/wp\/v2\/types\/post"}],"author":[{"embeddable":true,"href":"http:\/\/ticaspoderosas.com\/index.php\/wp-json\/wp\/v2\/users\/14"}],"replies":[{"embeddable":true,"href":"http:\/\/ticaspoderosas.com\/index.php\/wp-json\/wp\/v2\/comments?post=3395"}],"version-history":[{"count":2,"href":"http:\/\/ticaspoderosas.com\/index.php\/wp-json\/wp\/v2\/posts\/3395\/revisions"}],"predecessor-version":[{"id":3459,"href":"http:\/\/ticaspoderosas.com\/index.php\/wp-json\/wp\/v2\/posts\/3395\/revisions\/3459"}],"wp:featuredmedia":[{"embeddable":true,"href":"http:\/\/ticaspoderosas.com\/index.php\/wp-json\/wp\/v2\/media\/3397"}],"wp:attachment":[{"href":"http:\/\/ticaspoderosas.com\/index.php\/wp-json\/wp\/v2\/media?parent=3395"}],"wp:term":[{"taxonomy":"category","embeddable":true,"href":"http:\/\/ticaspoderosas.com\/index.php\/wp-json\/wp\/v2\/categories?post=3395"},{"taxonomy":"post_tag","embeddable":true,"href":"http:\/\/ticaspoderosas.com\/index.php\/wp-json\/wp\/v2\/tags?post=3395"}],"curies":[{"name":"wp","href":"https:\/\/api.w.org\/{rel}","templated":true}]}}