{"id":3416,"date":"2025-02-01T22:27:31","date_gmt":"2025-02-01T20:27:31","guid":{"rendered":"http:\/\/ticaspoderosas.com\/?p=3416"},"modified":"2025-03-03T02:08:24","modified_gmt":"2025-03-03T00:08:24","slug":"juana-segundo","status":"publish","type":"post","link":"http:\/\/ticaspoderosas.com\/index.php\/juana-segundo\/","title":{"rendered":"Juana Segundo &#8211; Historias m\u00e1gicas"},"content":{"rendered":"\n<p>En las monta\u00f1as verdes y m\u00e1gicas del Caribe de Costa Rica nac\u00eda, en 1954, Juanita Segundo S\u00e1nchez, una ni\u00f1a ind\u00edgena kek\u00f6ldi (que significa \u2018r\u00edo del bast\u00f3n del cham\u00e1n\u2019 en lengua bribri), perteneciente al clan y\u00eby\u00ebwak (los due\u00f1os de lo correcto), un pueblo lleno de historias y secretos ancestrales.&nbsp;<\/p>\n\n\n\n<p>Juana amaba su tierra y las historias de su gente. A menudo se sentaba bajo los grandes \u00e1rboles para escuchar a los mayores, quienes le ense\u00f1aban sobre las plantas, los animales y las tradiciones de su cultura.<\/p>\n\n\n\n<p>Con los a\u00f1os, se convirti\u00f3 en una defensora de sus costumbres y tradiciones, una guardiana de las historias ind\u00edgenas del Caribe, cuidando la sabidur\u00eda de su pueblo. Las ha recopilado en \u2018Mi libro de historias bribris\u2019 o en \u2018Tradiciones y leyendas ind\u00edgenas contadas a los ni\u00f1os bribris de la Reserva Ind\u00edgena de Cocles\u2019 (este junto a Gloria Mayorga).<\/p>\n\n\n\n<p>Ha traducido materiales educativos, como la \u2018Minienciclopedia de los territorios ind\u00edgenas de Costa Rica\u2019, ense\u00f1ando a las ni\u00f1as y ni\u00f1os en su lengua ind\u00edgena, para que puedan aprender sobre su cultura y sus tradiciones. Pero Juana no solo ense\u00f1aba sobre las cosas que estaban en los libros, tambi\u00e9n hablaba de la importancia de cuidar la naturaleza, de amar a la comunidad, y de nunca olvidar qui\u00e9nes somos y de d\u00f3nde venimos.<\/p>\n\n\n\n<p>Tambi\u00e9n se dedica a la agricultura, la conservaci\u00f3n de la naturaleza y a la artesan\u00eda, junto a su hermana Gloria Mayorga y miembros del taller artesanal y la Asociaci\u00f3n de Desarrollo de K\u00e9k\u00f6ldi. All\u00e1 por 1988 don\u00f3 a la comunidad parte de sus tierras, para la cr\u00eda de iguanas verdes (que ya escaseaban en el lugar), liberando 30.000 ejemplares en la zona. Impuls\u00f3 tambi\u00e9n un peque\u00f1o emprendimiento comunal de artesan\u00edas en el que las mujeres de la zona realizan maracas, j\u00edcaras o colgantes, entre otros.<\/p>\n\n\n\n<figure class=\"wp-block-image size-full\"><img decoding=\"async\" loading=\"lazy\" width=\"900\" height=\"900\" src=\"http:\/\/ticaspoderosas.com\/wp-content\/uploads\/2025\/02\/JUANA-SEGUNDO-4.png\" alt=\"\" class=\"wp-image-3418\" srcset=\"http:\/\/ticaspoderosas.com\/wp-content\/uploads\/2025\/02\/JUANA-SEGUNDO-4.png 900w, http:\/\/ticaspoderosas.com\/wp-content\/uploads\/2025\/02\/JUANA-SEGUNDO-4-300x300.png 300w, http:\/\/ticaspoderosas.com\/wp-content\/uploads\/2025\/02\/JUANA-SEGUNDO-4-150x150.png 150w, http:\/\/ticaspoderosas.com\/wp-content\/uploads\/2025\/02\/JUANA-SEGUNDO-4-768x768.png 768w, http:\/\/ticaspoderosas.com\/wp-content\/uploads\/2025\/02\/JUANA-SEGUNDO-4-200x200.png 200w, http:\/\/ticaspoderosas.com\/wp-content\/uploads\/2025\/02\/JUANA-SEGUNDO-4-400x400.png 400w\" sizes=\"(max-width: 900px) 100vw, 900px\" \/><figcaption class=\"wp-element-caption\">Ilustraciones: Manu Mairena.\u00a0<a href=\"https:\/\/www.instagram.com\/manumairena\/\" target=\"_blank\" rel=\"noreferrer noopener\">Visita su Instagram<\/a><\/figcaption><\/figure>\n","protected":false},"excerpt":{"rendered":"<p>En las monta\u00f1as verdes y m\u00e1gicas del Caribe de Costa Rica nac\u00eda, en 1954, Juanita Segundo S\u00e1nchez, una ni\u00f1a ind\u00edgena kek\u00f6ldi (que significa \u2018r\u00edo del bast\u00f3n del cham\u00e1n\u2019 en lengua bribri), perteneciente al clan y\u00eby\u00ebwak (los due\u00f1os de lo correcto), un pueblo lleno de historias y secretos ancestrales.&nbsp; Juana amaba su tierra y las historias [&hellip;]<\/p>\n","protected":false},"author":14,"featured_media":3419,"comment_status":"open","ping_status":"open","sticky":false,"template":"","format":"standard","meta":{"_links_to":"","_links_to_target":""},"categories":[392],"tags":[1184,65,1181,1183,967,394,1182,447,1137,1185],"yoast_head":"<!-- This site is optimized with the Yoast SEO plugin v20.2.1 - https:\/\/yoast.com\/wordpress\/plugins\/seo\/ -->\n<title>Juana Segundo - Historias m\u00e1gicas - Ticas poderosas<\/title>\n<meta name=\"robots\" content=\"index, follow, max-snippet:-1, max-image-preview:large, max-video-preview:-1\" \/>\n<link rel=\"canonical\" href=\"http:\/\/ticaspoderosas.com\/index.php\/juana-segundo\/\" \/>\n<meta property=\"og:locale\" content=\"es_ES\" \/>\n<meta property=\"og:type\" content=\"article\" \/>\n<meta property=\"og:title\" content=\"Juana Segundo - Historias m\u00e1gicas - Ticas poderosas\" \/>\n<meta property=\"og:description\" content=\"En las monta\u00f1as verdes y m\u00e1gicas del Caribe de Costa Rica nac\u00eda, en 1954, Juanita Segundo S\u00e1nchez, una ni\u00f1a ind\u00edgena kek\u00f6ldi (que significa \u2018r\u00edo del bast\u00f3n del cham\u00e1n\u2019 en lengua bribri), perteneciente al clan y\u00eby\u00ebwak (los due\u00f1os de lo correcto), un pueblo lleno de historias y secretos ancestrales.&nbsp; Juana amaba su tierra y las historias [&hellip;]\" \/>\n<meta property=\"og:url\" content=\"http:\/\/ticaspoderosas.com\/index.php\/juana-segundo\/\" \/>\n<meta property=\"og:site_name\" content=\"Ticas poderosas\" \/>\n<meta property=\"article:publisher\" content=\"https:\/\/www.facebook.com\/Ticas-Poderosas-117994322976683\" \/>\n<meta property=\"article:published_time\" content=\"2025-02-01T20:27:31+00:00\" \/>\n<meta property=\"article:modified_time\" content=\"2025-03-03T00:08:24+00:00\" \/>\n<meta property=\"og:image\" content=\"http:\/\/ticaspoderosas.com\/wp-content\/uploads\/2025\/02\/JUANA-SEGUNDO-3-1.png\" \/>\n\t<meta property=\"og:image:width\" content=\"900\" \/>\n\t<meta property=\"og:image:height\" content=\"900\" \/>\n\t<meta property=\"og:image:type\" content=\"image\/png\" \/>\n<meta name=\"author\" content=\"Daniel Zueras\" \/>\n<meta name=\"twitter:card\" content=\"summary_large_image\" \/>\n<script type=\"application\/ld+json\" class=\"yoast-schema-graph\">{\"@context\":\"https:\/\/schema.org\",\"@graph\":[{\"@type\":\"Article\",\"@id\":\"http:\/\/ticaspoderosas.com\/index.php\/juana-segundo\/#article\",\"isPartOf\":{\"@id\":\"http:\/\/ticaspoderosas.com\/index.php\/juana-segundo\/\"},\"author\":{\"name\":\"Daniel Zueras\",\"@id\":\"http:\/\/ticaspoderosas.com\/#\/schema\/person\/05764d71e232275bacd288ddf8ac998a\"},\"headline\":\"Juana Segundo &#8211; Historias m\u00e1gicas\",\"datePublished\":\"2025-02-01T20:27:31+00:00\",\"dateModified\":\"2025-03-03T00:08:24+00:00\",\"mainEntityOfPage\":{\"@id\":\"http:\/\/ticaspoderosas.com\/index.php\/juana-segundo\/\"},\"wordCount\":349,\"commentCount\":0,\"publisher\":{\"@id\":\"http:\/\/ticaspoderosas.com\/#organization\"},\"keywords\":[\"Bribr\u00eds\",\"Costa Rica\",\"Juana Segundo S\u00e1nchez\",\"kek\u00f6ldi\",\"Libro Ticas Poderosas\",\"Mujer\",\"Territorios ind\u00edgenas\",\"Ticas Poderosas\",\"Ticas Poderosas 4\",\"tradiciones\"],\"articleSection\":[\"Entrevistas\"],\"inLanguage\":\"es\",\"potentialAction\":[{\"@type\":\"CommentAction\",\"name\":\"Comment\",\"target\":[\"http:\/\/ticaspoderosas.com\/index.php\/juana-segundo\/#respond\"]}]},{\"@type\":\"WebPage\",\"@id\":\"http:\/\/ticaspoderosas.com\/index.php\/juana-segundo\/\",\"url\":\"http:\/\/ticaspoderosas.com\/index.php\/juana-segundo\/\",\"name\":\"Juana Segundo - Historias m\u00e1gicas - Ticas poderosas\",\"isPartOf\":{\"@id\":\"http:\/\/ticaspoderosas.com\/#website\"},\"datePublished\":\"2025-02-01T20:27:31+00:00\",\"dateModified\":\"2025-03-03T00:08:24+00:00\",\"breadcrumb\":{\"@id\":\"http:\/\/ticaspoderosas.com\/index.php\/juana-segundo\/#breadcrumb\"},\"inLanguage\":\"es\",\"potentialAction\":[{\"@type\":\"ReadAction\",\"target\":[\"http:\/\/ticaspoderosas.com\/index.php\/juana-segundo\/\"]}]},{\"@type\":\"BreadcrumbList\",\"@id\":\"http:\/\/ticaspoderosas.com\/index.php\/juana-segundo\/#breadcrumb\",\"itemListElement\":[{\"@type\":\"ListItem\",\"position\":1,\"name\":\"Portada\",\"item\":\"http:\/\/ticaspoderosas.com\/\"},{\"@type\":\"ListItem\",\"position\":2,\"name\":\"Juana Segundo &#8211; Historias m\u00e1gicas\"}]},{\"@type\":\"WebSite\",\"@id\":\"http:\/\/ticaspoderosas.com\/#website\",\"url\":\"http:\/\/ticaspoderosas.com\/\",\"name\":\"Ticas Poderosas\",\"description\":\"Plataforma multimedia\",\"publisher\":{\"@id\":\"http:\/\/ticaspoderosas.com\/#organization\"},\"potentialAction\":[{\"@type\":\"SearchAction\",\"target\":{\"@type\":\"EntryPoint\",\"urlTemplate\":\"http:\/\/ticaspoderosas.com\/?s={search_term_string}\"},\"query-input\":\"required name=search_term_string\"}],\"inLanguage\":\"es\"},{\"@type\":\"Organization\",\"@id\":\"http:\/\/ticaspoderosas.com\/#organization\",\"name\":\"Ticas Poderosas\",\"url\":\"http:\/\/ticaspoderosas.com\/\",\"logo\":{\"@type\":\"ImageObject\",\"inLanguage\":\"es\",\"@id\":\"http:\/\/ticaspoderosas.com\/#\/schema\/logo\/image\/\",\"url\":\"http:\/\/ticaspoderosas.com\/wp-content\/uploads\/2016\/09\/ticas.png\",\"contentUrl\":\"http:\/\/ticaspoderosas.com\/wp-content\/uploads\/2016\/09\/ticas.png\",\"width\":180,\"height\":180,\"caption\":\"Ticas Poderosas\"},\"image\":{\"@id\":\"http:\/\/ticaspoderosas.com\/#\/schema\/logo\/image\/\"},\"sameAs\":[\"https:\/\/www.facebook.com\/Ticas-Poderosas-117994322976683\",\"https:\/\/www.instagram.com\/ticaspoderosas\/\"]},{\"@type\":\"Person\",\"@id\":\"http:\/\/ticaspoderosas.com\/#\/schema\/person\/05764d71e232275bacd288ddf8ac998a\",\"name\":\"Daniel Zueras\",\"image\":{\"@type\":\"ImageObject\",\"inLanguage\":\"es\",\"@id\":\"http:\/\/ticaspoderosas.com\/#\/schema\/person\/image\/\",\"url\":\"http:\/\/1.gravatar.com\/avatar\/d7569af2a0c42c7d90d2cbde7849f3d2?s=96&d=mm&r=g\",\"contentUrl\":\"http:\/\/1.gravatar.com\/avatar\/d7569af2a0c42c7d90d2cbde7849f3d2?s=96&d=mm&r=g\",\"caption\":\"Daniel Zueras\"}}]}<\/script>\n<!-- \/ Yoast SEO plugin. -->","yoast_head_json":{"title":"Juana Segundo - Historias m\u00e1gicas - Ticas poderosas","robots":{"index":"index","follow":"follow","max-snippet":"max-snippet:-1","max-image-preview":"max-image-preview:large","max-video-preview":"max-video-preview:-1"},"canonical":"http:\/\/ticaspoderosas.com\/index.php\/juana-segundo\/","og_locale":"es_ES","og_type":"article","og_title":"Juana Segundo - Historias m\u00e1gicas - Ticas poderosas","og_description":"En las monta\u00f1as verdes y m\u00e1gicas del Caribe de Costa Rica nac\u00eda, en 1954, Juanita Segundo S\u00e1nchez, una ni\u00f1a ind\u00edgena kek\u00f6ldi (que significa \u2018r\u00edo del bast\u00f3n del cham\u00e1n\u2019 en lengua bribri), perteneciente al clan y\u00eby\u00ebwak (los due\u00f1os de lo correcto), un pueblo lleno de historias y secretos ancestrales.&nbsp; Juana amaba su tierra y las historias [&hellip;]","og_url":"http:\/\/ticaspoderosas.com\/index.php\/juana-segundo\/","og_site_name":"Ticas poderosas","article_publisher":"https:\/\/www.facebook.com\/Ticas-Poderosas-117994322976683","article_published_time":"2025-02-01T20:27:31+00:00","article_modified_time":"2025-03-03T00:08:24+00:00","og_image":[{"width":900,"height":900,"url":"http:\/\/ticaspoderosas.com\/wp-content\/uploads\/2025\/02\/JUANA-SEGUNDO-3-1.png","type":"image\/png"}],"author":"Daniel Zueras","twitter_card":"summary_large_image","schema":{"@context":"https:\/\/schema.org","@graph":[{"@type":"Article","@id":"http:\/\/ticaspoderosas.com\/index.php\/juana-segundo\/#article","isPartOf":{"@id":"http:\/\/ticaspoderosas.com\/index.php\/juana-segundo\/"},"author":{"name":"Daniel Zueras","@id":"http:\/\/ticaspoderosas.com\/#\/schema\/person\/05764d71e232275bacd288ddf8ac998a"},"headline":"Juana Segundo &#8211; Historias m\u00e1gicas","datePublished":"2025-02-01T20:27:31+00:00","dateModified":"2025-03-03T00:08:24+00:00","mainEntityOfPage":{"@id":"http:\/\/ticaspoderosas.com\/index.php\/juana-segundo\/"},"wordCount":349,"commentCount":0,"publisher":{"@id":"http:\/\/ticaspoderosas.com\/#organization"},"keywords":["Bribr\u00eds","Costa Rica","Juana Segundo S\u00e1nchez","kek\u00f6ldi","Libro Ticas Poderosas","Mujer","Territorios ind\u00edgenas","Ticas Poderosas","Ticas Poderosas 4","tradiciones"],"articleSection":["Entrevistas"],"inLanguage":"es","potentialAction":[{"@type":"CommentAction","name":"Comment","target":["http:\/\/ticaspoderosas.com\/index.php\/juana-segundo\/#respond"]}]},{"@type":"WebPage","@id":"http:\/\/ticaspoderosas.com\/index.php\/juana-segundo\/","url":"http:\/\/ticaspoderosas.com\/index.php\/juana-segundo\/","name":"Juana Segundo - Historias m\u00e1gicas - Ticas poderosas","isPartOf":{"@id":"http:\/\/ticaspoderosas.com\/#website"},"datePublished":"2025-02-01T20:27:31+00:00","dateModified":"2025-03-03T00:08:24+00:00","breadcrumb":{"@id":"http:\/\/ticaspoderosas.com\/index.php\/juana-segundo\/#breadcrumb"},"inLanguage":"es","potentialAction":[{"@type":"ReadAction","target":["http:\/\/ticaspoderosas.com\/index.php\/juana-segundo\/"]}]},{"@type":"BreadcrumbList","@id":"http:\/\/ticaspoderosas.com\/index.php\/juana-segundo\/#breadcrumb","itemListElement":[{"@type":"ListItem","position":1,"name":"Portada","item":"http:\/\/ticaspoderosas.com\/"},{"@type":"ListItem","position":2,"name":"Juana Segundo &#8211; Historias m\u00e1gicas"}]},{"@type":"WebSite","@id":"http:\/\/ticaspoderosas.com\/#website","url":"http:\/\/ticaspoderosas.com\/","name":"Ticas Poderosas","description":"Plataforma multimedia","publisher":{"@id":"http:\/\/ticaspoderosas.com\/#organization"},"potentialAction":[{"@type":"SearchAction","target":{"@type":"EntryPoint","urlTemplate":"http:\/\/ticaspoderosas.com\/?s={search_term_string}"},"query-input":"required name=search_term_string"}],"inLanguage":"es"},{"@type":"Organization","@id":"http:\/\/ticaspoderosas.com\/#organization","name":"Ticas Poderosas","url":"http:\/\/ticaspoderosas.com\/","logo":{"@type":"ImageObject","inLanguage":"es","@id":"http:\/\/ticaspoderosas.com\/#\/schema\/logo\/image\/","url":"http:\/\/ticaspoderosas.com\/wp-content\/uploads\/2016\/09\/ticas.png","contentUrl":"http:\/\/ticaspoderosas.com\/wp-content\/uploads\/2016\/09\/ticas.png","width":180,"height":180,"caption":"Ticas Poderosas"},"image":{"@id":"http:\/\/ticaspoderosas.com\/#\/schema\/logo\/image\/"},"sameAs":["https:\/\/www.facebook.com\/Ticas-Poderosas-117994322976683","https:\/\/www.instagram.com\/ticaspoderosas\/"]},{"@type":"Person","@id":"http:\/\/ticaspoderosas.com\/#\/schema\/person\/05764d71e232275bacd288ddf8ac998a","name":"Daniel Zueras","image":{"@type":"ImageObject","inLanguage":"es","@id":"http:\/\/ticaspoderosas.com\/#\/schema\/person\/image\/","url":"http:\/\/1.gravatar.com\/avatar\/d7569af2a0c42c7d90d2cbde7849f3d2?s=96&d=mm&r=g","contentUrl":"http:\/\/1.gravatar.com\/avatar\/d7569af2a0c42c7d90d2cbde7849f3d2?s=96&d=mm&r=g","caption":"Daniel Zueras"}}]}},"_links":{"self":[{"href":"http:\/\/ticaspoderosas.com\/index.php\/wp-json\/wp\/v2\/posts\/3416"}],"collection":[{"href":"http:\/\/ticaspoderosas.com\/index.php\/wp-json\/wp\/v2\/posts"}],"about":[{"href":"http:\/\/ticaspoderosas.com\/index.php\/wp-json\/wp\/v2\/types\/post"}],"author":[{"embeddable":true,"href":"http:\/\/ticaspoderosas.com\/index.php\/wp-json\/wp\/v2\/users\/14"}],"replies":[{"embeddable":true,"href":"http:\/\/ticaspoderosas.com\/index.php\/wp-json\/wp\/v2\/comments?post=3416"}],"version-history":[{"count":2,"href":"http:\/\/ticaspoderosas.com\/index.php\/wp-json\/wp\/v2\/posts\/3416\/revisions"}],"predecessor-version":[{"id":3471,"href":"http:\/\/ticaspoderosas.com\/index.php\/wp-json\/wp\/v2\/posts\/3416\/revisions\/3471"}],"wp:featuredmedia":[{"embeddable":true,"href":"http:\/\/ticaspoderosas.com\/index.php\/wp-json\/wp\/v2\/media\/3419"}],"wp:attachment":[{"href":"http:\/\/ticaspoderosas.com\/index.php\/wp-json\/wp\/v2\/media?parent=3416"}],"wp:term":[{"taxonomy":"category","embeddable":true,"href":"http:\/\/ticaspoderosas.com\/index.php\/wp-json\/wp\/v2\/categories?post=3416"},{"taxonomy":"post_tag","embeddable":true,"href":"http:\/\/ticaspoderosas.com\/index.php\/wp-json\/wp\/v2\/tags?post=3416"}],"curies":[{"name":"wp","href":"https:\/\/api.w.org\/{rel}","templated":true}]}}