{"id":3421,"date":"2025-02-01T22:33:05","date_gmt":"2025-02-01T20:33:05","guid":{"rendered":"http:\/\/ticaspoderosas.com\/?p=3421"},"modified":"2025-03-03T02:10:59","modified_gmt":"2025-03-03T00:10:59","slug":"matilde-carranza","status":"publish","type":"post","link":"http:\/\/ticaspoderosas.com\/index.php\/matilde-carranza\/","title":{"rendered":"Matilde Carranza &#8211; La fil\u00f3sofa activista"},"content":{"rendered":"\n<p>Desde peque\u00f1a, Matilde mostr\u00f3 un gran inter\u00e9s por el aprendizaje y la educaci\u00f3n. Creci\u00f3 en una \u00e9poca en la que las oportunidades educativas para las mujeres eran limitadas, pero su familia la apoy\u00f3 en su deseo de estudiar.&nbsp;<\/p>\n\n\n\n<p>Durante su infancia, Matilde fue una estudiante destacada, siempre curiosa. Esta pasi\u00f3n por el aprendizaje la llev\u00f3 a perseguir una carrera en la educaci\u00f3n y la filosof\u00eda, \u00e1reas en las que despu\u00e9s ser\u00eda una pionera en Costa Rica.<\/p>\n\n\n\n<p>Fue una de las grandes l\u00edderes de la Huelga de Maestros de 1919, crucial en la historia de la educaci\u00f3n costarricense, por las mejoras en las condiciones laborales de los maestros.<\/p>\n\n\n\n<p>Apenas un a\u00f1o despu\u00e9s viaj\u00f3 a Europa (junto a Carmen Lyra y Lilia Gonz\u00e1lez) para aprender el modelo educativo Montessori. A su regreso, ayud\u00f3 a implementar este m\u00e9todo en Costa Rica. Tambi\u00e9n propuso la idea de fundar escuelas de econom\u00eda dom\u00e9stica, denominado \u00abm\u00e9nager\u00bb, del modelo educativo belga que prepara profesionalmente para el trabajo del hogar.<\/p>\n\n\n\n<p>Dos d\u00e9cadas despu\u00e9s de su viaje a Europa, se convirti\u00f3 en la primera mujer costarricense con Doctorado en Filosof\u00eda, por la Universidad de Wisconsin en 1940.<\/p>\n\n\n\n<p>Matilde Carranza es recordada por su dedicaci\u00f3n a la educaci\u00f3n y su lucha por los derechos de los maestros y las mujeres en Costa Rica. Su legado perdura como un ejemplo de perseverancia y compromiso.<\/p>\n\n\n\n<figure class=\"wp-block-image size-full\"><img decoding=\"async\" loading=\"lazy\" width=\"900\" height=\"900\" src=\"http:\/\/ticaspoderosas.com\/wp-content\/uploads\/2025\/02\/web-Matilde-CarranzaB.jpg\" alt=\"\" class=\"wp-image-3422\" srcset=\"http:\/\/ticaspoderosas.com\/wp-content\/uploads\/2025\/02\/web-Matilde-CarranzaB.jpg 900w, http:\/\/ticaspoderosas.com\/wp-content\/uploads\/2025\/02\/web-Matilde-CarranzaB-300x300.jpg 300w, http:\/\/ticaspoderosas.com\/wp-content\/uploads\/2025\/02\/web-Matilde-CarranzaB-150x150.jpg 150w, http:\/\/ticaspoderosas.com\/wp-content\/uploads\/2025\/02\/web-Matilde-CarranzaB-768x768.jpg 768w, http:\/\/ticaspoderosas.com\/wp-content\/uploads\/2025\/02\/web-Matilde-CarranzaB-200x200.jpg 200w, http:\/\/ticaspoderosas.com\/wp-content\/uploads\/2025\/02\/web-Matilde-CarranzaB-400x400.jpg 400w\" sizes=\"(max-width: 900px) 100vw, 900px\" \/><figcaption class=\"wp-element-caption\">Ilustraciones: Noelia Audisio.\u00a0<a href=\"https:\/\/www.instagram.com\/noeaudisio.art\/\" target=\"_blank\" rel=\"noreferrer noopener\">Visita su Instagram<\/a><\/figcaption><\/figure>\n","protected":false},"excerpt":{"rendered":"<p>Desde peque\u00f1a, Matilde mostr\u00f3 un gran inter\u00e9s por el aprendizaje y la educaci\u00f3n. Creci\u00f3 en una \u00e9poca en la que las oportunidades educativas para las mujeres eran limitadas, pero su familia la apoy\u00f3 en su deseo de estudiar.&nbsp; Durante su infancia, Matilde fue una estudiante destacada, siempre curiosa. Esta pasi\u00f3n por el aprendizaje la llev\u00f3 [&hellip;]<\/p>\n","protected":false},"author":14,"featured_media":3423,"comment_status":"open","ping_status":"open","sticky":false,"template":"","format":"standard","meta":{"_links_to":"","_links_to_target":""},"categories":[392],"tags":[65,1109,967,1186,1187,394,447,1137,1178],"yoast_head":"<!-- This site is optimized with the Yoast SEO plugin v20.2.1 - https:\/\/yoast.com\/wordpress\/plugins\/seo\/ -->\n<title>Matilde Carranza - La fil\u00f3sofa activista - Ticas poderosas<\/title>\n<meta name=\"robots\" content=\"index, follow, max-snippet:-1, max-image-preview:large, max-video-preview:-1\" \/>\n<link rel=\"canonical\" href=\"http:\/\/ticaspoderosas.com\/index.php\/matilde-carranza\/\" \/>\n<meta property=\"og:locale\" content=\"es_ES\" \/>\n<meta property=\"og:type\" content=\"article\" \/>\n<meta property=\"og:title\" content=\"Matilde Carranza - La fil\u00f3sofa activista - Ticas poderosas\" \/>\n<meta property=\"og:description\" content=\"Desde peque\u00f1a, Matilde mostr\u00f3 un gran inter\u00e9s por el aprendizaje y la educaci\u00f3n. Creci\u00f3 en una \u00e9poca en la que las oportunidades educativas para las mujeres eran limitadas, pero su familia la apoy\u00f3 en su deseo de estudiar.&nbsp; Durante su infancia, Matilde fue una estudiante destacada, siempre curiosa. Esta pasi\u00f3n por el aprendizaje la llev\u00f3 [&hellip;]\" \/>\n<meta property=\"og:url\" content=\"http:\/\/ticaspoderosas.com\/index.php\/matilde-carranza\/\" \/>\n<meta property=\"og:site_name\" content=\"Ticas poderosas\" \/>\n<meta property=\"article:publisher\" content=\"https:\/\/www.facebook.com\/Ticas-Poderosas-117994322976683\" \/>\n<meta property=\"article:published_time\" content=\"2025-02-01T20:33:05+00:00\" \/>\n<meta property=\"article:modified_time\" content=\"2025-03-03T00:10:59+00:00\" \/>\n<meta property=\"og:image\" content=\"http:\/\/ticaspoderosas.com\/wp-content\/uploads\/2025\/02\/web-Matilde-Carranza-PORTADA.jpg\" \/>\n\t<meta property=\"og:image:width\" content=\"800\" \/>\n\t<meta property=\"og:image:height\" content=\"518\" \/>\n\t<meta property=\"og:image:type\" content=\"image\/jpeg\" \/>\n<meta name=\"author\" content=\"Daniel Zueras\" \/>\n<meta name=\"twitter:card\" content=\"summary_large_image\" \/>\n<script type=\"application\/ld+json\" class=\"yoast-schema-graph\">{\"@context\":\"https:\/\/schema.org\",\"@graph\":[{\"@type\":\"Article\",\"@id\":\"http:\/\/ticaspoderosas.com\/index.php\/matilde-carranza\/#article\",\"isPartOf\":{\"@id\":\"http:\/\/ticaspoderosas.com\/index.php\/matilde-carranza\/\"},\"author\":{\"name\":\"Daniel Zueras\",\"@id\":\"http:\/\/ticaspoderosas.com\/#\/schema\/person\/05764d71e232275bacd288ddf8ac998a\"},\"headline\":\"Matilde Carranza &#8211; La fil\u00f3sofa activista\",\"datePublished\":\"2025-02-01T20:33:05+00:00\",\"dateModified\":\"2025-03-03T00:10:59+00:00\",\"mainEntityOfPage\":{\"@id\":\"http:\/\/ticaspoderosas.com\/index.php\/matilde-carranza\/\"},\"wordCount\":258,\"commentCount\":0,\"publisher\":{\"@id\":\"http:\/\/ticaspoderosas.com\/#organization\"},\"keywords\":[\"Costa Rica\",\"Fil\u00f3sofa\",\"Libro Ticas Poderosas\",\"Matilde Carranza\",\"Montessori\",\"Mujer\",\"Ticas Poderosas\",\"Ticas Poderosas 4\",\"Tinoco\"],\"articleSection\":[\"Entrevistas\"],\"inLanguage\":\"es\",\"potentialAction\":[{\"@type\":\"CommentAction\",\"name\":\"Comment\",\"target\":[\"http:\/\/ticaspoderosas.com\/index.php\/matilde-carranza\/#respond\"]}]},{\"@type\":\"WebPage\",\"@id\":\"http:\/\/ticaspoderosas.com\/index.php\/matilde-carranza\/\",\"url\":\"http:\/\/ticaspoderosas.com\/index.php\/matilde-carranza\/\",\"name\":\"Matilde Carranza - La fil\u00f3sofa activista - Ticas poderosas\",\"isPartOf\":{\"@id\":\"http:\/\/ticaspoderosas.com\/#website\"},\"datePublished\":\"2025-02-01T20:33:05+00:00\",\"dateModified\":\"2025-03-03T00:10:59+00:00\",\"breadcrumb\":{\"@id\":\"http:\/\/ticaspoderosas.com\/index.php\/matilde-carranza\/#breadcrumb\"},\"inLanguage\":\"es\",\"potentialAction\":[{\"@type\":\"ReadAction\",\"target\":[\"http:\/\/ticaspoderosas.com\/index.php\/matilde-carranza\/\"]}]},{\"@type\":\"BreadcrumbList\",\"@id\":\"http:\/\/ticaspoderosas.com\/index.php\/matilde-carranza\/#breadcrumb\",\"itemListElement\":[{\"@type\":\"ListItem\",\"position\":1,\"name\":\"Portada\",\"item\":\"http:\/\/ticaspoderosas.com\/\"},{\"@type\":\"ListItem\",\"position\":2,\"name\":\"Matilde Carranza &#8211; La fil\u00f3sofa activista\"}]},{\"@type\":\"WebSite\",\"@id\":\"http:\/\/ticaspoderosas.com\/#website\",\"url\":\"http:\/\/ticaspoderosas.com\/\",\"name\":\"Ticas Poderosas\",\"description\":\"Plataforma multimedia\",\"publisher\":{\"@id\":\"http:\/\/ticaspoderosas.com\/#organization\"},\"potentialAction\":[{\"@type\":\"SearchAction\",\"target\":{\"@type\":\"EntryPoint\",\"urlTemplate\":\"http:\/\/ticaspoderosas.com\/?s={search_term_string}\"},\"query-input\":\"required name=search_term_string\"}],\"inLanguage\":\"es\"},{\"@type\":\"Organization\",\"@id\":\"http:\/\/ticaspoderosas.com\/#organization\",\"name\":\"Ticas Poderosas\",\"url\":\"http:\/\/ticaspoderosas.com\/\",\"logo\":{\"@type\":\"ImageObject\",\"inLanguage\":\"es\",\"@id\":\"http:\/\/ticaspoderosas.com\/#\/schema\/logo\/image\/\",\"url\":\"http:\/\/ticaspoderosas.com\/wp-content\/uploads\/2016\/09\/ticas.png\",\"contentUrl\":\"http:\/\/ticaspoderosas.com\/wp-content\/uploads\/2016\/09\/ticas.png\",\"width\":180,\"height\":180,\"caption\":\"Ticas Poderosas\"},\"image\":{\"@id\":\"http:\/\/ticaspoderosas.com\/#\/schema\/logo\/image\/\"},\"sameAs\":[\"https:\/\/www.facebook.com\/Ticas-Poderosas-117994322976683\",\"https:\/\/www.instagram.com\/ticaspoderosas\/\"]},{\"@type\":\"Person\",\"@id\":\"http:\/\/ticaspoderosas.com\/#\/schema\/person\/05764d71e232275bacd288ddf8ac998a\",\"name\":\"Daniel Zueras\",\"image\":{\"@type\":\"ImageObject\",\"inLanguage\":\"es\",\"@id\":\"http:\/\/ticaspoderosas.com\/#\/schema\/person\/image\/\",\"url\":\"http:\/\/1.gravatar.com\/avatar\/d7569af2a0c42c7d90d2cbde7849f3d2?s=96&d=mm&r=g\",\"contentUrl\":\"http:\/\/1.gravatar.com\/avatar\/d7569af2a0c42c7d90d2cbde7849f3d2?s=96&d=mm&r=g\",\"caption\":\"Daniel Zueras\"}}]}<\/script>\n<!-- \/ Yoast SEO plugin. -->","yoast_head_json":{"title":"Matilde Carranza - La fil\u00f3sofa activista - Ticas poderosas","robots":{"index":"index","follow":"follow","max-snippet":"max-snippet:-1","max-image-preview":"max-image-preview:large","max-video-preview":"max-video-preview:-1"},"canonical":"http:\/\/ticaspoderosas.com\/index.php\/matilde-carranza\/","og_locale":"es_ES","og_type":"article","og_title":"Matilde Carranza - La fil\u00f3sofa activista - Ticas poderosas","og_description":"Desde peque\u00f1a, Matilde mostr\u00f3 un gran inter\u00e9s por el aprendizaje y la educaci\u00f3n. Creci\u00f3 en una \u00e9poca en la que las oportunidades educativas para las mujeres eran limitadas, pero su familia la apoy\u00f3 en su deseo de estudiar.&nbsp; Durante su infancia, Matilde fue una estudiante destacada, siempre curiosa. Esta pasi\u00f3n por el aprendizaje la llev\u00f3 [&hellip;]","og_url":"http:\/\/ticaspoderosas.com\/index.php\/matilde-carranza\/","og_site_name":"Ticas poderosas","article_publisher":"https:\/\/www.facebook.com\/Ticas-Poderosas-117994322976683","article_published_time":"2025-02-01T20:33:05+00:00","article_modified_time":"2025-03-03T00:10:59+00:00","og_image":[{"width":800,"height":518,"url":"http:\/\/ticaspoderosas.com\/wp-content\/uploads\/2025\/02\/web-Matilde-Carranza-PORTADA.jpg","type":"image\/jpeg"}],"author":"Daniel Zueras","twitter_card":"summary_large_image","schema":{"@context":"https:\/\/schema.org","@graph":[{"@type":"Article","@id":"http:\/\/ticaspoderosas.com\/index.php\/matilde-carranza\/#article","isPartOf":{"@id":"http:\/\/ticaspoderosas.com\/index.php\/matilde-carranza\/"},"author":{"name":"Daniel Zueras","@id":"http:\/\/ticaspoderosas.com\/#\/schema\/person\/05764d71e232275bacd288ddf8ac998a"},"headline":"Matilde Carranza &#8211; La fil\u00f3sofa activista","datePublished":"2025-02-01T20:33:05+00:00","dateModified":"2025-03-03T00:10:59+00:00","mainEntityOfPage":{"@id":"http:\/\/ticaspoderosas.com\/index.php\/matilde-carranza\/"},"wordCount":258,"commentCount":0,"publisher":{"@id":"http:\/\/ticaspoderosas.com\/#organization"},"keywords":["Costa Rica","Fil\u00f3sofa","Libro Ticas Poderosas","Matilde Carranza","Montessori","Mujer","Ticas Poderosas","Ticas Poderosas 4","Tinoco"],"articleSection":["Entrevistas"],"inLanguage":"es","potentialAction":[{"@type":"CommentAction","name":"Comment","target":["http:\/\/ticaspoderosas.com\/index.php\/matilde-carranza\/#respond"]}]},{"@type":"WebPage","@id":"http:\/\/ticaspoderosas.com\/index.php\/matilde-carranza\/","url":"http:\/\/ticaspoderosas.com\/index.php\/matilde-carranza\/","name":"Matilde Carranza - La fil\u00f3sofa activista - Ticas poderosas","isPartOf":{"@id":"http:\/\/ticaspoderosas.com\/#website"},"datePublished":"2025-02-01T20:33:05+00:00","dateModified":"2025-03-03T00:10:59+00:00","breadcrumb":{"@id":"http:\/\/ticaspoderosas.com\/index.php\/matilde-carranza\/#breadcrumb"},"inLanguage":"es","potentialAction":[{"@type":"ReadAction","target":["http:\/\/ticaspoderosas.com\/index.php\/matilde-carranza\/"]}]},{"@type":"BreadcrumbList","@id":"http:\/\/ticaspoderosas.com\/index.php\/matilde-carranza\/#breadcrumb","itemListElement":[{"@type":"ListItem","position":1,"name":"Portada","item":"http:\/\/ticaspoderosas.com\/"},{"@type":"ListItem","position":2,"name":"Matilde Carranza &#8211; La fil\u00f3sofa activista"}]},{"@type":"WebSite","@id":"http:\/\/ticaspoderosas.com\/#website","url":"http:\/\/ticaspoderosas.com\/","name":"Ticas Poderosas","description":"Plataforma multimedia","publisher":{"@id":"http:\/\/ticaspoderosas.com\/#organization"},"potentialAction":[{"@type":"SearchAction","target":{"@type":"EntryPoint","urlTemplate":"http:\/\/ticaspoderosas.com\/?s={search_term_string}"},"query-input":"required name=search_term_string"}],"inLanguage":"es"},{"@type":"Organization","@id":"http:\/\/ticaspoderosas.com\/#organization","name":"Ticas Poderosas","url":"http:\/\/ticaspoderosas.com\/","logo":{"@type":"ImageObject","inLanguage":"es","@id":"http:\/\/ticaspoderosas.com\/#\/schema\/logo\/image\/","url":"http:\/\/ticaspoderosas.com\/wp-content\/uploads\/2016\/09\/ticas.png","contentUrl":"http:\/\/ticaspoderosas.com\/wp-content\/uploads\/2016\/09\/ticas.png","width":180,"height":180,"caption":"Ticas Poderosas"},"image":{"@id":"http:\/\/ticaspoderosas.com\/#\/schema\/logo\/image\/"},"sameAs":["https:\/\/www.facebook.com\/Ticas-Poderosas-117994322976683","https:\/\/www.instagram.com\/ticaspoderosas\/"]},{"@type":"Person","@id":"http:\/\/ticaspoderosas.com\/#\/schema\/person\/05764d71e232275bacd288ddf8ac998a","name":"Daniel Zueras","image":{"@type":"ImageObject","inLanguage":"es","@id":"http:\/\/ticaspoderosas.com\/#\/schema\/person\/image\/","url":"http:\/\/1.gravatar.com\/avatar\/d7569af2a0c42c7d90d2cbde7849f3d2?s=96&d=mm&r=g","contentUrl":"http:\/\/1.gravatar.com\/avatar\/d7569af2a0c42c7d90d2cbde7849f3d2?s=96&d=mm&r=g","caption":"Daniel Zueras"}}]}},"_links":{"self":[{"href":"http:\/\/ticaspoderosas.com\/index.php\/wp-json\/wp\/v2\/posts\/3421"}],"collection":[{"href":"http:\/\/ticaspoderosas.com\/index.php\/wp-json\/wp\/v2\/posts"}],"about":[{"href":"http:\/\/ticaspoderosas.com\/index.php\/wp-json\/wp\/v2\/types\/post"}],"author":[{"embeddable":true,"href":"http:\/\/ticaspoderosas.com\/index.php\/wp-json\/wp\/v2\/users\/14"}],"replies":[{"embeddable":true,"href":"http:\/\/ticaspoderosas.com\/index.php\/wp-json\/wp\/v2\/comments?post=3421"}],"version-history":[{"count":2,"href":"http:\/\/ticaspoderosas.com\/index.php\/wp-json\/wp\/v2\/posts\/3421\/revisions"}],"predecessor-version":[{"id":3473,"href":"http:\/\/ticaspoderosas.com\/index.php\/wp-json\/wp\/v2\/posts\/3421\/revisions\/3473"}],"wp:featuredmedia":[{"embeddable":true,"href":"http:\/\/ticaspoderosas.com\/index.php\/wp-json\/wp\/v2\/media\/3423"}],"wp:attachment":[{"href":"http:\/\/ticaspoderosas.com\/index.php\/wp-json\/wp\/v2\/media?parent=3421"}],"wp:term":[{"taxonomy":"category","embeddable":true,"href":"http:\/\/ticaspoderosas.com\/index.php\/wp-json\/wp\/v2\/categories?post=3421"},{"taxonomy":"post_tag","embeddable":true,"href":"http:\/\/ticaspoderosas.com\/index.php\/wp-json\/wp\/v2\/tags?post=3421"}],"curies":[{"name":"wp","href":"https:\/\/api.w.org\/{rel}","templated":true}]}}